{"id":24317,"date":"2023-07-06T11:48:28","date_gmt":"2023-07-06T14:48:28","guid":{"rendered":"https:\/\/www.infomoney.com.br\/?p=2180655"},"modified":"2023-07-06T11:48:28","modified_gmt":"2023-07-06T14:48:28","slug":"lira-nao-podemos-cravar-o-resultado-da-votacao-da-reforma-mas-expectativas-sao-boas","status":"publish","type":"post","link":"https:\/\/sindaopcpb.org.br\/index.php\/2023\/07\/06\/lira-nao-podemos-cravar-o-resultado-da-votacao-da-reforma-mas-expectativas-sao-boas\/","title":{"rendered":"Lira: \u201cN\u00e3o podemos cravar o resultado da vota\u00e7\u00e3o da reforma, mas expectativas s\u00e3o boas\u201d"},"content":{"rendered":"<p><img loading=\"lazy\" width=\"300\" height=\"225\" src=\"https:\/\/www.infomoney.com.br\/wp-content\/uploads\/2023\/06\/reuniao-arcabouco-fiscal_mcamgo_abr_23052023-16.jpg?fit=300%2C225&amp;quality=70&amp;strip=all\" class=\"attachment-medium size-medium wp-post-image\" alt=\"\" decoding=\"async\" style=\"float:right; margin:0 0 10px 10px;\" srcset=\"https:\/\/www.infomoney.com.br\/wp-content\/uploads\/2023\/06\/reuniao-arcabouco-fiscal_mcamgo_abr_23052023-16.jpg?w=1024&amp;quality=70&amp;strip=all 1024w, https:\/\/www.infomoney.com.br\/wp-content\/uploads\/2023\/06\/reuniao-arcabouco-fiscal_mcamgo_abr_23052023-16.jpg?w=300&amp;quality=70&amp;strip=all 300w, https:\/\/www.infomoney.com.br\/wp-content\/uploads\/2023\/06\/reuniao-arcabouco-fiscal_mcamgo_abr_23052023-16.jpg?w=768&amp;quality=70&amp;strip=all 768w, https:\/\/www.infomoney.com.br\/wp-content\/uploads\/2023\/06\/reuniao-arcabouco-fiscal_mcamgo_abr_23052023-16.jpg?w=150&amp;quality=70&amp;strip=all 150w\" sizes=\"auto, (max-width: 300px) 100vw, 300px\" data-attachment-id=\"2166521\" data-permalink=\"https:\/\/www.infomoney.com.br\/politica\/lira-quer-votar-arcabouco-carf-e-reforma-tributaria-a-partir-de-julho\/attachment\/reuniao-arcabouco-fiscal_mcamgo_abr_23052023-16\/\" data-orig-file=\"https:\/\/www.infomoney.com.br\/wp-content\/uploads\/2023\/06\/reuniao-arcabouco-fiscal_mcamgo_abr_23052023-16.jpg?fit=1024%2C768&amp;quality=70&amp;strip=all\" data-orig-size=\"1024,768\" data-comments-opened=\"0\" data-image-meta=\"{&quot;aperture&quot;:&quot;2.8&quot;,&quot;credit&quot;:&quot;Marcelo Camargo\\\/Ag\\u00eancia Brasil&quot;,&quot;camera&quot;:&quot;Canon EOS-1D X&quot;,&quot;caption&quot;:&quot;Bras\\u00edlia (DF), 23\\\/05\\\/2023 - O ministro da Fazenda, Fernando Haddad, e os presidentes da C\\u00e2mara, Arthur Lira, e do Senado, Rodrigo Pacheco, durante entrevista ap\\u00f3s reuni\\u00e3o na resid\\u00eancia oficial da presid\\u00eancia do Senado. Foto: Marcelo Camargo\\\/Ag\\u00eancia Brasil&quot;,&quot;created_timestamp&quot;:&quot;1684849128&quot;,&quot;copyright&quot;:&quot;Ag\\u00eancia Brasil\\\/EBC&quot;,&quot;focal_length&quot;:&quot;130&quot;,&quot;iso&quot;:&quot;2000&quot;,&quot;shutter_speed&quot;:&quot;0.003125&quot;,&quot;title&quot;:&quot;&quot;,&quot;orientation&quot;:&quot;0&quot;}\" data-image-title=\"reuniao-arcabouco-fiscal_mcamgo_abr_23052023-16\" data-image-description=\"\" data-image-caption=\"&lt;p&gt;Bras\u00edlia (DF), 23\/05\/2023 &#8211; O ministro da Fazenda, Fernando Haddad, e os presidentes da C\u00e2mara, Arthur Lira, e do Senado, Rodrigo Pacheco, durante entrevista ap\u00f3s reuni\u00e3o na resid\u00eancia oficial da presid\u00eancia do Senado. Foto: Marcelo Camargo\/Ag\u00eancia Brasil&lt;\/p&gt;\n\" data-medium-file=\"https:\/\/www.infomoney.com.br\/wp-content\/uploads\/2023\/06\/reuniao-arcabouco-fiscal_mcamgo_abr_23052023-16.jpg?fit=300%2C225&amp;quality=70&amp;strip=all\" data-large-file=\"https:\/\/www.infomoney.com.br\/wp-content\/uploads\/2023\/06\/reuniao-arcabouco-fiscal_mcamgo_abr_23052023-16.jpg?fit=1024%2C768&amp;quality=70&amp;strip=all\" title=\"\"><\/p>\n<p>O presidente da C\u00e2mara dos Deputados, Arthur Lira (PP-AL), afirmou que as negocia\u00e7\u00f5es para constru\u00e7\u00e3o de um texto de consenso sobre a reforma tribut\u00e1ria (PEC 45\/19) continuam ao longo do dia e ressaltou que as expectativas para a aprova\u00e7\u00e3o da reforma s\u00e3o boas. Lira deu a declara\u00e7\u00e3o na manh\u00e3 desta quinta-feira (6) em entrevista \u00e0 BandNews TV.<\/p>\n<p>Segundo o presidente, o di\u00e1logo permanece aberto com todos os setores envolvidos, governadores, prefeitos e confedera\u00e7\u00f5es. Ele mant\u00e9m a expectativa de come\u00e7ar a votar a proposta a partir das 18 horas de hoje.\u00a0\u201c\u00c9 a primeira reforma [tribut\u00e1ria] ap\u00f3s a redemocratiza\u00e7\u00e3o, n\u00e3o \u00e9 uma pauta do Executivo, Legislativo ou Judici\u00e1rio, \u00e9 uma pauta do Pa\u00eds\u201d, destacou.<\/p>\n<p>De acordo com Lira, ao longo do dia, o texto ainda poder\u00e1 sofrer altera\u00e7\u00f5es para alcan\u00e7ar a maioria esperada. Por se tratar de uma proposta de emenda \u00e0 Constitui\u00e7\u00e3o, s\u00e3o necess\u00e1rios, no m\u00ednimo, 308 votos favor\u00e1veis em dois turnos de vota\u00e7\u00e3o.<\/p>\n<h2><strong>Votos da oposi\u00e7\u00e3o<\/strong><\/h2>\n<p>Lira espera apoio da maioria dos partidos para aprovar a proposta, incluindo os da oposi\u00e7\u00e3o. Ele disse que est\u00e1 conversando, inclusive, para que o PL, maior bancada da C\u00e2mara e oposi\u00e7\u00e3o ao Planalto, n\u00e3o feche quest\u00e3o contr\u00e1ria ao texto.\u00a0Ele quer que os partidos se atenham aos aspectos t\u00e9cnicos da reforma. \u201cN\u00e3o \u00e9 recomend\u00e1vel que nenhum partido se coloque contra a reforma\u201d, disse Lira.<\/p>\n<p>\u201cTemos que diminuir a temperatura [pol\u00edtica]. Essa PEC nasceu no Congresso Nacional, j\u00e1 estamos desde 2019 discutindo essa PEC. N\u00f3s tivemos muitos esfor\u00e7os para chegar nos dias de hoje, e acho injusto uma politiza\u00e7\u00e3o de radicaliza\u00e7\u00e3o neste momento\u201d, ponderou o presidente da C\u00e2mara.<\/p>\n<p>Ele citou como exemplo o governo de S\u00e3o Paulo, um dos estados que sempre se posicionou contra a reforma tribut\u00e1ria ao longo dos anos e que mudou de opini\u00e3o. Segundo Lira, as negocia\u00e7\u00f5es em torno da forma\u00e7\u00e3o do conselho federativo est\u00e3o avan\u00e7ando, o que vai trazer o apoio do estado ao texto.<\/p>\n<p>The post <a rel=\"nofollow noopener\" href=\"https:\/\/www.infomoney.com.br\/politica\/lira-nao-podemos-cravar-o-resultado-da-votacao-da-reforma-mas-expectativas-sao-boas\/\" target=\"_blank\">Lira: &#8220;N\u00e3o podemos cravar o resultado da vota\u00e7\u00e3o da reforma, mas expectativas s\u00e3o boas&#8221;<\/a> appeared first on <a rel=\"nofollow noopener\" href=\"https:\/\/www.infomoney.com.br\/\" target=\"_blank\">InfoMoney<\/a>.<\/p>\n","protected":false},"excerpt":{"rendered":"<p><img loading=\"lazy\" decoding=\"async\" width=\"300\" height=\"225\" src=\"https:\/\/www.infomoney.com.br\/wp-content\/uploads\/2023\/06\/reuniao-arcabouco-fiscal_mcamgo_abr_23052023-16.jpg?fit=300%2C225&amp;quality=70&amp;strip=all\" class=\"attachment-medium size-medium wp-post-image\" alt=\"\" data-attachment-id=\"2166521\" data-permalink=\"https:\/\/www.infomoney.com.br\/politica\/lira-quer-votar-arcabouco-carf-e-reforma-tributaria-a-partir-de-julho\/attachment\/reuniao-arcabouco-fiscal_mcamgo_abr_23052023-16\/\" data-orig-file=\"https:\/\/www.infomoney.com.br\/wp-content\/uploads\/2023\/06\/reuniao-arcabouco-fiscal_mcamgo_abr_23052023-16.jpg?fit=1024%2C768&amp;quality=70&amp;strip=all\" data-orig-size=\"1024,768\" data-comments-opened=\"0\" data-image-meta='{\"aperture\":\"2.8\",\"credit\":\"Marcelo Camargo\\\/Ag\\u00eancia Brasil\",\"camera\":\"Canon EOS-1D X\",\"caption\":\"Bras\\u00edlia (DF), 23\\\/05\\\/2023 - O ministro da Fazenda, Fernando Haddad, e os presidentes da C\\u00e2mara, Arthur Lira, e do Senado, Rodrigo Pacheco, durante entrevista ap\\u00f3s reuni\\u00e3o na resid\\u00eancia oficial da presid\\u00eancia do Senado. Foto: Marcelo Camargo\\\/Ag\\u00eancia Brasil\",\"created_timestamp\":\"1684849128\",\"copyright\":\"Ag\\u00eancia Brasil\\\/EBC\",\"focal_length\":\"130\",\"iso\":\"2000\",\"shutter_speed\":\"0.003125\",\"title\":\"\",\"orientation\":\"0\"}' data-image-title=\"reuniao-arcabouco-fiscal_mcamgo_abr_23052023-16\" data-image-description=\"\" data-image-caption=\"&lt;p&gt;Bras\u00edlia (DF), 23\/05\/2023 \u2013 O ministro da Fazenda, Fernando Haddad, e os presidentes da C\u00e2mara, Arthur Lira, e do Senado, Rodrigo Pacheco, durante entrevista ap\u00f3s reuni\u00e3o na resid\u00eancia oficial da presid\u00eancia do Senado. Foto: Marcelo Camargo\/Ag\u00eancia Brasil&lt;\/p&gt;\n\" data-medium-file=\"https:\/\/www.infomoney.com.br\/wp-content\/uploads\/2023\/06\/reuniao-arcabouco-fiscal_mcamgo_abr_23052023-16.jpg?fit=300%2C225&amp;quality=70&amp;strip=all\" data-large-file=\"https:\/\/www.infomoney.com.br\/wp-content\/uploads\/2023\/06\/reuniao-arcabouco-fiscal_mcamgo_abr_23052023-16.jpg?fit=1024%2C768&amp;quality=70&amp;strip=all\">Presidente da C\u00e2mara espera apoio da maioria dos partidos para aprovar a reforma tribut\u00e1ria, incluindo os da oposi\u00e7\u00e3o<\/p>\n<p>The post <a rel=\"nofollow\" href=\"https:\/\/www.infomoney.com.br\/politica\/lira-nao-podemos-cravar-o-resultado-da-votacao-da-reforma-mas-expectativas-sao-boas\/\">Lira: \u201cN\u00e3o podemos cravar o resultado da vota\u00e7\u00e3o da reforma, mas expectativas s\u00e3o boas\u201d<\/a> appeared first on <a rel=\"nofollow\" href=\"https:\/\/www.infomoney.com.br\/\">InfoMoney<\/a>.<\/p>\n","protected":false},"author":47,"featured_media":0,"comment_status":"closed","ping_status":"closed","sticky":false,"template":"","format":"standard","meta":{"advgb_blocks_editor_width":"","advgb_blocks_columns_visual_guide":"","footnotes":""},"categories":[275,276,34,556,47,191],"tags":[35],"class_list":["post-24317","post","type-post","status-publish","format-standard","hentry","category-arthur-lira","category-camara-dos-deputados","category-g1","category-impostos","category-politica","category-reforma-tributaria","tag-g1"],"author_meta":{"display_name":"luispereira","author_link":"https:\/\/sindaopcpb.org.br\/author\/luispereira\/"},"featured_img":null,"coauthors":[],"tax_additional":{"categories":{"linked":["<a href=\"https:\/\/sindaopcpb.org.br\/arthur-lira\/\" class=\"advgb-post-tax-term\">Arthur Lira<\/a>","<a href=\"https:\/\/sindaopcpb.org.br\/camara-dos-deputados\/\" class=\"advgb-post-tax-term\">C\u00e2mara dos Deputados<\/a>","<a href=\"https:\/\/sindaopcpb.org.br\/g1\/\" class=\"advgb-post-tax-term\">G1<\/a>","<a href=\"https:\/\/sindaopcpb.org.br\/impostos\/\" class=\"advgb-post-tax-term\">Impostos<\/a>","<a href=\"https:\/\/sindaopcpb.org.br\/politica\/\" class=\"advgb-post-tax-term\">POLITICA<\/a>","<a href=\"https:\/\/sindaopcpb.org.br\/reforma-tributaria\/\" class=\"advgb-post-tax-term\">reforma tribut\u00e1ria<\/a>"],"unlinked":["<span class=\"advgb-post-tax-term\">Arthur Lira<\/span>","<span class=\"advgb-post-tax-term\">C\u00e2mara dos Deputados<\/span>","<span class=\"advgb-post-tax-term\">G1<\/span>","<span class=\"advgb-post-tax-term\">Impostos<\/span>","<span class=\"advgb-post-tax-term\">POLITICA<\/span>","<span class=\"advgb-post-tax-term\">reforma tribut\u00e1ria<\/span>"]},"tags":{"linked":["<a href=\"https:\/\/sindaopcpb.org.br\/reforma-tributaria\/\" class=\"advgb-post-tax-term\">g1<\/a>"],"unlinked":["<span class=\"advgb-post-tax-term\">g1<\/span>"]}},"comment_count":"0","relative_dates":{"created":"Publicado 3 anos atr\u00e1s","modified":"Atualizado 3 anos atr\u00e1s"},"absolute_dates":{"created":"Publicado em 6 de julho de 2023","modified":"Atualizado em 6 de julho de 2023"},"absolute_dates_time":{"created":"Publicado em 6 de julho de 2023 11:48","modified":"Atualizado em 6 de julho de 2023 11:48"},"featured_img_caption":"","series_order":"","_links":{"self":[{"href":"https:\/\/sindaopcpb.org.br\/index.php\/wp-json\/wp\/v2\/posts\/24317","targetHints":{"allow":["GET"]}}],"collection":[{"href":"https:\/\/sindaopcpb.org.br\/index.php\/wp-json\/wp\/v2\/posts"}],"about":[{"href":"https:\/\/sindaopcpb.org.br\/index.php\/wp-json\/wp\/v2\/types\/post"}],"author":[{"embeddable":true,"href":"https:\/\/sindaopcpb.org.br\/index.php\/wp-json\/wp\/v2\/users\/47"}],"replies":[{"embeddable":true,"href":"https:\/\/sindaopcpb.org.br\/index.php\/wp-json\/wp\/v2\/comments?post=24317"}],"version-history":[{"count":1,"href":"https:\/\/sindaopcpb.org.br\/index.php\/wp-json\/wp\/v2\/posts\/24317\/revisions"}],"predecessor-version":[{"id":24318,"href":"https:\/\/sindaopcpb.org.br\/index.php\/wp-json\/wp\/v2\/posts\/24317\/revisions\/24318"}],"wp:attachment":[{"href":"https:\/\/sindaopcpb.org.br\/index.php\/wp-json\/wp\/v2\/media?parent=24317"}],"wp:term":[{"taxonomy":"category","embeddable":true,"href":"https:\/\/sindaopcpb.org.br\/index.php\/wp-json\/wp\/v2\/categories?post=24317"},{"taxonomy":"post_tag","embeddable":true,"href":"https:\/\/sindaopcpb.org.br\/index.php\/wp-json\/wp\/v2\/tags?post=24317"}],"curies":[{"name":"wp","href":"https:\/\/api.w.org\/{rel}","templated":true}]}}