{"id":24304,"date":"2023-07-06T10:26:00","date_gmt":"2023-07-06T13:26:00","guid":{"rendered":"https:\/\/www.infomoney.com.br\/?p=2180227"},"modified":"2023-07-06T10:26:00","modified_gmt":"2023-07-06T13:26:00","slug":"lira-diz-que-honrara-acordo-com-tarcisio-sobre-conselho-federativo","status":"publish","type":"post","link":"https:\/\/sindaopcpb.org.br\/index.php\/2023\/07\/06\/lira-diz-que-honrara-acordo-com-tarcisio-sobre-conselho-federativo\/","title":{"rendered":"Lira diz que honrar\u00e1 acordo com Tarc\u00edsio sobre Conselho Federativo"},"content":{"rendered":"<p><img loading=\"lazy\" width=\"300\" height=\"200\" src=\"https:\/\/www.infomoney.com.br\/wp-content\/uploads\/2022\/07\/img20220621184844363MED-1.jpg?fit=300%2C200&amp;quality=70&amp;strip=all\" class=\"attachment-medium size-medium wp-post-image\" alt=\"\" decoding=\"async\" style=\"float:right; margin:0 0 10px 10px;\" srcset=\"https:\/\/www.infomoney.com.br\/wp-content\/uploads\/2022\/07\/img20220621184844363MED-1.jpg?w=1000&amp;quality=70&amp;strip=all 1000w, https:\/\/www.infomoney.com.br\/wp-content\/uploads\/2022\/07\/img20220621184844363MED-1.jpg?w=300&amp;quality=70&amp;strip=all 300w, https:\/\/www.infomoney.com.br\/wp-content\/uploads\/2022\/07\/img20220621184844363MED-1.jpg?w=768&amp;quality=70&amp;strip=all 768w, https:\/\/www.infomoney.com.br\/wp-content\/uploads\/2022\/07\/img20220621184844363MED-1.jpg?w=150&amp;quality=70&amp;strip=all 150w\" sizes=\"auto, (max-width: 300px) 100vw, 300px\" data-attachment-id=\"1883904\" data-permalink=\"https:\/\/www.infomoney.com.br\/politica\/pec-dos-auxilios-ganha-tramitacao-especial-para-passar-na-camara-antes-do-recesso\/attachment\/img20220621184844363med-1\/\" data-orig-file=\"https:\/\/www.infomoney.com.br\/wp-content\/uploads\/2022\/07\/img20220621184844363MED-1.jpg?fit=1000%2C667&amp;quality=70&amp;strip=all\" data-orig-size=\"1000,667\" data-comments-opened=\"1\" data-image-meta=\"{&quot;aperture&quot;:&quot;0&quot;,&quot;credit&quot;:&quot;&quot;,&quot;camera&quot;:&quot;&quot;,&quot;caption&quot;:&quot;&quot;,&quot;created_timestamp&quot;:&quot;0&quot;,&quot;copyright&quot;:&quot;&quot;,&quot;focal_length&quot;:&quot;0&quot;,&quot;iso&quot;:&quot;0&quot;,&quot;shutter_speed&quot;:&quot;0&quot;,&quot;title&quot;:&quot;&quot;,&quot;orientation&quot;:&quot;0&quot;}\" data-image-title=\"Arthur Lira\" data-image-description=\"\" data-image-caption=\"&lt;p&gt;O presidente da C\u00e2mara dos Deputados, Arthur Lira (PP-AL), durante sess\u00e3o plen\u00e1ria (Marina Ramos\/C\u00e2mara dos Deputados).&lt;\/p&gt;\n\" data-medium-file=\"https:\/\/www.infomoney.com.br\/wp-content\/uploads\/2022\/07\/img20220621184844363MED-1.jpg?fit=300%2C200&amp;quality=70&amp;strip=all\" data-large-file=\"https:\/\/www.infomoney.com.br\/wp-content\/uploads\/2022\/07\/img20220621184844363MED-1.jpg?fit=1000%2C667&amp;quality=70&amp;strip=all\" title=\"\"><\/p>\n<p>O presidente da C\u00e2mara, Arthur Lira (PP-AL), afirmou, no final da noite desta quarta-feira, 5, que honrar\u00e1 no relat\u00f3rio da reforma tribut\u00e1ria o acordo estabelecido com o governador de S\u00e3o Paulo, Tarc\u00edsio de Freitas (Republicanos), sobre mudan\u00e7as na composi\u00e7\u00e3o do Conselho Federativo. Ele refor\u00e7ou que quest\u00f5es sobre o Fundo de Desenvolvimento Regional (FDR) tamb\u00e9m passar\u00e3o por modifica\u00e7\u00f5es.<\/p>\n<p>&#8220;Eu queria ratificar que o texto lido \u00e9 o relat\u00f3rio publicado na \u00faltima vers\u00e3o preliminar, que n\u00f3s vamos no dia de amanh\u00e3 (quinta-feira), principalmente na parte da manh\u00e3, honrar os acordos que foram feitos com o acordo do Conselho Federativo, acordo constru\u00eddo pelo governador Tarc\u00edsio de S\u00e3o Paulo, com os outros governadores, o relator (Aguinaldo Ribeiro) e a Economia (equipe econ\u00f4mica) para dar o car\u00e1ter de transpar\u00eancia, de governan\u00e7a, de \u00f3rg\u00e3o de Estado&#8221;, disse Lira durante sess\u00e3o de debate da reforma em plen\u00e1rio.<\/p>\n<p>Ele tamb\u00e9m ressaltou que haver\u00e1 mudan\u00e7as no FDR. &#8220;Para que fique claro: esse texto ser\u00e1 alterado. Ser\u00e1 discutido e alterado o texto do Fundo de Desenvolvimento Regional&#8221;, disse. O novo relat\u00f3rio da reforma tribut\u00e1ria foi divulgado nesta quarta-feira pelo deputado Aguinaldo Ribeiro (PP-PB).<\/p>\n<p>O texto, no entanto, deixou de fora do parecer ajustes pedidos por Estados sobre atribui\u00e7\u00f5es e configura\u00e7\u00f5es do Conselho Federativo &#8211; \u00f3rg\u00e3o que ser\u00e1 o respons\u00e1vel pela arrecada\u00e7\u00e3o do novo Imposto sobre Bens e Servi\u00e7os (IBS) -, assim como a divis\u00e3o dos recursos do Fundo de Desenvolvimento Regional (FDR), bancados pela Uni\u00e3o e que buscam compensar Estados e munic\u00edpios com o fim da chamada guerra fiscal no Pa\u00eds.<\/p>\n<p><strong>Leia Mais:<\/strong><br \/><a href=\"https:\/\/www.infomoney.com.br\/politica\/reforma-tributaria-novo-parecer-tem-cesta-basica-nacional-e-nova-regra-de-transicao-veja-o-que-mudou\/\" rel=\"nofollow noopener\" target=\"_blank\">Reforma tribut\u00e1ria: novo parecer tem \u2018cesta b\u00e1sica nacional\u2019 e nova regra de transi\u00e7\u00e3o; veja o que mudou<\/a><\/p>\n<p>Pela proposta original do relator, o Conselho, respons\u00e1vel por centralizar, gerir e distribuir entre os Estados e os munic\u00edpios a arrecada\u00e7\u00e3o do Imposto IBS &#8211; que, com a reforma, vai substituir o ICMS (estadual) e o ISS (municipal) -, seria formado por 26 representantes de munic\u00edpios e 26 representantes de Estados mais o Distrito Federal.<\/p>\n<p>Estados como S\u00e3o Paulo criticaram a forma de composi\u00e7\u00e3o e defenderam que o \u00f3rg\u00e3o levasse em conta o tamanho da popula\u00e7\u00e3o, o que desagradou Estados do Norte e Nordeste. As atribui\u00e7\u00f5es do Conselho de centralizar a arrecada\u00e7\u00e3o e a gest\u00e3o dos tributos tamb\u00e9m foram alvo de ataques, j\u00e1 que alguns entes entenderam que a proposta tira autonomia dos Estados e gera uma concentra\u00e7\u00e3o de poder excessiva no \u00f3rg\u00e3o.<\/p>\n<p>A divis\u00e3o dos recursos do FDR tamb\u00e9m gerou diverg\u00eancias. Enquanto Estados como S\u00e3o Paulo defendem a reparti\u00e7\u00e3o dos recursos com base no n\u00famero de benefici\u00e1rios de programas sociais, outros governadores avaliam que o principal crit\u00e9rio deva ser o PIB invertido (por meio do qual Estados mais pobres ganham mais recursos).<\/p>\n<p>The post <a rel=\"nofollow noopener\" href=\"https:\/\/www.infomoney.com.br\/politica\/lira-diz-que-honrara-acordo-com-tarcisio-sobre-conselho-federativo\/\" target=\"_blank\">Lira diz que honrar\u00e1 acordo com Tarc\u00edsio sobre Conselho Federativo<\/a> appeared first on <a rel=\"nofollow noopener\" href=\"https:\/\/www.infomoney.com.br\/\" target=\"_blank\">InfoMoney<\/a>.<\/p>\n","protected":false},"excerpt":{"rendered":"<p><img loading=\"lazy\" decoding=\"async\" width=\"300\" height=\"200\" src=\"https:\/\/www.infomoney.com.br\/wp-content\/uploads\/2022\/07\/img20220621184844363MED-1.jpg?fit=300%2C200&amp;quality=70&amp;strip=all\" class=\"attachment-medium size-medium wp-post-image\" alt=\"\" data-attachment-id=\"1883904\" data-permalink=\"https:\/\/www.infomoney.com.br\/politica\/pec-dos-auxilios-ganha-tramitacao-especial-para-passar-na-camara-antes-do-recesso\/attachment\/img20220621184844363med-1\/\" data-orig-file=\"https:\/\/www.infomoney.com.br\/wp-content\/uploads\/2022\/07\/img20220621184844363MED-1.jpg?fit=1000%2C667&amp;quality=70&amp;strip=all\" data-orig-size=\"1000,667\" data-comments-opened=\"1\" data-image-meta='{\"aperture\":\"0\",\"credit\":\"\",\"camera\":\"\",\"caption\":\"\",\"created_timestamp\":\"0\",\"copyright\":\"\",\"focal_length\":\"0\",\"iso\":\"0\",\"shutter_speed\":\"0\",\"title\":\"\",\"orientation\":\"0\"}' data-image-title=\"Arthur Lira\" data-image-description=\"\" data-image-caption=\"&lt;p&gt;O presidente da C\u00e2mara dos Deputados, Arthur Lira (PP-AL), durante sess\u00e3o plen\u00e1ria (Marina Ramos\/C\u00e2mara dos Deputados).&lt;\/p&gt;\n\" data-medium-file=\"https:\/\/www.infomoney.com.br\/wp-content\/uploads\/2022\/07\/img20220621184844363MED-1.jpg?fit=300%2C200&amp;quality=70&amp;strip=all\" data-large-file=\"https:\/\/www.infomoney.com.br\/wp-content\/uploads\/2022\/07\/img20220621184844363MED-1.jpg?fit=1000%2C667&amp;quality=70&amp;strip=all\">Presidente da C\u00e2mara dos Deputados tamb\u00e9m ressaltou que haver\u00e1 mudan\u00e7as no Fundo de Desenvolvimento Regional<\/p>\n<p>The post <a rel=\"nofollow\" href=\"https:\/\/www.infomoney.com.br\/politica\/lira-diz-que-honrara-acordo-com-tarcisio-sobre-conselho-federativo\/\">Lira diz que honrar\u00e1 acordo com Tarc\u00edsio sobre Conselho Federativo<\/a> appeared first on <a rel=\"nofollow\" href=\"https:\/\/www.infomoney.com.br\/\">InfoMoney<\/a>.<\/p>\n","protected":false},"author":43,"featured_media":0,"comment_status":"closed","ping_status":"closed","sticky":false,"template":"","format":"standard","meta":{"advgb_blocks_editor_width":"","advgb_blocks_columns_visual_guide":"","footnotes":""},"categories":[275,4293,34,556,47,191,367],"tags":[35],"class_list":["post-24304","post","type-post","status-publish","format-standard","hentry","category-arthur-lira","category-estados","category-g1","category-impostos","category-politica","category-reforma-tributaria","category-tarcisio-de-freitas","tag-g1"],"author_meta":{"display_name":"Estad\u00e3o Conte\u00fado","author_link":"https:\/\/sindaopcpb.org.br\/author\/estadao-conteudo\/"},"featured_img":null,"coauthors":[],"tax_additional":{"categories":{"linked":["<a href=\"https:\/\/sindaopcpb.org.br\/arthur-lira\/\" class=\"advgb-post-tax-term\">Arthur Lira<\/a>","<a href=\"https:\/\/sindaopcpb.org.br\/estados\/\" class=\"advgb-post-tax-term\">Estados<\/a>","<a href=\"https:\/\/sindaopcpb.org.br\/g1\/\" class=\"advgb-post-tax-term\">G1<\/a>","<a href=\"https:\/\/sindaopcpb.org.br\/impostos\/\" class=\"advgb-post-tax-term\">Impostos<\/a>","<a href=\"https:\/\/sindaopcpb.org.br\/politica\/\" class=\"advgb-post-tax-term\">POLITICA<\/a>","<a href=\"https:\/\/sindaopcpb.org.br\/reforma-tributaria\/\" class=\"advgb-post-tax-term\">reforma tribut\u00e1ria<\/a>","<a href=\"https:\/\/sindaopcpb.org.br\/tarcisio-de-freitas\/\" class=\"advgb-post-tax-term\">Tarc\u00edsio de Freitas<\/a>"],"unlinked":["<span class=\"advgb-post-tax-term\">Arthur Lira<\/span>","<span class=\"advgb-post-tax-term\">Estados<\/span>","<span class=\"advgb-post-tax-term\">G1<\/span>","<span class=\"advgb-post-tax-term\">Impostos<\/span>","<span class=\"advgb-post-tax-term\">POLITICA<\/span>","<span class=\"advgb-post-tax-term\">reforma tribut\u00e1ria<\/span>","<span class=\"advgb-post-tax-term\">Tarc\u00edsio de Freitas<\/span>"]},"tags":{"linked":["<a href=\"https:\/\/sindaopcpb.org.br\/tarcisio-de-freitas\/\" class=\"advgb-post-tax-term\">g1<\/a>"],"unlinked":["<span class=\"advgb-post-tax-term\">g1<\/span>"]}},"comment_count":"0","relative_dates":{"created":"Publicado 3 anos atr\u00e1s","modified":"Atualizado 3 anos atr\u00e1s"},"absolute_dates":{"created":"Publicado em 6 de julho de 2023","modified":"Atualizado em 6 de julho de 2023"},"absolute_dates_time":{"created":"Publicado em 6 de julho de 2023 10:26","modified":"Atualizado em 6 de julho de 2023 10:26"},"featured_img_caption":"","series_order":"","_links":{"self":[{"href":"https:\/\/sindaopcpb.org.br\/index.php\/wp-json\/wp\/v2\/posts\/24304","targetHints":{"allow":["GET"]}}],"collection":[{"href":"https:\/\/sindaopcpb.org.br\/index.php\/wp-json\/wp\/v2\/posts"}],"about":[{"href":"https:\/\/sindaopcpb.org.br\/index.php\/wp-json\/wp\/v2\/types\/post"}],"author":[{"embeddable":true,"href":"https:\/\/sindaopcpb.org.br\/index.php\/wp-json\/wp\/v2\/users\/43"}],"replies":[{"embeddable":true,"href":"https:\/\/sindaopcpb.org.br\/index.php\/wp-json\/wp\/v2\/comments?post=24304"}],"version-history":[{"count":1,"href":"https:\/\/sindaopcpb.org.br\/index.php\/wp-json\/wp\/v2\/posts\/24304\/revisions"}],"predecessor-version":[{"id":24305,"href":"https:\/\/sindaopcpb.org.br\/index.php\/wp-json\/wp\/v2\/posts\/24304\/revisions\/24305"}],"wp:attachment":[{"href":"https:\/\/sindaopcpb.org.br\/index.php\/wp-json\/wp\/v2\/media?parent=24304"}],"wp:term":[{"taxonomy":"category","embeddable":true,"href":"https:\/\/sindaopcpb.org.br\/index.php\/wp-json\/wp\/v2\/categories?post=24304"},{"taxonomy":"post_tag","embeddable":true,"href":"https:\/\/sindaopcpb.org.br\/index.php\/wp-json\/wp\/v2\/tags?post=24304"}],"curies":[{"name":"wp","href":"https:\/\/api.w.org\/{rel}","templated":true}]}}