{"id":24302,"date":"2023-07-06T10:32:00","date_gmt":"2023-07-06T13:32:00","guid":{"rendered":"https:\/\/www.infomoney.com.br\/?p=2180228"},"modified":"2023-07-06T10:32:00","modified_gmt":"2023-07-06T13:32:00","slug":"lira-quer-iniciar-votacao-da-reforma-tributaria-nesta-quinta-feira-por-volta-das-18h","status":"publish","type":"post","link":"https:\/\/sindaopcpb.org.br\/index.php\/2023\/07\/06\/lira-quer-iniciar-votacao-da-reforma-tributaria-nesta-quinta-feira-por-volta-das-18h\/","title":{"rendered":"Lira quer iniciar vota\u00e7\u00e3o da reforma tribut\u00e1ria nesta quinta-feira por volta das 18h"},"content":{"rendered":"<p><img loading=\"lazy\" width=\"300\" height=\"200\" src=\"https:\/\/www.infomoney.com.br\/wp-content\/uploads\/2023\/05\/img20230517175627214MED.jpg?fit=300%2C200&amp;quality=70&amp;strip=all\" class=\"attachment-medium size-medium wp-post-image\" alt=\"\" decoding=\"async\" style=\"float:right; margin:0 0 10px 10px;\" srcset=\"https:\/\/www.infomoney.com.br\/wp-content\/uploads\/2023\/05\/img20230517175627214MED.jpg?w=1000&amp;quality=70&amp;strip=all 1000w, https:\/\/www.infomoney.com.br\/wp-content\/uploads\/2023\/05\/img20230517175627214MED.jpg?w=300&amp;quality=70&amp;strip=all 300w, https:\/\/www.infomoney.com.br\/wp-content\/uploads\/2023\/05\/img20230517175627214MED.jpg?w=768&amp;quality=70&amp;strip=all 768w, https:\/\/www.infomoney.com.br\/wp-content\/uploads\/2023\/05\/img20230517175627214MED.jpg?w=150&amp;quality=70&amp;strip=all 150w\" sizes=\"auto, (max-width: 300px) 100vw, 300px\" data-attachment-id=\"2138038\" data-permalink=\"https:\/\/www.infomoney.com.br\/politica\/pl-de-bolsonaro-entregou-29-votos-para-urgencia-do-arcabouco-fiscal-uniao-brasil-com-ministerios-no-governo-teve-11-votos-contrarios\/attachment\/img20230517175627214med\/\" data-orig-file=\"https:\/\/www.infomoney.com.br\/wp-content\/uploads\/2023\/05\/img20230517175627214MED.jpg?fit=1000%2C667&amp;quality=70&amp;strip=all\" data-orig-size=\"1000,667\" data-comments-opened=\"0\" data-image-meta=\"{&quot;aperture&quot;:&quot;0&quot;,&quot;credit&quot;:&quot;&quot;,&quot;camera&quot;:&quot;&quot;,&quot;caption&quot;:&quot;&quot;,&quot;created_timestamp&quot;:&quot;0&quot;,&quot;copyright&quot;:&quot;&quot;,&quot;focal_length&quot;:&quot;0&quot;,&quot;iso&quot;:&quot;0&quot;,&quot;shutter_speed&quot;:&quot;0&quot;,&quot;title&quot;:&quot;&quot;,&quot;orientation&quot;:&quot;0&quot;}\" data-image-title=\"C\u00e2mara dos Deputados\" data-image-description=\"\" data-image-caption=\"&lt;p&gt;O plen\u00e1rio da C\u00e2mara dos Deputados durante sess\u00e3o deliberativa extraordin\u00e1ria (Foto: Zeca Ribeiro\/C\u00e2mara dos Deputados)&lt;\/p&gt;\n\" data-medium-file=\"https:\/\/www.infomoney.com.br\/wp-content\/uploads\/2023\/05\/img20230517175627214MED.jpg?fit=300%2C200&amp;quality=70&amp;strip=all\" data-large-file=\"https:\/\/www.infomoney.com.br\/wp-content\/uploads\/2023\/05\/img20230517175627214MED.jpg?fit=1000%2C667&amp;quality=70&amp;strip=all\" title=\"\"><\/p>\n<p>O presidente da C\u00e2mara, Arthur Lira (PP-AL), afirmou no final da noite desta quarta-feira, 5, que iniciar\u00e1 nesta quinta-feira, 6, por volta das 18h, a vota\u00e7\u00e3o em primeiro turno da Proposta de Emenda \u00e0 Constitui\u00e7\u00e3o (PEC) da reforma tribut\u00e1ria em plen\u00e1rio da Casa. \u00c0s 11 horas, ser\u00e1 aberta uma sess\u00e3o para dar continuidade \u00e0s discuss\u00f5es sobre a mat\u00e9ria.<\/p>\n<p>&#8220;Espero que tenha sido e seja tempo suficiente para finalizar as conversas e a gente ter o texto definitivo para ir para a vota\u00e7\u00e3o em primeiro turno&#8221;, disse Lira em plen\u00e1rio. O novo substitutivo da proposta foi apresentado nesta quarta pelo relator Aguinaldo Ribeiro (PP-PB). A primeira sess\u00e3o de discuss\u00e3o foi encerrada no final da noite pelo presidente da C\u00e2mara.<\/p>\n<p><strong>Leia Mais:<\/strong><br \/><a href=\"https:\/\/www.infomoney.com.br\/politica\/reforma-tributaria-novo-parecer-tem-cesta-basica-nacional-e-nova-regra-de-transicao-veja-o-que-mudou\/\" rel=\"nofollow noopener\" target=\"_blank\">Reforma tribut\u00e1ria: novo parecer tem \u2018cesta b\u00e1sica nacional\u2019 e nova regra de transi\u00e7\u00e3o; veja o que mudou<\/a><\/p>\n<p>Mudan\u00e7as constitucionais, como a reforma tribut\u00e1ria, precisam do apoio de ao menos 308 deputados, em dois turnos de vota\u00e7\u00e3o. Em acordo com Lira, o l\u00edder do PT na Casa, Zeca Dirceu (PR), e o do governo, Jos\u00e9 Guimar\u00e3es (PT-CE), apresentaram na \u00faltima segunda-feira, 3, um requerimento para permitir a quebra de interst\u00edcio na vota\u00e7\u00e3o da PEC. Na pr\u00e1tica, o mecanismo, que precisa ser aprovado em plen\u00e1rio, autoriza a vota\u00e7\u00e3o em segundo turno da PEC sem o cumprimento do prazo regimental de cinco sess\u00f5es.<\/p>\n<p>The post <a rel=\"nofollow noopener\" href=\"https:\/\/www.infomoney.com.br\/politica\/lira-quer-iniciar-votacao-da-reforma-tributaria-nesta-quinta-feira-por-volta-das-18h\/\" target=\"_blank\">Lira quer iniciar vota\u00e7\u00e3o da reforma tribut\u00e1ria nesta quinta-feira por volta das 18h<\/a> appeared first on <a rel=\"nofollow noopener\" href=\"https:\/\/www.infomoney.com.br\/\" target=\"_blank\">InfoMoney<\/a>.<\/p>\n","protected":false},"excerpt":{"rendered":"<p><img loading=\"lazy\" decoding=\"async\" width=\"300\" height=\"200\" src=\"https:\/\/www.infomoney.com.br\/wp-content\/uploads\/2023\/05\/img20230517175627214MED.jpg?fit=300%2C200&amp;quality=70&amp;strip=all\" class=\"attachment-medium size-medium wp-post-image\" alt=\"\" data-attachment-id=\"2138038\" data-permalink=\"https:\/\/www.infomoney.com.br\/politica\/pl-de-bolsonaro-entregou-29-votos-para-urgencia-do-arcabouco-fiscal-uniao-brasil-com-ministerios-no-governo-teve-11-votos-contrarios\/attachment\/img20230517175627214med\/\" data-orig-file=\"https:\/\/www.infomoney.com.br\/wp-content\/uploads\/2023\/05\/img20230517175627214MED.jpg?fit=1000%2C667&amp;quality=70&amp;strip=all\" data-orig-size=\"1000,667\" data-comments-opened=\"0\" data-image-meta='{\"aperture\":\"0\",\"credit\":\"\",\"camera\":\"\",\"caption\":\"\",\"created_timestamp\":\"0\",\"copyright\":\"\",\"focal_length\":\"0\",\"iso\":\"0\",\"shutter_speed\":\"0\",\"title\":\"\",\"orientation\":\"0\"}' data-image-title=\"C\u00e2mara dos Deputados\" data-image-description=\"\" data-image-caption=\"&lt;p&gt;O plen\u00e1rio da C\u00e2mara dos Deputados durante sess\u00e3o deliberativa extraordin\u00e1ria (Foto: Zeca Ribeiro\/C\u00e2mara dos Deputados)&lt;\/p&gt;\n\" data-medium-file=\"https:\/\/www.infomoney.com.br\/wp-content\/uploads\/2023\/05\/img20230517175627214MED.jpg?fit=300%2C200&amp;quality=70&amp;strip=all\" data-large-file=\"https:\/\/www.infomoney.com.br\/wp-content\/uploads\/2023\/05\/img20230517175627214MED.jpg?fit=1000%2C667&amp;quality=70&amp;strip=all\">Previs\u00e3o \u00e9 que no fim da manh\u00e3 seja aberta uma sess\u00e3o para dar continuidade \u00e0s discuss\u00f5es sobre a mat\u00e9ria<\/p>\n<p>The post <a rel=\"nofollow\" href=\"https:\/\/www.infomoney.com.br\/politica\/lira-quer-iniciar-votacao-da-reforma-tributaria-nesta-quinta-feira-por-volta-das-18h\/\">Lira quer iniciar vota\u00e7\u00e3o da reforma tribut\u00e1ria nesta quinta-feira por volta das 18h<\/a> appeared first on <a rel=\"nofollow\" href=\"https:\/\/www.infomoney.com.br\/\">InfoMoney<\/a>.<\/p>\n","protected":false},"author":43,"featured_media":0,"comment_status":"closed","ping_status":"closed","sticky":false,"template":"","format":"standard","meta":{"advgb_blocks_editor_width":"","advgb_blocks_columns_visual_guide":"","footnotes":""},"categories":[276,359,34,47,4310,191],"tags":[35],"class_list":["post-24302","post","type-post","status-publish","format-standard","hentry","category-camara-dos-deputados","category-congresso-nacional","category-g1","category-politica","category-proposta-de-emenda-a-constituicao","category-reforma-tributaria","tag-g1"],"author_meta":{"display_name":"Estad\u00e3o Conte\u00fado","author_link":"https:\/\/sindaopcpb.org.br\/author\/estadao-conteudo\/"},"featured_img":null,"coauthors":[],"tax_additional":{"categories":{"linked":["<a href=\"https:\/\/sindaopcpb.org.br\/camara-dos-deputados\/\" class=\"advgb-post-tax-term\">C\u00e2mara dos Deputados<\/a>","<a href=\"https:\/\/sindaopcpb.org.br\/congresso-nacional\/\" class=\"advgb-post-tax-term\">Congresso Nacional<\/a>","<a href=\"https:\/\/sindaopcpb.org.br\/g1\/\" class=\"advgb-post-tax-term\">G1<\/a>","<a href=\"https:\/\/sindaopcpb.org.br\/politica\/\" class=\"advgb-post-tax-term\">POLITICA<\/a>","<a href=\"https:\/\/sindaopcpb.org.br\/proposta-de-emenda-a-constituicao\/\" class=\"advgb-post-tax-term\">Proposta de Emenda \u00e0 Constitui\u00e7\u00e3o<\/a>","<a href=\"https:\/\/sindaopcpb.org.br\/reforma-tributaria\/\" class=\"advgb-post-tax-term\">reforma tribut\u00e1ria<\/a>"],"unlinked":["<span class=\"advgb-post-tax-term\">C\u00e2mara dos Deputados<\/span>","<span class=\"advgb-post-tax-term\">Congresso Nacional<\/span>","<span class=\"advgb-post-tax-term\">G1<\/span>","<span class=\"advgb-post-tax-term\">POLITICA<\/span>","<span class=\"advgb-post-tax-term\">Proposta de Emenda \u00e0 Constitui\u00e7\u00e3o<\/span>","<span class=\"advgb-post-tax-term\">reforma tribut\u00e1ria<\/span>"]},"tags":{"linked":["<a href=\"https:\/\/sindaopcpb.org.br\/reforma-tributaria\/\" class=\"advgb-post-tax-term\">g1<\/a>"],"unlinked":["<span class=\"advgb-post-tax-term\">g1<\/span>"]}},"comment_count":"0","relative_dates":{"created":"Publicado 3 anos atr\u00e1s","modified":"Atualizado 3 anos atr\u00e1s"},"absolute_dates":{"created":"Publicado em 6 de julho de 2023","modified":"Atualizado em 6 de julho de 2023"},"absolute_dates_time":{"created":"Publicado em 6 de julho de 2023 10:32","modified":"Atualizado em 6 de julho de 2023 10:32"},"featured_img_caption":"","series_order":"","_links":{"self":[{"href":"https:\/\/sindaopcpb.org.br\/index.php\/wp-json\/wp\/v2\/posts\/24302","targetHints":{"allow":["GET"]}}],"collection":[{"href":"https:\/\/sindaopcpb.org.br\/index.php\/wp-json\/wp\/v2\/posts"}],"about":[{"href":"https:\/\/sindaopcpb.org.br\/index.php\/wp-json\/wp\/v2\/types\/post"}],"author":[{"embeddable":true,"href":"https:\/\/sindaopcpb.org.br\/index.php\/wp-json\/wp\/v2\/users\/43"}],"replies":[{"embeddable":true,"href":"https:\/\/sindaopcpb.org.br\/index.php\/wp-json\/wp\/v2\/comments?post=24302"}],"version-history":[{"count":1,"href":"https:\/\/sindaopcpb.org.br\/index.php\/wp-json\/wp\/v2\/posts\/24302\/revisions"}],"predecessor-version":[{"id":24303,"href":"https:\/\/sindaopcpb.org.br\/index.php\/wp-json\/wp\/v2\/posts\/24302\/revisions\/24303"}],"wp:attachment":[{"href":"https:\/\/sindaopcpb.org.br\/index.php\/wp-json\/wp\/v2\/media?parent=24302"}],"wp:term":[{"taxonomy":"category","embeddable":true,"href":"https:\/\/sindaopcpb.org.br\/index.php\/wp-json\/wp\/v2\/categories?post=24302"},{"taxonomy":"post_tag","embeddable":true,"href":"https:\/\/sindaopcpb.org.br\/index.php\/wp-json\/wp\/v2\/tags?post=24302"}],"curies":[{"name":"wp","href":"https:\/\/api.w.org\/{rel}","templated":true}]}}