{"id":24240,"date":"2023-07-06T08:11:54","date_gmt":"2023-07-06T11:11:54","guid":{"rendered":"https:\/\/g1.globo.com\/pb\/paraiba\/noticia\/2023\/07\/06\/filme-sobrenatural-a-porta-vermelha-estreia-nos-cinemas-da-paraiba.ghtml"},"modified":"2023-07-06T08:11:54","modified_gmt":"2023-07-06T11:11:54","slug":"filme-sobrenatural-a-porta-vermelha-estreia-nos-cinemas-da-paraiba","status":"publish","type":"post","link":"https:\/\/sindaopcpb.org.br\/index.php\/2023\/07\/06\/filme-sobrenatural-a-porta-vermelha-estreia-nos-cinemas-da-paraiba\/","title":{"rendered":"Filme &#8216;Sobrenatural: A Porta Vermelha&#8217; estreia nos cinemas da Para\u00edba"},"content":{"rendered":"   <img src=\"https:\/\/s2.glbimg.com\/-rj2zGBZLZ58yzQdm8ybaI7cqYk=\/i.s3.glbimg.com\/v1\/AUTH_59edd422c0c84a879bd37670ae4f538a\/internal_photos\/bs\/2023\/u\/o\/YnEPiFSLAlwf27oeDL0g\/sobrenatural-5.jpg\" \/><br \/>     5\u00ba filme da franquia Sobrenatural \u00e9 exibido em salas de cinema de Jo\u00e3o Pessoa, Campina Grande e Guarabira. \u2018Sobrenatural: A Porta Vermelha\u2019 estreia nos cinemas da Para\u00edba.\nReprodu\u00e7\u00e3o\/Sony Pictures\nO filme \u201cSobrenatural: A Porta Vermelha\u201d estreia nesta quinta-feira (6) em cinemas da Para\u00edba. O longa tem exibi\u00e7\u00f5es em salas de cinema de Jo\u00e3o Pessoa, Campina Grande e Guarabira.\nSobrenatural: A Porta Vermelha\nO suspense \u201cSobrenatural: A Porta Vermelha\u201d \u00e9 o quinto filme da Sobrenatural, ou Insidious, traz de volta a fam\u00edlia Lambert \u00e0s telas do cinema, estrelado e dirigido por Patrick Wilson. O longa se passa 10 anos ap\u00f3s os eventos dos primeiros filmes. Na trama, Josh e o agora jovem universit\u00e1rio Dalton precisam encarar o passado sombrio de sua fam\u00edlia. Assista ao trailer.\nO filme est\u00e1 em cartaz nos Cin\u00e9polis do Mana\u00edra e Mangabeira Shopping, e no cinema do Shopping Tambi\u00e1, em Jo\u00e3o Pessoa; no Cinesercla do Partage Shopping, em Campina Grande; e no Cinemaxxi do Shopping Cidade Luz, em Guarabira.\nOs Aventureiros: A Origem\nTamb\u00e9m estreia nos cinemas paraibanos o filme nacional \u201cOs Aventureiros: A Origem\u201d, estrelado pelo Youtuber Luccas Neto. Na trama, Luccas e seu grupo de amigos s\u00e3o levados para a Cidade da Alegria em busca do rec\u00e9m-desaparecido cientista Hon\u00f3rio Flacksman. Nessa aventura, eles teram que encontrar as Pedras do Poder para voltarem para casa e para isso os amigos entendem que a uni\u00e3o \u00e9 o que os torna mais fortes. Assita o trailer!\nO filme \u00e9 exibido nos Cin\u00e9polis do Mana\u00edra e Mangabeira Shopping, e no cinema do Shopping Tambi\u00e1 em Jo\u00e3o Pessoa; no Cinesercla do Partage Shopping, em Campina Grande; e no Cinemaxxi do Shopping Cidade Luz, em Guarabira.\nUm Dia Cinco Estrelas\nOutra estreia nos cinemas da Para\u00edba \u00e9 a com\u00e9dia nacional \u201cUm Dia Cinco Estrelas\u201d, com dire\u00e7\u00e3o de Hsu Chien. Para ajudar a fam\u00edlia e realizar o sonho da m\u00e3e de viajar para Buenos Aires, o protagonista Pedro Paulo come\u00e7a a trabalhar como motorista de aplicativo. Durante o trabalho, ele passa por situa\u00e7\u00f5es inusitadas que mudam a vida da fam\u00edlia e dos passageiros. Veja o trailer!\nO suspense est\u00e1 em cartaz no Cin\u00e9polis do Mana\u00edra Shopping e no cinema do Shopping Tambi\u00e1, em Jo\u00e3o Pessoa; e no Cinesercla do Partage Shopping, em Campina Grande.\nV\u00eddeos mais assistidos do g1 Para\u00edba  ","protected":false},"excerpt":{"rendered":"<p>        5\u00ba filme da franquia Sobrenatural \u00e9 exibido em salas de cinema de Jo\u00e3o Pessoa, Campina Grande e Guarabira. \u2018Sobrenatural: A Porta Vermelha\u2019 estreia nos cinemas da Para\u00edba.<br \/>\nReprodu\u00e7\u00e3o\/Sony Pictures<br \/>\nO filme \u201cSobrenatural: A Porta Vermelha\u201d estrei&#8230;<\/p>\n","protected":false},"author":2,"featured_media":0,"comment_status":"closed","ping_status":"closed","sticky":false,"template":"","format":"standard","meta":{"advgb_blocks_editor_width":"","advgb_blocks_columns_visual_guide":"","footnotes":""},"categories":[34],"tags":[35],"class_list":["post-24240","post","type-post","status-publish","format-standard","hentry","category-g1","tag-g1"],"author_meta":{"display_name":"g1 &gt; Para\u00edba","author_link":"https:\/\/sindaopcpb.org.br\/author\/g1-paraiba\/"},"featured_img":null,"coauthors":[],"tax_additional":{"categories":{"linked":["<a href=\"https:\/\/sindaopcpb.org.br\/g1\/\" class=\"advgb-post-tax-term\">G1<\/a>"],"unlinked":["<span class=\"advgb-post-tax-term\">G1<\/span>"]},"tags":{"linked":["<a href=\"https:\/\/sindaopcpb.org.br\/g1\/\" class=\"advgb-post-tax-term\">g1<\/a>"],"unlinked":["<span class=\"advgb-post-tax-term\">g1<\/span>"]}},"comment_count":"0","relative_dates":{"created":"Publicado 3 anos atr\u00e1s","modified":"Atualizado 3 anos atr\u00e1s"},"absolute_dates":{"created":"Publicado em 6 de julho de 2023","modified":"Atualizado em 6 de julho de 2023"},"absolute_dates_time":{"created":"Publicado em 6 de julho de 2023 08:11","modified":"Atualizado em 6 de julho de 2023 08:11"},"featured_img_caption":"","series_order":"","_links":{"self":[{"href":"https:\/\/sindaopcpb.org.br\/index.php\/wp-json\/wp\/v2\/posts\/24240","targetHints":{"allow":["GET"]}}],"collection":[{"href":"https:\/\/sindaopcpb.org.br\/index.php\/wp-json\/wp\/v2\/posts"}],"about":[{"href":"https:\/\/sindaopcpb.org.br\/index.php\/wp-json\/wp\/v2\/types\/post"}],"author":[{"embeddable":true,"href":"https:\/\/sindaopcpb.org.br\/index.php\/wp-json\/wp\/v2\/users\/2"}],"replies":[{"embeddable":true,"href":"https:\/\/sindaopcpb.org.br\/index.php\/wp-json\/wp\/v2\/comments?post=24240"}],"version-history":[{"count":1,"href":"https:\/\/sindaopcpb.org.br\/index.php\/wp-json\/wp\/v2\/posts\/24240\/revisions"}],"predecessor-version":[{"id":24241,"href":"https:\/\/sindaopcpb.org.br\/index.php\/wp-json\/wp\/v2\/posts\/24240\/revisions\/24241"}],"wp:attachment":[{"href":"https:\/\/sindaopcpb.org.br\/index.php\/wp-json\/wp\/v2\/media?parent=24240"}],"wp:term":[{"taxonomy":"category","embeddable":true,"href":"https:\/\/sindaopcpb.org.br\/index.php\/wp-json\/wp\/v2\/categories?post=24240"},{"taxonomy":"post_tag","embeddable":true,"href":"https:\/\/sindaopcpb.org.br\/index.php\/wp-json\/wp\/v2\/tags?post=24240"}],"curies":[{"name":"wp","href":"https:\/\/api.w.org\/{rel}","templated":true}]}}