{"id":24236,"date":"2023-07-06T07:38:46","date_gmt":"2023-07-06T10:38:46","guid":{"rendered":"https:\/\/wpa.wscom.com.br\/?p=910176"},"modified":"2023-07-06T07:38:46","modified_gmt":"2023-07-06T10:38:46","slug":"daniela-carneiro-entregara-carta-de-demissao-a-lula-nesta-quinta-feira","status":"publish","type":"post","link":"https:\/\/sindaopcpb.org.br\/index.php\/2023\/07\/06\/daniela-carneiro-entregara-carta-de-demissao-a-lula-nesta-quinta-feira\/","title":{"rendered":"Daniela Carneiro entregar\u00e1 carta de demiss\u00e3o a Lula nesta quinta-feira"},"content":{"rendered":"<p>Segundo informa\u00e7\u00f5es divulgadas por Waguinho, prefeito de Belford Roxo (RJ) e marido da ministra do Turismo, Daniela Carneiro, ela se reunir\u00e1 com o presidente Luiz In\u00e1cio Lula da Silva nesta quinta-feira para entregar sua carta de demiss\u00e3o do cargo. O encontro est\u00e1 marcado para as 15h, no Pal\u00e1cio do Planalto. Daniela redigiu uma carta na qual coloca seu cargo \u00e0 disposi\u00e7\u00e3o, agradece a oportunidade no governo e reconhece o contexto pol\u00edtico que requer sua sa\u00edda da pasta, aponta\u00a0<a href=\"https:\/\/valor.globo.com\/politica\/noticia\/2023\/07\/05\/waguinho-diz-que-daniela-carneiro-entregara-carta-de-demissao-nesta-quinta.ghtml\" rel=\"noopener nofollow\" target=\"_blank\"><u>reportagem do Valor<\/u><\/a>.<\/p>\n<p>A decis\u00e3o de renunciar foi tomada durante uma reuni\u00e3o na Secretaria de Rela\u00e7\u00f5es Institucionais, no Planalto, na presen\u00e7a do ministro Alexandre Padilha e do secret\u00e1rio Andr\u00e9 Ceciliano. Em comunicado, Waguinho declarou que ele e o ministro das Rela\u00e7\u00f5es Institucionais, Alexandre Padilha, tiveram uma conversa produtiva e resolveram suas diferen\u00e7as, pelo menos temporariamente. Segundo a nota, foram firmados compromissos que trar\u00e3o benef\u00edcios significativos para os munic\u00edpios do estado do Rio de Janeiro, especialmente Belford Roxo.<\/p>\n<p>Daniela Carneiro vinha sofrendo press\u00f5es tanto do Uni\u00e3o Brasil quanto de membros do governo, mas continuava a participar de eventos ao lado do presidente. A expectativa \u00e9 que ela seja substitu\u00edda pelo deputado Celso Sabino (Uni\u00e3o Brasil-PA), com apoio da bancada do partido no Congresso. Essa substitui\u00e7\u00e3o era esperada h\u00e1 algumas semanas e atende a um pedido do pr\u00f3prio Uni\u00e3o Brasil, ap\u00f3s Daniela e seu marido demonstrarem interesse em ingressar no partido Republicanos. A troca no minist\u00e9rio tamb\u00e9m tem o objetivo de acelerar a aprova\u00e7\u00e3o de pautas econ\u00f4micas em discuss\u00e3o no plen\u00e1rio da C\u00e2mara.<\/p>\n<p>O post <a rel=\"nofollow noopener\" href=\"https:\/\/wscom.com.br\/daniela-carneiro-entregara-carta-de-demissao-a-lula-nesta-quinta-feira\/\" target=\"_blank\">Daniela Carneiro entregar\u00e1 carta de demiss\u00e3o a Lula nesta quinta-feira<\/a> apareceu primeiro em <a rel=\"nofollow noopener\" href=\"https:\/\/wscom.com.br\/\" target=\"_blank\">WSCOM<\/a>.<\/p>\n","protected":false},"excerpt":{"rendered":"<p>Segundo informa\u00e7\u00f5es divulgadas por Waguinho, prefeito de Belford Roxo (RJ) e marido da ministra do Turismo, Daniela Carneiro, ela se reunir\u00e1 com o presidente Luiz In\u00e1cio Lula da Silva nesta quinta-feira para entregar sua carta de demiss\u00e3o do cargo. O encontro est\u00e1 marcado para as 15h, no Pal\u00e1cio do Planalto. Daniela redigiu uma carta na [\u2026]<\/p>\n<p>O post <a rel=\"nofollow\" href=\"https:\/\/wscom.com.br\/daniela-carneiro-entregara-carta-de-demissao-a-lula-nesta-quinta-feira\/\">Daniela Carneiro entregar\u00e1 carta de demiss\u00e3o a Lula nesta quinta-feira<\/a> apareceu primeiro em <a rel=\"nofollow\" href=\"https:\/\/wscom.com.br\/\">WSCOM<\/a>.<\/p>\n","protected":false},"author":50,"featured_media":0,"comment_status":"closed","ping_status":"closed","sticky":false,"template":"","format":"standard","meta":{"advgb_blocks_editor_width":"","advgb_blocks_columns_visual_guide":"","footnotes":""},"categories":[430,5907,34,47],"tags":[35],"class_list":["post-24236","post","type-post","status-publish","format-standard","hentry","category-carneiro","category-daniela","category-g1","category-politica","tag-g1"],"author_meta":{"display_name":"Wallyson","author_link":"https:\/\/sindaopcpb.org.br\/author\/wallyson\/"},"featured_img":null,"coauthors":[],"tax_additional":{"categories":{"linked":["<a href=\"https:\/\/sindaopcpb.org.br\/carneiro\/\" class=\"advgb-post-tax-term\">Carneiro<\/a>","<a href=\"https:\/\/sindaopcpb.org.br\/daniela\/\" class=\"advgb-post-tax-term\">daniela<\/a>","<a href=\"https:\/\/sindaopcpb.org.br\/g1\/\" class=\"advgb-post-tax-term\">G1<\/a>","<a href=\"https:\/\/sindaopcpb.org.br\/politica\/\" class=\"advgb-post-tax-term\">POLITICA<\/a>"],"unlinked":["<span class=\"advgb-post-tax-term\">Carneiro<\/span>","<span class=\"advgb-post-tax-term\">daniela<\/span>","<span class=\"advgb-post-tax-term\">G1<\/span>","<span class=\"advgb-post-tax-term\">POLITICA<\/span>"]},"tags":{"linked":["<a href=\"https:\/\/sindaopcpb.org.br\/politica\/\" class=\"advgb-post-tax-term\">g1<\/a>"],"unlinked":["<span class=\"advgb-post-tax-term\">g1<\/span>"]}},"comment_count":"0","relative_dates":{"created":"Publicado 3 anos atr\u00e1s","modified":"Atualizado 3 anos atr\u00e1s"},"absolute_dates":{"created":"Publicado em 6 de julho de 2023","modified":"Atualizado em 6 de julho de 2023"},"absolute_dates_time":{"created":"Publicado em 6 de julho de 2023 07:38","modified":"Atualizado em 6 de julho de 2023 07:38"},"featured_img_caption":"","series_order":"","_links":{"self":[{"href":"https:\/\/sindaopcpb.org.br\/index.php\/wp-json\/wp\/v2\/posts\/24236","targetHints":{"allow":["GET"]}}],"collection":[{"href":"https:\/\/sindaopcpb.org.br\/index.php\/wp-json\/wp\/v2\/posts"}],"about":[{"href":"https:\/\/sindaopcpb.org.br\/index.php\/wp-json\/wp\/v2\/types\/post"}],"author":[{"embeddable":true,"href":"https:\/\/sindaopcpb.org.br\/index.php\/wp-json\/wp\/v2\/users\/50"}],"replies":[{"embeddable":true,"href":"https:\/\/sindaopcpb.org.br\/index.php\/wp-json\/wp\/v2\/comments?post=24236"}],"version-history":[{"count":1,"href":"https:\/\/sindaopcpb.org.br\/index.php\/wp-json\/wp\/v2\/posts\/24236\/revisions"}],"predecessor-version":[{"id":24237,"href":"https:\/\/sindaopcpb.org.br\/index.php\/wp-json\/wp\/v2\/posts\/24236\/revisions\/24237"}],"wp:attachment":[{"href":"https:\/\/sindaopcpb.org.br\/index.php\/wp-json\/wp\/v2\/media?parent=24236"}],"wp:term":[{"taxonomy":"category","embeddable":true,"href":"https:\/\/sindaopcpb.org.br\/index.php\/wp-json\/wp\/v2\/categories?post=24236"},{"taxonomy":"post_tag","embeddable":true,"href":"https:\/\/sindaopcpb.org.br\/index.php\/wp-json\/wp\/v2\/tags?post=24236"}],"curies":[{"name":"wp","href":"https:\/\/api.w.org\/{rel}","templated":true}]}}