{"id":24221,"date":"2023-07-05T19:13:25","date_gmt":"2023-07-05T22:13:25","guid":{"rendered":"https:\/\/wpa.wscom.com.br\/?p=910137"},"modified":"2023-07-05T19:13:25","modified_gmt":"2023-07-05T22:13:25","slug":"whindersson-nunes-lutara-contra-ingles-no-proximo-dia-15-na-irlanda","status":"publish","type":"post","link":"https:\/\/sindaopcpb.org.br\/index.php\/2023\/07\/05\/whindersson-nunes-lutara-contra-ingles-no-proximo-dia-15-na-irlanda\/","title":{"rendered":"Whindersson Nunes lutar\u00e1 contra ingl\u00eas no pr\u00f3ximo dia 15, na Irlanda"},"content":{"rendered":"<div class=\"texto\">\u00a0A contagem regressiva para a luta entre Whindersson Nunes e o ingl\u00eas King Kenny nas semifinais do torneio High Stakes est\u00e1 causando expectativa nas redes sociais, tanto para Whindersson quanto para seus f\u00e3s.<\/div>\n<div><\/div>\n<div class=\"texto\">\u00a0O campeonato internacional, que re\u00fane influenciadores e amantes do boxe, est\u00e1 marcado para o dia 15 de julho, em Dublin, na Irlanda.<\/div>\n<div class=\"texto\">Whindersson compartilha em suas redes sociais os preparativos para o confronto.<\/div>\n<div id=\"gdfp_1\" class=\"intext-ads\"><\/div>\n<div class=\"texto\">\u00a0Esta ser\u00e1 a segunda vez que ele participar\u00e1 do campeonato. Em sua \u00faltima luta, no dia 22 de abril, em Londres, Whindersson nocauteou o polon\u00eas Filipek, garantindo sua vaga na semifinal da competi\u00e7\u00e3o.<\/div>\n<div><\/div>\n<div class=\"texto\">\u00a0A primeira luta internacional de destaque de Whindersson foi contra o ex-lutador Pop\u00f3 Freitas, no evento Fight Music Show, em janeiro do ano passado. Antes disso, o brasileiro havia participado apenas de combates amadores.<\/div>\n<p>O post <a rel=\"nofollow noopener\" href=\"https:\/\/wscom.com.br\/whindersson-nunes-lutara-contra-ingles-no-proximo-dia-15-na-irlanda\/\" target=\"_blank\">Whindersson Nunes lutar\u00e1 contra ingl\u00eas no pr\u00f3ximo dia 15, na Irlanda<\/a> apareceu primeiro em <a rel=\"nofollow noopener\" href=\"https:\/\/wscom.com.br\/\" target=\"_blank\">WSCOM<\/a>.<\/p>\n","protected":false},"excerpt":{"rendered":"<p>\u00a0A contagem regressiva para a luta entre Whindersson Nunes e o ingl\u00eas King Kenny nas semifinais do torneio High Stakes est\u00e1 causando expectativa nas redes sociais, tanto para Whindersson quanto para seus f\u00e3s. \u00a0O campeonato internacional, que re\u00fane influenciadores e amantes do boxe, est\u00e1 marcado para o dia 15 de julho, em Dublin, na Irlanda. [\u2026]<\/p>\n<p>O post <a rel=\"nofollow\" href=\"https:\/\/wscom.com.br\/whindersson-nunes-lutara-contra-ingles-no-proximo-dia-15-na-irlanda\/\">Whindersson Nunes lutar\u00e1 contra ingl\u00eas no pr\u00f3ximo dia 15, na Irlanda<\/a> apareceu primeiro em <a rel=\"nofollow\" href=\"https:\/\/wscom.com.br\/\">WSCOM<\/a>.<\/p>\n","protected":false},"author":50,"featured_media":0,"comment_status":"closed","ping_status":"closed","sticky":false,"template":"","format":"standard","meta":{"advgb_blocks_editor_width":"","advgb_blocks_columns_visual_guide":"","footnotes":""},"categories":[5902,267,34,5903],"tags":[35],"class_list":["post-24221","post","type-post","status-publish","format-standard","hentry","category-dublin","category-entretenimento","category-g1","category-whindersson","tag-g1"],"author_meta":{"display_name":"Wallyson","author_link":"https:\/\/sindaopcpb.org.br\/author\/wallyson\/"},"featured_img":null,"coauthors":[],"tax_additional":{"categories":{"linked":["<a href=\"https:\/\/sindaopcpb.org.br\/dublin\/\" class=\"advgb-post-tax-term\">dublin<\/a>","<a href=\"https:\/\/sindaopcpb.org.br\/entretenimento\/\" class=\"advgb-post-tax-term\">Entretenimento<\/a>","<a href=\"https:\/\/sindaopcpb.org.br\/g1\/\" class=\"advgb-post-tax-term\">G1<\/a>","<a href=\"https:\/\/sindaopcpb.org.br\/whindersson\/\" class=\"advgb-post-tax-term\">whindersson<\/a>"],"unlinked":["<span class=\"advgb-post-tax-term\">dublin<\/span>","<span class=\"advgb-post-tax-term\">Entretenimento<\/span>","<span class=\"advgb-post-tax-term\">G1<\/span>","<span class=\"advgb-post-tax-term\">whindersson<\/span>"]},"tags":{"linked":["<a href=\"https:\/\/sindaopcpb.org.br\/whindersson\/\" class=\"advgb-post-tax-term\">g1<\/a>"],"unlinked":["<span class=\"advgb-post-tax-term\">g1<\/span>"]}},"comment_count":"0","relative_dates":{"created":"Publicado 3 anos atr\u00e1s","modified":"Atualizado 3 anos atr\u00e1s"},"absolute_dates":{"created":"Publicado em 5 de julho de 2023","modified":"Atualizado em 5 de julho de 2023"},"absolute_dates_time":{"created":"Publicado em 5 de julho de 2023 19:13","modified":"Atualizado em 5 de julho de 2023 19:13"},"featured_img_caption":"","series_order":"","_links":{"self":[{"href":"https:\/\/sindaopcpb.org.br\/index.php\/wp-json\/wp\/v2\/posts\/24221","targetHints":{"allow":["GET"]}}],"collection":[{"href":"https:\/\/sindaopcpb.org.br\/index.php\/wp-json\/wp\/v2\/posts"}],"about":[{"href":"https:\/\/sindaopcpb.org.br\/index.php\/wp-json\/wp\/v2\/types\/post"}],"author":[{"embeddable":true,"href":"https:\/\/sindaopcpb.org.br\/index.php\/wp-json\/wp\/v2\/users\/50"}],"replies":[{"embeddable":true,"href":"https:\/\/sindaopcpb.org.br\/index.php\/wp-json\/wp\/v2\/comments?post=24221"}],"version-history":[{"count":1,"href":"https:\/\/sindaopcpb.org.br\/index.php\/wp-json\/wp\/v2\/posts\/24221\/revisions"}],"predecessor-version":[{"id":24222,"href":"https:\/\/sindaopcpb.org.br\/index.php\/wp-json\/wp\/v2\/posts\/24221\/revisions\/24222"}],"wp:attachment":[{"href":"https:\/\/sindaopcpb.org.br\/index.php\/wp-json\/wp\/v2\/media?parent=24221"}],"wp:term":[{"taxonomy":"category","embeddable":true,"href":"https:\/\/sindaopcpb.org.br\/index.php\/wp-json\/wp\/v2\/categories?post=24221"},{"taxonomy":"post_tag","embeddable":true,"href":"https:\/\/sindaopcpb.org.br\/index.php\/wp-json\/wp\/v2\/tags?post=24221"}],"curies":[{"name":"wp","href":"https:\/\/api.w.org\/{rel}","templated":true}]}}