{"id":24214,"date":"2023-07-05T18:50:22","date_gmt":"2023-07-05T21:50:22","guid":{"rendered":"https:\/\/www.infomoney.com.br\/?p=2179990"},"modified":"2023-07-05T18:50:22","modified_gmt":"2023-07-05T21:50:22","slug":"tarcisio-contraria-posicao-de-bolsonaro-e-busca-apoio-do-pl-a-reforma-tributaria-2","status":"publish","type":"post","link":"https:\/\/sindaopcpb.org.br\/index.php\/2023\/07\/05\/tarcisio-contraria-posicao-de-bolsonaro-e-busca-apoio-do-pl-a-reforma-tributaria-2\/","title":{"rendered":"Tarc\u00edsio contraria\u00a0posi\u00e7\u00e3o de Bolsonaro e busca apoio do PL \u00e0 reforma tribut\u00e1ria"},"content":{"rendered":"<p><img loading=\"lazy\" width=\"300\" height=\"200\" src=\"https:\/\/www.infomoney.com.br\/wp-content\/uploads\/2019\/06\/tarcisio-gomes-de-freitas-1.jpg?fit=300%2C200&amp;quality=70&amp;strip=all\" class=\"attachment-medium size-medium wp-post-image\" alt=\"\" decoding=\"async\" style=\"float:right; margin:0 0 10px 10px;\" srcset=\"https:\/\/www.infomoney.com.br\/wp-content\/uploads\/2019\/06\/tarcisio-gomes-de-freitas-1.jpg?w=900&amp;quality=70&amp;strip=all 900w, https:\/\/www.infomoney.com.br\/wp-content\/uploads\/2019\/06\/tarcisio-gomes-de-freitas-1.jpg?w=300&amp;quality=70&amp;strip=all 300w, https:\/\/www.infomoney.com.br\/wp-content\/uploads\/2019\/06\/tarcisio-gomes-de-freitas-1.jpg?w=768&amp;quality=70&amp;strip=all 768w, https:\/\/www.infomoney.com.br\/wp-content\/uploads\/2019\/06\/tarcisio-gomes-de-freitas-1.jpg?w=150&amp;quality=70&amp;strip=all 150w\" sizes=\"auto, (max-width: 300px) 100vw, 300px\" data-attachment-id=\"54747\" data-permalink=\"https:\/\/www.infomoney.com.br\/tarcisio-gomes-de-freitas-1\/\" data-orig-file=\"https:\/\/www.infomoney.com.br\/wp-content\/uploads\/2019\/06\/tarcisio-gomes-de-freitas-1.jpg?fit=900%2C600&amp;quality=70&amp;strip=all\" data-orig-size=\"900,600\" data-comments-opened=\"1\" data-image-meta=\"{&quot;aperture&quot;:&quot;0&quot;,&quot;credit&quot;:&quot;&quot;,&quot;camera&quot;:&quot;&quot;,&quot;caption&quot;:&quot;&quot;,&quot;created_timestamp&quot;:&quot;0&quot;,&quot;copyright&quot;:&quot;&quot;,&quot;focal_length&quot;:&quot;0&quot;,&quot;iso&quot;:&quot;0&quot;,&quot;shutter_speed&quot;:&quot;0&quot;,&quot;title&quot;:&quot;&quot;,&quot;orientation&quot;:&quot;0&quot;}\" data-image-title=\"tarcisio-gomes-de-freitas-1\" data-image-description=\"\" data-image-caption=\"&lt;p&gt;Tarc\u00edsio Freitas, do Republicanos&lt;\/p&gt;\n\" data-medium-file=\"https:\/\/www.infomoney.com.br\/wp-content\/uploads\/2019\/06\/tarcisio-gomes-de-freitas-1.jpg?fit=300%2C200&amp;quality=70&amp;strip=all\" data-large-file=\"https:\/\/www.infomoney.com.br\/wp-content\/uploads\/2019\/06\/tarcisio-gomes-de-freitas-1.jpg?fit=900%2C600&amp;quality=70&amp;strip=all\" title=\"\"><\/p>\n<p>O governador de S\u00e3o Paulo, Tarc\u00edsio de Freitas (Republicanos), decidiu contrariar a posi\u00e7\u00e3o do seu mentor pol\u00edtico Jair Bolsonaro e buscou apoio do PL, partido do ex-presidente, para aprova\u00e7\u00e3o da reforma tribut\u00e1ria na C\u00e2mara dos Deputados, de acordo com relatos de duas fontes com conhecimento direto das tratativas.<\/p>\n<p>Tarc\u00edsio reuniu-se na manh\u00e3\u00a0desta quarta-feira com o presidente do PL, Valdemar Costa Neto, e deputados e senadores do partido na sede da legenda, em Bras\u00edlia, para defender a aprova\u00e7\u00e3o da reforma, disseram as fontes \u00e0 Reuters. Mais cedo, ele esteve tamb\u00e9m com o ministro da Fazenda, Fernando Haddad, e se manifestou publicamente a favor do projeto.<\/p>\n<p>O governador paulista deve se reunir com o pr\u00f3prio Bolsonaro na quinta-feira para pedir apoio \u00e0 reforma, segundo uma fonte ligada ao chefe do Executivo estadual. A assessoria do ex-presidente n\u00e3o respondeu de imediato a um pedido de coment\u00e1rio.<\/p>\n<p>Presidente de honra do PL, Bolsonaro tem se posicionado firmemente contra a reforma tribut\u00e1ria em tramita\u00e7\u00e3o na C\u00e2mara e chegou a falar em uma postagem nas redes sociais que a legenda &#8212; que det\u00e9m a maior bancada na C\u00e2mara dos Deputados &#8212; vai se posicionar totalmente contra a proposta.<\/p>\n<p>&#8220;Do exposto, o presidente do Partido Liberal (Valdemar Costa Neto) e seu l\u00edder na C\u00e2mara dos Deputados (Altineu Lopes) encaminhar\u00e3o, junto aos seus 99 deputados, pela rejei\u00e7\u00e3o total da PEC da Reforma Tribut\u00e1ria&#8221;, postou ele no Twitter, na ter\u00e7a-feira. Quando um partido decide fechar quest\u00e3o todos os parlamentares t\u00eam de seguir a orienta\u00e7\u00e3o da c\u00fapula, sob pena de puni\u00e7\u00e3o.<\/p>\n<p>A movimenta\u00e7\u00e3o de Tarc\u00edsio ocorre dias ap\u00f3s Bolsonaro ter sofrido a pior derrota na carreira pol\u00edtica dele ao ter sido tornado ineleg\u00edvel pelo Tribunal Superior Eleitoral (TSE). O governador paulista \u00e9 apontado como um dos principais benefici\u00e1rios do esp\u00f3lio pol\u00edtico do ex-presidente e potencial candidato \u00e0 sucess\u00e3o presidencial em 2026.<\/p>\n<p>O ex-presidente tem tentado se manter politicamente ativo desde ent\u00e3o e encontrou no combate \u00e0 reforma tribut\u00e1ria uma poss\u00edvel plataforma, afirmando que essa seria a &#8220;reforma do PT&#8221; e que seria um &#8220;soco no est\u00f4mago dos mais pobres&#8221;.<\/p>\n<p>No encontro com Valdemar nesta quarta, o governador paulista falou da import\u00e2ncia de o PL apoiar a reforma e considerou que houve bastante recep\u00e7\u00e3o por parte do presidente da legenda, segundo fonte ligada a ele. Tarc\u00edsio acredita que no encontro com Bolsonaro tamb\u00e9m ser\u00e1 poss\u00edvel conquistar apoio, uma vez que o pr\u00f3prio governo passado prop\u00f4s uma reforma tribut\u00e1ria.<\/p>\n<p>Pela manh\u00e3, ap\u00f3s se reunir com Haddad, Tarc\u00edsio disse que seu Estado concorda com &#8220;95%&#8221; da proposta de reforma tribut\u00e1ria que tramita na C\u00e2mara e que os pontos de diverg\u00eancias s\u00e3o pontuais e &#8220;f\u00e1ceis de serem ajustados&#8221;. Disse ainda que S\u00e3o Paulo ser\u00e1 &#8220;um parceiro&#8221; na aprova\u00e7\u00e3o da reforma.<\/p>\n<p>&#8220;Acho que est\u00e1 muito f\u00e1cil construir entendimento, S\u00e3o Paulo vai ser um parceiro no debate, na aprova\u00e7\u00e3o da reforma tribut\u00e1ria. N\u00f3s estamos aqui para isso, para gerar convencimento. A gente sabe que a reforma tribut\u00e1ria \u00e9 extremamente importante para o Brasil&#8221;, disse Tarc\u00edsio aos jornalistas.<\/p>\n<p>O governador citou como tema principal de negocia\u00e7\u00f5es o Conselho Federativo, que centralizar\u00e1 a arrecada\u00e7\u00e3o pelo texto que est\u00e1 sendo discutido. Tarc\u00edsio disse que tem buscado formas de incluir na proposta de emenda \u00e0 Constitui\u00e7\u00e3o (PEC) da reforma mecanismos para melhorar a governan\u00e7a deste \u00f3rg\u00e3o.<\/p>\n<p>O presidente da C\u00e2mara, Arthur Lira (PP-AL), tem atuado junto a Tarc\u00edsio, outros governadores, partidos e setores econ\u00f4micos para garantir apoio suficiente para votar e aprovar a reforma tribut\u00e1ria, proposta discutida h\u00e1 d\u00e9cadas no Congresso e que poderia se tornar o seu principal legado \u00e0 frente do cargo. Lira quer votar o texto ainda nesta semana.<\/p>\n<p>The post <a rel=\"nofollow noopener\" href=\"https:\/\/www.infomoney.com.br\/politica\/tarcisio-contraria-posicao-de-bolsonaro-e-busca-apoio-do-pl-a-reforma-tributaria\/\" target=\"_blank\">Tarc\u00edsio contraria\u00a0posi\u00e7\u00e3o de Bolsonaro e busca apoio do PL \u00e0 reforma tribut\u00e1ria<\/a> appeared first on <a rel=\"nofollow noopener\" href=\"https:\/\/www.infomoney.com.br\/\" target=\"_blank\">InfoMoney<\/a>.<\/p>\n","protected":false},"excerpt":{"rendered":"<p><img loading=\"lazy\" decoding=\"async\" width=\"300\" height=\"200\" src=\"https:\/\/www.infomoney.com.br\/wp-content\/uploads\/2019\/06\/tarcisio-gomes-de-freitas-1.jpg?fit=300%2C200&amp;quality=70&amp;strip=all\" class=\"attachment-medium size-medium wp-post-image\" alt=\"\" data-attachment-id=\"54747\" data-permalink=\"https:\/\/www.infomoney.com.br\/tarcisio-gomes-de-freitas-1\/\" data-orig-file=\"https:\/\/www.infomoney.com.br\/wp-content\/uploads\/2019\/06\/tarcisio-gomes-de-freitas-1.jpg?fit=900%2C600&amp;quality=70&amp;strip=all\" data-orig-size=\"900,600\" data-comments-opened=\"1\" data-image-meta='{\"aperture\":\"0\",\"credit\":\"\",\"camera\":\"\",\"caption\":\"\",\"created_timestamp\":\"0\",\"copyright\":\"\",\"focal_length\":\"0\",\"iso\":\"0\",\"shutter_speed\":\"0\",\"title\":\"\",\"orientation\":\"0\"}' data-image-title=\"tarcisio-gomes-de-freitas-1\" data-image-description=\"\" data-image-caption=\"&lt;p&gt;Tarc\u00edsio Freitas, do Republicanos&lt;\/p&gt;\n\" data-medium-file=\"https:\/\/www.infomoney.com.br\/wp-content\/uploads\/2019\/06\/tarcisio-gomes-de-freitas-1.jpg?fit=300%2C200&amp;quality=70&amp;strip=all\" data-large-file=\"https:\/\/www.infomoney.com.br\/wp-content\/uploads\/2019\/06\/tarcisio-gomes-de-freitas-1.jpg?fit=900%2C600&amp;quality=70&amp;strip=all\">Governador paulista deve se reunir com o ex-presidente na quinta-feira para pedir apoio \u00e0 reforma<\/p>\n<p>The post <a rel=\"nofollow\" href=\"https:\/\/www.infomoney.com.br\/politica\/tarcisio-contraria-posicao-de-bolsonaro-e-busca-apoio-do-pl-a-reforma-tributaria\/\">Tarc\u00edsio contraria\u00a0posi\u00e7\u00e3o de Bolsonaro e busca apoio do PL \u00e0 reforma tribut\u00e1ria<\/a> appeared first on <a rel=\"nofollow\" href=\"https:\/\/www.infomoney.com.br\/\">InfoMoney<\/a>.<\/p>\n","protected":false},"author":46,"featured_media":0,"comment_status":"closed","ping_status":"closed","sticky":false,"template":"","format":"standard","meta":{"advgb_blocks_editor_width":"","advgb_blocks_columns_visual_guide":"","footnotes":""},"categories":[34,2842,47,191,366,367],"tags":[35],"class_list":["post-24214","post","type-post","status-publish","format-standard","hentry","category-g1","category-p-l","category-politica","category-reforma-tributaria","category-republicanos","category-tarcisio-de-freitas","tag-g1"],"author_meta":{"display_name":"Reuters","author_link":"https:\/\/sindaopcpb.org.br\/author\/reuters\/"},"featured_img":null,"coauthors":[],"tax_additional":{"categories":{"linked":["<a href=\"https:\/\/sindaopcpb.org.br\/g1\/\" class=\"advgb-post-tax-term\">G1<\/a>","<a href=\"https:\/\/sindaopcpb.org.br\/p-l\/\" class=\"advgb-post-tax-term\">P\/L<\/a>","<a href=\"https:\/\/sindaopcpb.org.br\/politica\/\" class=\"advgb-post-tax-term\">POLITICA<\/a>","<a href=\"https:\/\/sindaopcpb.org.br\/reforma-tributaria\/\" class=\"advgb-post-tax-term\">reforma tribut\u00e1ria<\/a>","<a href=\"https:\/\/sindaopcpb.org.br\/republicanos\/\" class=\"advgb-post-tax-term\">Republicanos<\/a>","<a href=\"https:\/\/sindaopcpb.org.br\/tarcisio-de-freitas\/\" class=\"advgb-post-tax-term\">Tarc\u00edsio de Freitas<\/a>"],"unlinked":["<span class=\"advgb-post-tax-term\">G1<\/span>","<span class=\"advgb-post-tax-term\">P\/L<\/span>","<span class=\"advgb-post-tax-term\">POLITICA<\/span>","<span class=\"advgb-post-tax-term\">reforma tribut\u00e1ria<\/span>","<span class=\"advgb-post-tax-term\">Republicanos<\/span>","<span class=\"advgb-post-tax-term\">Tarc\u00edsio de Freitas<\/span>"]},"tags":{"linked":["<a href=\"https:\/\/sindaopcpb.org.br\/tarcisio-de-freitas\/\" class=\"advgb-post-tax-term\">g1<\/a>"],"unlinked":["<span class=\"advgb-post-tax-term\">g1<\/span>"]}},"comment_count":"0","relative_dates":{"created":"Publicado 3 anos atr\u00e1s","modified":"Atualizado 3 anos atr\u00e1s"},"absolute_dates":{"created":"Publicado em 5 de julho de 2023","modified":"Atualizado em 5 de julho de 2023"},"absolute_dates_time":{"created":"Publicado em 5 de julho de 2023 18:50","modified":"Atualizado em 5 de julho de 2023 18:50"},"featured_img_caption":"","series_order":"","_links":{"self":[{"href":"https:\/\/sindaopcpb.org.br\/index.php\/wp-json\/wp\/v2\/posts\/24214","targetHints":{"allow":["GET"]}}],"collection":[{"href":"https:\/\/sindaopcpb.org.br\/index.php\/wp-json\/wp\/v2\/posts"}],"about":[{"href":"https:\/\/sindaopcpb.org.br\/index.php\/wp-json\/wp\/v2\/types\/post"}],"author":[{"embeddable":true,"href":"https:\/\/sindaopcpb.org.br\/index.php\/wp-json\/wp\/v2\/users\/46"}],"replies":[{"embeddable":true,"href":"https:\/\/sindaopcpb.org.br\/index.php\/wp-json\/wp\/v2\/comments?post=24214"}],"version-history":[{"count":1,"href":"https:\/\/sindaopcpb.org.br\/index.php\/wp-json\/wp\/v2\/posts\/24214\/revisions"}],"predecessor-version":[{"id":24216,"href":"https:\/\/sindaopcpb.org.br\/index.php\/wp-json\/wp\/v2\/posts\/24214\/revisions\/24216"}],"wp:attachment":[{"href":"https:\/\/sindaopcpb.org.br\/index.php\/wp-json\/wp\/v2\/media?parent=24214"}],"wp:term":[{"taxonomy":"category","embeddable":true,"href":"https:\/\/sindaopcpb.org.br\/index.php\/wp-json\/wp\/v2\/categories?post=24214"},{"taxonomy":"post_tag","embeddable":true,"href":"https:\/\/sindaopcpb.org.br\/index.php\/wp-json\/wp\/v2\/tags?post=24214"}],"curies":[{"name":"wp","href":"https:\/\/api.w.org\/{rel}","templated":true}]}}