{"id":24209,"date":"2023-07-05T18:54:00","date_gmt":"2023-07-05T21:54:00","guid":{"rendered":"https:\/\/www.infomoney.com.br\/?p=2180064"},"modified":"2023-07-05T18:54:00","modified_gmt":"2023-07-05T21:54:00","slug":"audiencia-do-senado-com-campos-neto-sera-em-3-de-agosto-diz-lindbergh-apos-reuniao-com-pacheco","status":"publish","type":"post","link":"https:\/\/sindaopcpb.org.br\/index.php\/2023\/07\/05\/audiencia-do-senado-com-campos-neto-sera-em-3-de-agosto-diz-lindbergh-apos-reuniao-com-pacheco\/","title":{"rendered":"Audi\u00eancia do Senado com Campos Neto ser\u00e1 em 3 de agosto, diz Lindbergh ap\u00f3s reuni\u00e3o com Pacheco"},"content":{"rendered":"<p><img loading=\"lazy\" width=\"300\" height=\"200\" src=\"https:\/\/www.infomoney.com.br\/wp-content\/uploads\/2023\/04\/52845955800_cc83d5d195_z.jpg?fit=300%2C200&amp;quality=70&amp;strip=all\" class=\"attachment-medium size-medium wp-post-image\" alt=\"\" decoding=\"async\" style=\"float:right; margin:0 0 10px 10px;\" srcset=\"https:\/\/www.infomoney.com.br\/wp-content\/uploads\/2023\/04\/52845955800_cc83d5d195_z.jpg?w=640&amp;quality=70&amp;strip=all 640w, https:\/\/www.infomoney.com.br\/wp-content\/uploads\/2023\/04\/52845955800_cc83d5d195_z.jpg?w=300&amp;quality=70&amp;strip=all 300w, https:\/\/www.infomoney.com.br\/wp-content\/uploads\/2023\/04\/52845955800_cc83d5d195_z.jpg?w=150&amp;quality=70&amp;strip=all 150w\" sizes=\"auto, (max-width: 300px) 100vw, 300px\" data-attachment-id=\"2116492\" data-permalink=\"https:\/\/www.infomoney.com.br\/economia\/eu-sei-o-custo-da-inflacao-para-os-mais-pobres-afirma-campos-neto-em-audiencia-no-senado\/attachment\/52845955800_cc83d5d195_z\/\" data-orig-file=\"https:\/\/www.infomoney.com.br\/wp-content\/uploads\/2023\/04\/52845955800_cc83d5d195_z.jpg?fit=640%2C427&amp;quality=70&amp;strip=all\" data-orig-size=\"640,427\" data-comments-opened=\"0\" data-image-meta=\"{&quot;aperture&quot;:&quot;0&quot;,&quot;credit&quot;:&quot;Pedro Fran\\u00e7a\\\/Ag\\u00eancia Senado&quot;,&quot;camera&quot;:&quot;&quot;,&quot;caption&quot;:&quot;&quot;,&quot;created_timestamp&quot;:&quot;0&quot;,&quot;copyright&quot;:&quot;Senado Federal do Brasil&quot;,&quot;focal_length&quot;:&quot;0&quot;,&quot;iso&quot;:&quot;0&quot;,&quot;shutter_speed&quot;:&quot;0&quot;,&quot;title&quot;:&quot;&quot;,&quot;orientation&quot;:&quot;0&quot;}\" data-image-title=\"Presidente do Banco Central, Roberto Campos Neto, na CAE do Senado\" data-image-description=\"&lt;p&gt;Presidente do Banco Central, Roberto Campos Neto, na CAE do Senado (Foto: Pedro Fran\u00e7a\/Ag\u00eancia Senado) &lt;\/p&gt;\n\" data-image-caption=\"&lt;p&gt;Presidente do Banco Central, Roberto Campos Neto, na CAE do Senado &lt;\/p&gt;\n\" data-medium-file=\"https:\/\/www.infomoney.com.br\/wp-content\/uploads\/2023\/04\/52845955800_cc83d5d195_z.jpg?fit=300%2C200&amp;quality=70&amp;strip=all\" data-large-file=\"https:\/\/www.infomoney.com.br\/wp-content\/uploads\/2023\/04\/52845955800_cc83d5d195_z.jpg?fit=640%2C427&amp;quality=70&amp;strip=all\" title=\"\"><\/p>\n<p>O presidente do Senado, Rodrigo Pacheco (PSD-MG), marcou para 3 de agosto a audi\u00eancia do presidente do Banco Central, Roberto Campos Neto, no plen\u00e1rio da Casa, de acordo com o deputado Lindbergh Farias (PT-RJ).<\/p>\n<p>Lindbergh falou depois de participar de reuni\u00e3o com Pacheco e representantes de diversos partidos governistas. Tamb\u00e9m participaram a presidente do PT, Gleisi Hoffmann (PR), o l\u00edder do PSD na C\u00e2mara, Ant\u00f4nio Brito (BA), entre outros pol\u00edticos.<\/p>\n<p>O grupo foi at\u00e9 Pacheco para aumentar a press\u00e3o por uma baixa na taxa de juros. Entregou ao presidente do Senado um pedido por escrito para que a Casa investigue a pol\u00edtica monet\u00e1ria.<\/p>\n<p>O Senado \u00e9 cen\u00e1rio preferencial para pressionar Campos Neto porque a lei que deu autonomia ao Banco Central estipulou que eventuais deposi\u00e7\u00f5es de dirigentes do \u00f3rg\u00e3o precisam do aceite da Casa.<\/p>\n<p>Pacheco j\u00e1 havia anunciado que realizaria um audi\u00eancia com Campos Neto no Senado, mas faltava decidir o dia.<\/p>\n<p>The post <a rel=\"nofollow noopener\" href=\"https:\/\/www.infomoney.com.br\/politica\/audiencia-do-senado-com-campos-neto-sera-em-3-de-agosto-diz-lindbergh-apos-reuniao-com-pacheco\/\" target=\"_blank\">Audi\u00eancia do Senado com Campos Neto ser\u00e1 em 3 de agosto, diz Lindbergh ap\u00f3s reuni\u00e3o com Pacheco<\/a> appeared first on <a rel=\"nofollow noopener\" href=\"https:\/\/www.infomoney.com.br\/\" target=\"_blank\">InfoMoney<\/a>.<\/p>\n","protected":false},"excerpt":{"rendered":"<p><img loading=\"lazy\" decoding=\"async\" width=\"300\" height=\"200\" src=\"https:\/\/www.infomoney.com.br\/wp-content\/uploads\/2023\/04\/52845955800_cc83d5d195_z.jpg?fit=300%2C200&amp;quality=70&amp;strip=all\" class=\"attachment-medium size-medium wp-post-image\" alt=\"\" data-attachment-id=\"2116492\" data-permalink=\"https:\/\/www.infomoney.com.br\/economia\/eu-sei-o-custo-da-inflacao-para-os-mais-pobres-afirma-campos-neto-em-audiencia-no-senado\/attachment\/52845955800_cc83d5d195_z\/\" data-orig-file=\"https:\/\/www.infomoney.com.br\/wp-content\/uploads\/2023\/04\/52845955800_cc83d5d195_z.jpg?fit=640%2C427&amp;quality=70&amp;strip=all\" data-orig-size=\"640,427\" data-comments-opened=\"0\" data-image-meta='{\"aperture\":\"0\",\"credit\":\"Pedro Fran\\u00e7a\\\/Ag\\u00eancia Senado\",\"camera\":\"\",\"caption\":\"\",\"created_timestamp\":\"0\",\"copyright\":\"Senado Federal do Brasil\",\"focal_length\":\"0\",\"iso\":\"0\",\"shutter_speed\":\"0\",\"title\":\"\",\"orientation\":\"0\"}' data-image-title=\"Presidente do Banco Central, Roberto Campos Neto, na CAE do Senado\" data-image-description=\"&lt;p&gt;Presidente do Banco Central, Roberto Campos Neto, na CAE do Senado (Foto: Pedro Fran\u00e7a\/Ag\u00eancia Senado) &lt;\/p&gt;\n\" data-image-caption=\"&lt;p&gt;Presidente do Banco Central, Roberto Campos Neto, na CAE do Senado &lt;\/p&gt;\n\" data-medium-file=\"https:\/\/www.infomoney.com.br\/wp-content\/uploads\/2023\/04\/52845955800_cc83d5d195_z.jpg?fit=300%2C200&amp;quality=70&amp;strip=all\" data-large-file=\"https:\/\/www.infomoney.com.br\/wp-content\/uploads\/2023\/04\/52845955800_cc83d5d195_z.jpg?fit=640%2C427&amp;quality=70&amp;strip=all\">Presidente do PT, Gleisi Hoffmann, e o l\u00edder do PSD na C\u00e2mara, Ant\u00f4nio Brito, tamb\u00e9m estiveram no encontro<\/p>\n<p>The post <a rel=\"nofollow\" href=\"https:\/\/www.infomoney.com.br\/politica\/audiencia-do-senado-com-campos-neto-sera-em-3-de-agosto-diz-lindbergh-apos-reuniao-com-pacheco\/\">Audi\u00eancia do Senado com Campos Neto ser\u00e1 em 3 de agosto, diz Lindbergh ap\u00f3s reuni\u00e3o com Pacheco<\/a> appeared first on <a rel=\"nofollow\" href=\"https:\/\/www.infomoney.com.br\/\">InfoMoney<\/a>.<\/p>\n","protected":false},"author":43,"featured_media":0,"comment_status":"closed","ping_status":"closed","sticky":false,"template":"","format":"standard","meta":{"advgb_blocks_editor_width":"","advgb_blocks_columns_visual_guide":"","footnotes":""},"categories":[279,34,47,281,402,1110,403,282],"tags":[35],"class_list":["post-24209","post","type-post","status-publish","format-standard","hentry","category-banco-central","category-g1","category-politica","category-politica-monetaria","category-roberto-campos-neto","category-selic","category-senado","category-taxa-de-juros","tag-g1"],"author_meta":{"display_name":"Estad\u00e3o Conte\u00fado","author_link":"https:\/\/sindaopcpb.org.br\/author\/estadao-conteudo\/"},"featured_img":null,"coauthors":[],"tax_additional":{"categories":{"linked":["<a href=\"https:\/\/sindaopcpb.org.br\/banco-central\/\" class=\"advgb-post-tax-term\">Banco Central<\/a>","<a href=\"https:\/\/sindaopcpb.org.br\/g1\/\" class=\"advgb-post-tax-term\">G1<\/a>","<a href=\"https:\/\/sindaopcpb.org.br\/politica\/\" class=\"advgb-post-tax-term\">POLITICA<\/a>","<a href=\"https:\/\/sindaopcpb.org.br\/politica-monetaria\/\" class=\"advgb-post-tax-term\">Pol\u00edtica Monet\u00e1ria<\/a>","<a href=\"https:\/\/sindaopcpb.org.br\/roberto-campos-neto\/\" class=\"advgb-post-tax-term\">Roberto Campos Neto<\/a>","<a href=\"https:\/\/sindaopcpb.org.br\/selic\/\" class=\"advgb-post-tax-term\">Selic<\/a>","<a href=\"https:\/\/sindaopcpb.org.br\/senado\/\" class=\"advgb-post-tax-term\">Senado<\/a>","<a href=\"https:\/\/sindaopcpb.org.br\/taxa-de-juros\/\" class=\"advgb-post-tax-term\">Taxa de Juros<\/a>"],"unlinked":["<span class=\"advgb-post-tax-term\">Banco Central<\/span>","<span class=\"advgb-post-tax-term\">G1<\/span>","<span class=\"advgb-post-tax-term\">POLITICA<\/span>","<span class=\"advgb-post-tax-term\">Pol\u00edtica Monet\u00e1ria<\/span>","<span class=\"advgb-post-tax-term\">Roberto Campos Neto<\/span>","<span class=\"advgb-post-tax-term\">Selic<\/span>","<span class=\"advgb-post-tax-term\">Senado<\/span>","<span class=\"advgb-post-tax-term\">Taxa de Juros<\/span>"]},"tags":{"linked":["<a href=\"https:\/\/sindaopcpb.org.br\/taxa-de-juros\/\" class=\"advgb-post-tax-term\">g1<\/a>"],"unlinked":["<span class=\"advgb-post-tax-term\">g1<\/span>"]}},"comment_count":"0","relative_dates":{"created":"Publicado 3 anos atr\u00e1s","modified":"Atualizado 3 anos atr\u00e1s"},"absolute_dates":{"created":"Publicado em 5 de julho de 2023","modified":"Atualizado em 5 de julho de 2023"},"absolute_dates_time":{"created":"Publicado em 5 de julho de 2023 18:54","modified":"Atualizado em 5 de julho de 2023 18:54"},"featured_img_caption":"","series_order":"","_links":{"self":[{"href":"https:\/\/sindaopcpb.org.br\/index.php\/wp-json\/wp\/v2\/posts\/24209","targetHints":{"allow":["GET"]}}],"collection":[{"href":"https:\/\/sindaopcpb.org.br\/index.php\/wp-json\/wp\/v2\/posts"}],"about":[{"href":"https:\/\/sindaopcpb.org.br\/index.php\/wp-json\/wp\/v2\/types\/post"}],"author":[{"embeddable":true,"href":"https:\/\/sindaopcpb.org.br\/index.php\/wp-json\/wp\/v2\/users\/43"}],"replies":[{"embeddable":true,"href":"https:\/\/sindaopcpb.org.br\/index.php\/wp-json\/wp\/v2\/comments?post=24209"}],"version-history":[{"count":1,"href":"https:\/\/sindaopcpb.org.br\/index.php\/wp-json\/wp\/v2\/posts\/24209\/revisions"}],"predecessor-version":[{"id":24211,"href":"https:\/\/sindaopcpb.org.br\/index.php\/wp-json\/wp\/v2\/posts\/24209\/revisions\/24211"}],"wp:attachment":[{"href":"https:\/\/sindaopcpb.org.br\/index.php\/wp-json\/wp\/v2\/media?parent=24209"}],"wp:term":[{"taxonomy":"category","embeddable":true,"href":"https:\/\/sindaopcpb.org.br\/index.php\/wp-json\/wp\/v2\/categories?post=24209"},{"taxonomy":"post_tag","embeddable":true,"href":"https:\/\/sindaopcpb.org.br\/index.php\/wp-json\/wp\/v2\/tags?post=24209"}],"curies":[{"name":"wp","href":"https:\/\/api.w.org\/{rel}","templated":true}]}}