{"id":24131,"date":"2023-07-05T13:12:00","date_gmt":"2023-07-05T16:12:00","guid":{"rendered":"https:\/\/www.infomoney.com.br\/?p=2178930"},"modified":"2023-07-05T13:12:00","modified_gmt":"2023-07-05T16:12:00","slug":"ministro-solicita-estudos-as-aereas-para-reduzir-precos-de-passagens-no-pais","status":"publish","type":"post","link":"https:\/\/sindaopcpb.org.br\/index.php\/2023\/07\/05\/ministro-solicita-estudos-as-aereas-para-reduzir-precos-de-passagens-no-pais\/","title":{"rendered":"Ministro solicita estudos \u00e0s a\u00e9reas para reduzir pre\u00e7os de passagens no pa\u00eds"},"content":{"rendered":"<p><img loading=\"lazy\" width=\"300\" height=\"216\" src=\"https:\/\/www.infomoney.com.br\/wp-content\/uploads\/2019\/06\/passagem-aerea-viagem.jpg?fit=300%2C216&amp;quality=70&amp;strip=all\" class=\"attachment-medium size-medium wp-post-image\" alt=\"\" decoding=\"async\" style=\"float:right; margin:0 0 10px 10px;\" srcset=\"https:\/\/www.infomoney.com.br\/wp-content\/uploads\/2019\/06\/passagem-aerea-viagem.jpg?w=900&amp;quality=70&amp;strip=all 900w, https:\/\/www.infomoney.com.br\/wp-content\/uploads\/2019\/06\/passagem-aerea-viagem.jpg?w=300&amp;quality=70&amp;strip=all 300w, https:\/\/www.infomoney.com.br\/wp-content\/uploads\/2019\/06\/passagem-aerea-viagem.jpg?w=768&amp;quality=70&amp;strip=all 768w, https:\/\/www.infomoney.com.br\/wp-content\/uploads\/2019\/06\/passagem-aerea-viagem.jpg?w=150&amp;quality=70&amp;strip=all 150w\" sizes=\"auto, (max-width: 300px) 100vw, 300px\" data-attachment-id=\"29994\" data-permalink=\"https:\/\/www.infomoney.com.br\/passagem-aerea-viagem\/\" data-orig-file=\"https:\/\/www.infomoney.com.br\/wp-content\/uploads\/2019\/06\/passagem-aerea-viagem.jpg?fit=900%2C648&amp;quality=70&amp;strip=all\" data-orig-size=\"900,648\" data-comments-opened=\"1\" data-image-meta=\"{&quot;aperture&quot;:&quot;0&quot;,&quot;credit&quot;:&quot;&quot;,&quot;camera&quot;:&quot;&quot;,&quot;caption&quot;:&quot;&quot;,&quot;created_timestamp&quot;:&quot;0&quot;,&quot;copyright&quot;:&quot;&quot;,&quot;focal_length&quot;:&quot;0&quot;,&quot;iso&quot;:&quot;0&quot;,&quot;shutter_speed&quot;:&quot;0&quot;,&quot;title&quot;:&quot;&quot;,&quot;orientation&quot;:&quot;0&quot;}\" data-image-title=\"passagem-aerea-viagem\" data-image-description=\"\" data-image-caption=\"&lt;p&gt;Passagem a\u00e9rea&lt;\/p&gt;\n\" data-medium-file=\"https:\/\/www.infomoney.com.br\/wp-content\/uploads\/2019\/06\/passagem-aerea-viagem.jpg?fit=300%2C216&amp;quality=70&amp;strip=all\" data-large-file=\"https:\/\/www.infomoney.com.br\/wp-content\/uploads\/2019\/06\/passagem-aerea-viagem.jpg?fit=900%2C648&amp;quality=70&amp;strip=all\" title=\"\"><\/p>\n<p>O ministro de Minas e Energia, Alexandre Silveira, solicitou que as empresas &aacute;reas apresentem possibilidades reais e estudos t&eacute;cnicos que viabilizem a redu&ccedil;&atilde;o nos pre&ccedil;os de passagens. O pedido foi feito &agrave; Associa&ccedil;&atilde;o Brasileira de Empresas A&eacute;reas (Abear) durante reuni&atilde;o nesta ter&ccedil;a-feira (4), para discutir sobre querosene de avia&ccedil;&atilde;o, o QAV. Tamb&eacute;m participaram do encontro representantes das empresas que atuam no Brasil.<\/p>\n<p>Durante a reuni&atilde;o, segundo nota do MME, o ministro se colocou &agrave; disposi&ccedil;&atilde;o para dialogar com as demais pastas e encontrar um modelo adequado para o pre&ccedil;o do combust&iacute;vel. De acordo com Silveira, h&aacute; um trabalho em parceria com os Minist&eacute;rios do Turismo e de Portos e Aeroportos para a &ldquo;democratiza&ccedil;&atilde;o das passagens a&eacute;reas e o desenvolvimento do setor&rdquo;.<\/p>\n<p>&ldquo;H&aacute; uma certa frustra&ccedil;&atilde;o de ver que a redu&ccedil;&atilde;o dos combust&iacute;veis n&atilde;o tem se refletido nos pre&ccedil;os das passagens. Claro que sabemos que existem outros fatores que impactam, por isso precisamos fazer um esfor&ccedil;o para que seja apresentada uma proposta do setor bastante objetiva, que d&ecirc; uma clareza do que isso representa, para que fa&ccedil;amos um esfor&ccedil;o para a redu&ccedil;&atilde;o dos valores das passagens&rdquo;, disse o ministro, em nota.<\/p>\n<p>O tema vem sendo discutido pelo governo e pelas empresas desde o in&iacute;cio do ano em reuni&otilde;es com representantes do MME e do Minist&eacute;rio do Turismo. As empresas pleiteiam a redu&ccedil;&atilde;o do pre&ccedil;o do combust&iacute;vel, al&eacute;m da melhoria no ambiente de custos e maior previsibilidade.<\/p>\n<h2><b>Di&aacute;logo com Petrobras<\/b><\/h2>\n<div class=\"cta-middle\">\n<div class=\"im-cta bg-light bg-opacity-25 border rounded-4 p-3 p-sm-4 p-md-3 p-lg-4 px-xxl-5 my-5\" >\n<div class=\"d-flex flex-column align-items-center align-items-lg-start mb-4 flex-lg-row\">\n<div class=\"rounded-circle mb-2 mb-lg-0 mr-lg-4 me-lg-4 p-3 p-lg-4 bg-red-500\"><svg width=\"40\" height=\"40\" viewBox=\"0 0 40 40\" fill=\"none\" xmlns=\"http:\/\/www.w3.org\/2000\/svg\"><path d=\"M19.958 33.083 8.833 27v-9.042L3.417 15l16.541-9.042L36.583 15v11.875h-1.875v-10.75l-3.583 1.833V27l-11.167 6.083Zm0-11.208L32.625 15 19.958 8.208 7.375 15l12.583 6.875Zm0 9.042 9.25-5.084v-6.75l-9.25 4.959-9.25-5v6.791l9.25 5.084Z\" fill=\"#fff\"\/><\/svg><\/div>\n<div class=\"flex-fill text-center text-lg-left\">\n<div class=\"h6 small text-orange-700 lh-base mb-1\">Masterclass<\/div>\n<div class=\"text-body h4 m-0\">O Poder da Renda Fixa Turbo<\/div>\n<div class=\"text-body small lh-base mt-2\">Aprenda na pr&aacute;tica como aumentar o seu patrim&ocirc;nio com rentabilidade, simplicidade e seguran&ccedil;a (e ainda ganhe 02 presentes do InfoMoney)<\/div>\n<\/div>\n<\/div>\n<div class=\"im-shortcode-forms-v2\" data-component-type=\"multiformBootstrapV2\" data-configuracao='{\"id\":\"2168425\",\"optimize_id\":\"\",\"nome\":false,\"titulo\":\"O Poder da Renda Fixa Turbo\",\"icone\":\"course\",\"chapeu\":\"Masterclass\",\"email\":true,\"telefone\":false,\"cpf\":false,\"campanha\":\"RFT\",\"LancamentoID\":\"112\",\"thankYouUrl\":\"\",\"idJorney\":\"APIEvent-6cf4ee7f-bae4-e0e2-cc3b-033332b04780\",\"idDE\":\"\",\"botaoLabel\":\"Quero participar\",\"contextSegment\":\"CursoLivre\",\"urlOrigem\":\"https:\\\/\\\/www.infomoney.com.br\\\/consumo\\\/ministro-solicita-estudos-as-aereas-para-reduzir-precos-de-passagens-no-pais\\\/?utm_medium=materia&#038;utm_source=infomoney&#038;utm_campaign=202305_rft_axp_lead&#038;utm_term=consumo&#038;utm_content=\",\"openBlank\":true,\"gaPosition\":\"meio\",\"gaCategory\":\"cta_form\",\"useCaptacaoLead\":true,\"dataUTM\":{\"utmMedium\":\"materia\",\"utmSource\":\"infomoney\",\"utmCampaign\":\"202305_rft_axp_lead\",\"utmTerm\":\"consumo\",\"utmContent\":\"\"}}'><\/div>\n<\/p><\/div>\n<\/div>\n<p>No encontro, a Abear voltou a defender a continuidade do di&aacute;logo com a Petrobras sobre o pre&ccedil;o do combust&iacute;vel, segundo a presidente da associa&ccedil;&atilde;o, Jurema Monteiro. &ldquo;O que tem mais peso no pre&ccedil;o &eacute; o pr&oacute;prio combust&iacute;vel, seja refinado ou importado. Por isso, precisamos seguir dialogando com quem produz: a Petrobras&rdquo;, afirmou ao Broadcast. Com isso, outros gastos, incluindo tributos, log&iacute;stica e distribui&ccedil;&atilde;o, e custos de aeroportos, t&ecirc;m um impacto menor.<\/p>\n<p>Jurema destaca a alta de 140% no QAV entre 2020 e 2023 apesar dos cortes recentes nos pre&ccedil;os de combust&iacute;vel. Atualmente, o querosene de avia&ccedil;&atilde;o representa cerca de 40% dos custos das a&eacute;reas brasileiras, ante uma m&eacute;dia de 20% nos Estados Unidos, por exemplo. &ldquo;Temos trabalhado com essa compara&ccedil;&atilde;o e o objetivo inicial &eacute; reduzir o pre&ccedil;o &ndash; o quanto, ainda estamos estudando&rdquo;.<\/p>\n<p>A expectativa da presidente da Abear &eacute; que, com o apoio do Minist&eacute;rio de Minas e Energia e de outras pastas, como Turismo e Portos e Aeroportos, os di&aacute;logos ganhem for&ccedil;a. Em rela&ccedil;&atilde;o ao encontro desta ter&ccedil;a, a representante Jurema diz que o ministro Alexandre Silveira reagiu bem, enquanto a &ldquo;democratiza&ccedil;&atilde;o da avia&ccedil;&atilde;o &eacute; uma pauta do governo&rdquo;.<\/p>\n<p>Procuradas, a Latam e a Gol, que participaram da reuni&atilde;o, optaram por se pronunciar por meio da Abear. J&aacute; a Azul, que tamb&eacute;m esteve presente, afirmou que n&atilde;o iria se manifestar sobre o encontro.<\/p>\n<p>&nbsp;<\/p>\n<\/p>\n<p>The post <a rel=\"nofollow noopener\" href=\"https:\/\/www.infomoney.com.br\/consumo\/ministro-solicita-estudos-as-aereas-para-reduzir-precos-de-passagens-no-pais\/\" target=\"_blank\">Ministro solicita estudos \u00e0s a\u00e9reas para reduzir pre\u00e7os de passagens no pa\u00eds<\/a> appeared first on <a rel=\"nofollow noopener\" href=\"https:\/\/www.infomoney.com.br\/\" target=\"_blank\">InfoMoney<\/a>.<\/p>\n","protected":false},"excerpt":{"rendered":"<p><img loading=\"lazy\" decoding=\"async\" width=\"300\" height=\"216\" src=\"https:\/\/www.infomoney.com.br\/wp-content\/uploads\/2019\/06\/passagem-aerea-viagem.jpg?fit=300%2C216&amp;quality=70&amp;strip=all\" class=\"attachment-medium size-medium wp-post-image\" alt=\"\" data-attachment-id=\"29994\" data-permalink=\"https:\/\/www.infomoney.com.br\/passagem-aerea-viagem\/\" data-orig-file=\"https:\/\/www.infomoney.com.br\/wp-content\/uploads\/2019\/06\/passagem-aerea-viagem.jpg?fit=900%2C648&amp;quality=70&amp;strip=all\" data-orig-size=\"900,648\" data-comments-opened=\"1\" data-image-meta='{\"aperture\":\"0\",\"credit\":\"\",\"camera\":\"\",\"caption\":\"\",\"created_timestamp\":\"0\",\"copyright\":\"\",\"focal_length\":\"0\",\"iso\":\"0\",\"shutter_speed\":\"0\",\"title\":\"\",\"orientation\":\"0\"}' data-image-title=\"passagem-aerea-viagem\" data-image-description=\"\" data-image-caption=\"&lt;p&gt;Passagem a\u00e9rea&lt;\/p&gt;\n\" data-medium-file=\"https:\/\/www.infomoney.com.br\/wp-content\/uploads\/2019\/06\/passagem-aerea-viagem.jpg?fit=300%2C216&amp;quality=70&amp;strip=all\" data-large-file=\"https:\/\/www.infomoney.com.br\/wp-content\/uploads\/2019\/06\/passagem-aerea-viagem.jpg?fit=900%2C648&amp;quality=70&amp;strip=all\">Empresas alegam que o querosene de avia\u00e7\u00e3o representam 40% dos custos operacionais<\/p>\n<p>The post <a rel=\"nofollow\" href=\"https:\/\/www.infomoney.com.br\/consumo\/ministro-solicita-estudos-as-aereas-para-reduzir-precos-de-passagens-no-pais\/\">Ministro solicita estudos \u00e0s a\u00e9reas para reduzir pre\u00e7os de passagens no pa\u00eds<\/a> appeared first on <a rel=\"nofollow\" href=\"https:\/\/www.infomoney.com.br\/\">InfoMoney<\/a>.<\/p>\n","protected":false},"author":43,"featured_media":0,"comment_status":"closed","ping_status":"closed","sticky":false,"template":"","format":"standard","meta":{"advgb_blocks_editor_width":"","advgb_blocks_columns_visual_guide":"","footnotes":""},"categories":[201,34,123,5872,47,5873,2986],"tags":[35],"class_list":["post-24131","post","type-post","status-publish","format-standard","hentry","category-consumo","category-g1","category-ministerio-de-minas-e-energia","category-passagem-aerea","category-politica","category-querosene","category-setor-aereo","tag-g1"],"author_meta":{"display_name":"Estad\u00e3o Conte\u00fado","author_link":"https:\/\/sindaopcpb.org.br\/author\/estadao-conteudo\/"},"featured_img":null,"coauthors":[],"tax_additional":{"categories":{"linked":["<a href=\"https:\/\/sindaopcpb.org.br\/consumo\/\" class=\"advgb-post-tax-term\">Consumo<\/a>","<a href=\"https:\/\/sindaopcpb.org.br\/g1\/\" class=\"advgb-post-tax-term\">G1<\/a>","<a href=\"https:\/\/sindaopcpb.org.br\/ministerio-de-minas-e-energia\/\" class=\"advgb-post-tax-term\">Minist\u00e9rio de Minas e Energia<\/a>","<a href=\"https:\/\/sindaopcpb.org.br\/passagem-aerea\/\" class=\"advgb-post-tax-term\">Passagem a\u00e9rea<\/a>","<a href=\"https:\/\/sindaopcpb.org.br\/politica\/\" class=\"advgb-post-tax-term\">POLITICA<\/a>","<a href=\"https:\/\/sindaopcpb.org.br\/querosene\/\" class=\"advgb-post-tax-term\">querosene<\/a>","<a href=\"https:\/\/sindaopcpb.org.br\/setor-aereo\/\" class=\"advgb-post-tax-term\">Setor a\u00e9reo<\/a>"],"unlinked":["<span class=\"advgb-post-tax-term\">Consumo<\/span>","<span class=\"advgb-post-tax-term\">G1<\/span>","<span class=\"advgb-post-tax-term\">Minist\u00e9rio de Minas e Energia<\/span>","<span class=\"advgb-post-tax-term\">Passagem a\u00e9rea<\/span>","<span class=\"advgb-post-tax-term\">POLITICA<\/span>","<span class=\"advgb-post-tax-term\">querosene<\/span>","<span class=\"advgb-post-tax-term\">Setor a\u00e9reo<\/span>"]},"tags":{"linked":["<a href=\"https:\/\/sindaopcpb.org.br\/setor-aereo\/\" class=\"advgb-post-tax-term\">g1<\/a>"],"unlinked":["<span class=\"advgb-post-tax-term\">g1<\/span>"]}},"comment_count":"0","relative_dates":{"created":"Publicado 3 anos atr\u00e1s","modified":"Atualizado 3 anos atr\u00e1s"},"absolute_dates":{"created":"Publicado em 5 de julho de 2023","modified":"Atualizado em 5 de julho de 2023"},"absolute_dates_time":{"created":"Publicado em 5 de julho de 2023 13:12","modified":"Atualizado em 5 de julho de 2023 13:12"},"featured_img_caption":"","series_order":"","_links":{"self":[{"href":"https:\/\/sindaopcpb.org.br\/index.php\/wp-json\/wp\/v2\/posts\/24131","targetHints":{"allow":["GET"]}}],"collection":[{"href":"https:\/\/sindaopcpb.org.br\/index.php\/wp-json\/wp\/v2\/posts"}],"about":[{"href":"https:\/\/sindaopcpb.org.br\/index.php\/wp-json\/wp\/v2\/types\/post"}],"author":[{"embeddable":true,"href":"https:\/\/sindaopcpb.org.br\/index.php\/wp-json\/wp\/v2\/users\/43"}],"replies":[{"embeddable":true,"href":"https:\/\/sindaopcpb.org.br\/index.php\/wp-json\/wp\/v2\/comments?post=24131"}],"version-history":[{"count":1,"href":"https:\/\/sindaopcpb.org.br\/index.php\/wp-json\/wp\/v2\/posts\/24131\/revisions"}],"predecessor-version":[{"id":24132,"href":"https:\/\/sindaopcpb.org.br\/index.php\/wp-json\/wp\/v2\/posts\/24131\/revisions\/24132"}],"wp:attachment":[{"href":"https:\/\/sindaopcpb.org.br\/index.php\/wp-json\/wp\/v2\/media?parent=24131"}],"wp:term":[{"taxonomy":"category","embeddable":true,"href":"https:\/\/sindaopcpb.org.br\/index.php\/wp-json\/wp\/v2\/categories?post=24131"},{"taxonomy":"post_tag","embeddable":true,"href":"https:\/\/sindaopcpb.org.br\/index.php\/wp-json\/wp\/v2\/tags?post=24131"}],"curies":[{"name":"wp","href":"https:\/\/api.w.org\/{rel}","templated":true}]}}