{"id":24120,"date":"2023-07-05T13:10:59","date_gmt":"2023-07-05T16:10:59","guid":{"rendered":"https:\/\/wpa.wscom.com.br\/?p=910069"},"modified":"2023-07-05T13:10:59","modified_gmt":"2023-07-05T16:10:59","slug":"mp-recomenda-que-prefeito-paraibano-revogue-decreto-sobre-abate-de-animais-e-diz-que-constituicao-proibe-crueldade-aos-bichos","status":"publish","type":"post","link":"https:\/\/sindaopcpb.org.br\/index.php\/2023\/07\/05\/mp-recomenda-que-prefeito-paraibano-revogue-decreto-sobre-abate-de-animais-e-diz-que-constituicao-proibe-crueldade-aos-bichos\/","title":{"rendered":"MP recomenda que prefeito paraibano revogue decreto sobre abate de animais e diz que Constitui\u00e7\u00e3o pro\u00edbe \u2018crueldade\u2019 aos bichos"},"content":{"rendered":"<p>A Promotoria de Justi\u00e7a de Cabedelo expediu, nesta quarta-feira (5), uma recomenda\u00e7\u00e3o ao Munic\u00edpio de Lucena, no qual tem atua\u00e7\u00e3o, para que revogue o decreto municipal que disp\u00f5e sobre a apreens\u00e3o e o abate de animais. O \u00f3rg\u00e3o do Minist\u00e9rio P\u00fablico da Para\u00edba (MPPB) justificou que o dispositivo afronta a Constitui\u00e7\u00e3o Federal, a qual \u201cimp\u00f5e ao poder p\u00fablico o dever de prote\u00e7\u00e3o da fauna e da flora e pro\u00edbe pr\u00e1ticas que submetam os animais \u00e0 crueldade\u201d. O prefeito tem cinco dias para se manifestar sobre o recomendado.<\/p>\n<p>&nbsp;<\/p>\n<p>A recomenda\u00e7\u00e3o foi expedida pelo promotor de Justi\u00e7a de Cabedelo, Francisco Bergson Gomes Formiga Barros, como pe\u00e7a do Inqu\u00e9rito Civil 001.2023.001373, instaurado para apurar a situa\u00e7\u00e3o. De acordo com o representante do MPPB, \u201co decreto prev\u00ea que animais de m\u00e9dio e grande porte do munic\u00edpio de Lucena, que forem abandonados por seus donos, poder\u00e3o ser leiloados ou mesmo abatidos pela Prefeitura Municipal de Lucena\u201d. Ele destaca que \u201cem 2021, o Supremo Tribunal Federal (STF) vedou o abate de animais silvestres, dom\u00e9sticos ou domesticados, nativos ou ex\u00f3ticos, apreendidos em situa\u00e7\u00e3o de maus-tratos\u201d.<\/p>\n<p>&nbsp;<\/p>\n<p>Bergson Formiga Barros tamb\u00e9m ressalta, no IC, que, segundo a Lei dos Crimes Ambientais (Lei 9.605\/1998), os animais apreendidos devem ser reintegrados preferencialmente ao seu habitat natural ou entregues a institui\u00e7\u00f5es adequadas, como jardins zool\u00f3gicos e funda\u00e7\u00f5es. Por esses e outros motivos, o promotor de Justi\u00e7a recomendou a revoga\u00e7\u00e3o do decreto, dando o prazo de cinco dias para que o Munic\u00edpio informe \u00e0 Promotoria de Justi\u00e7a acerca do atendimento espont\u00e2neo da recomenda\u00e7\u00e3o. Outras medidas extrajudiciais e judiciais podem ser adotadas.<\/p>\n<p>O post <a rel=\"nofollow noopener\" href=\"https:\/\/wscom.com.br\/mp-recomenda-que-prefeito-paraibano-revogue-decreto-sobre-abate-de-animais-e-diz-constituicao-proibe-crueldade-aos-bichos\/\" target=\"_blank\">MP recomenda que prefeito paraibano revogue decreto sobre abate de animais e diz que Constitui\u00e7\u00e3o pro\u00edbe &#8216;crueldade&#8217; aos bichos<\/a> apareceu primeiro em <a rel=\"nofollow noopener\" href=\"https:\/\/wscom.com.br\/\" target=\"_blank\">WSCOM<\/a>.<\/p>\n","protected":false},"excerpt":{"rendered":"<p>A Promotoria de Justi\u00e7a de Cabedelo expediu, nesta quarta-feira (5), uma recomenda\u00e7\u00e3o ao Munic\u00edpio de Lucena, no qual tem atua\u00e7\u00e3o, para que revogue o decreto municipal que disp\u00f5e sobre a apreens\u00e3o e o abate de animais. O \u00f3rg\u00e3o do Minist\u00e9rio P\u00fablico da Para\u00edba (MPPB) justificou que o dispositivo afronta a Constitui\u00e7\u00e3o Federal, a qual \u201cimp\u00f5e [\u2026]<\/p>\n<p>O post <a rel=\"nofollow\" href=\"https:\/\/wscom.com.br\/mp-recomenda-que-prefeito-paraibano-revogue-decreto-sobre-abate-de-animais-e-diz-constituicao-proibe-crueldade-aos-bichos\/\">MP recomenda que prefeito paraibano revogue decreto sobre abate de animais e diz que Constitui\u00e7\u00e3o pro\u00edbe \u2018crueldade\u2019 aos bichos<\/a> apareceu primeiro em <a rel=\"nofollow\" href=\"https:\/\/wscom.com.br\/\">WSCOM<\/a>.<\/p>\n","protected":false},"author":50,"featured_media":0,"comment_status":"closed","ping_status":"closed","sticky":false,"template":"","format":"standard","meta":{"advgb_blocks_editor_width":"","advgb_blocks_columns_visual_guide":"","footnotes":""},"categories":[2948,471,34,47],"tags":[35],"class_list":["post-24120","post","type-post","status-publish","format-standard","hentry","category-animais","category-cabedelo","category-g1","category-politica","tag-g1"],"author_meta":{"display_name":"Wallyson","author_link":"https:\/\/sindaopcpb.org.br\/author\/wallyson\/"},"featured_img":null,"coauthors":[],"tax_additional":{"categories":{"linked":["<a href=\"https:\/\/sindaopcpb.org.br\/animais\/\" class=\"advgb-post-tax-term\">animais<\/a>","<a href=\"https:\/\/sindaopcpb.org.br\/cabedelo\/\" class=\"advgb-post-tax-term\">cabedelo<\/a>","<a href=\"https:\/\/sindaopcpb.org.br\/g1\/\" class=\"advgb-post-tax-term\">G1<\/a>","<a href=\"https:\/\/sindaopcpb.org.br\/politica\/\" class=\"advgb-post-tax-term\">POLITICA<\/a>"],"unlinked":["<span class=\"advgb-post-tax-term\">animais<\/span>","<span class=\"advgb-post-tax-term\">cabedelo<\/span>","<span class=\"advgb-post-tax-term\">G1<\/span>","<span class=\"advgb-post-tax-term\">POLITICA<\/span>"]},"tags":{"linked":["<a href=\"https:\/\/sindaopcpb.org.br\/politica\/\" class=\"advgb-post-tax-term\">g1<\/a>"],"unlinked":["<span class=\"advgb-post-tax-term\">g1<\/span>"]}},"comment_count":"0","relative_dates":{"created":"Publicado 3 anos atr\u00e1s","modified":"Atualizado 3 anos atr\u00e1s"},"absolute_dates":{"created":"Publicado em 5 de julho de 2023","modified":"Atualizado em 5 de julho de 2023"},"absolute_dates_time":{"created":"Publicado em 5 de julho de 2023 13:10","modified":"Atualizado em 5 de julho de 2023 13:10"},"featured_img_caption":"","series_order":"","_links":{"self":[{"href":"https:\/\/sindaopcpb.org.br\/index.php\/wp-json\/wp\/v2\/posts\/24120","targetHints":{"allow":["GET"]}}],"collection":[{"href":"https:\/\/sindaopcpb.org.br\/index.php\/wp-json\/wp\/v2\/posts"}],"about":[{"href":"https:\/\/sindaopcpb.org.br\/index.php\/wp-json\/wp\/v2\/types\/post"}],"author":[{"embeddable":true,"href":"https:\/\/sindaopcpb.org.br\/index.php\/wp-json\/wp\/v2\/users\/50"}],"replies":[{"embeddable":true,"href":"https:\/\/sindaopcpb.org.br\/index.php\/wp-json\/wp\/v2\/comments?post=24120"}],"version-history":[{"count":1,"href":"https:\/\/sindaopcpb.org.br\/index.php\/wp-json\/wp\/v2\/posts\/24120\/revisions"}],"predecessor-version":[{"id":24121,"href":"https:\/\/sindaopcpb.org.br\/index.php\/wp-json\/wp\/v2\/posts\/24120\/revisions\/24121"}],"wp:attachment":[{"href":"https:\/\/sindaopcpb.org.br\/index.php\/wp-json\/wp\/v2\/media?parent=24120"}],"wp:term":[{"taxonomy":"category","embeddable":true,"href":"https:\/\/sindaopcpb.org.br\/index.php\/wp-json\/wp\/v2\/categories?post=24120"},{"taxonomy":"post_tag","embeddable":true,"href":"https:\/\/sindaopcpb.org.br\/index.php\/wp-json\/wp\/v2\/tags?post=24120"}],"curies":[{"name":"wp","href":"https:\/\/api.w.org\/{rel}","templated":true}]}}