{"id":24089,"date":"2023-07-05T10:56:19","date_gmt":"2023-07-05T13:56:19","guid":{"rendered":"https:\/\/www.infomoney.com.br\/?p=2179343"},"modified":"2023-07-05T10:56:19","modified_gmt":"2023-07-05T13:56:19","slug":"frente-nacional-dos-prefeitos-intensifica-mobilizacao-contra-reforma-tributaria","status":"publish","type":"post","link":"https:\/\/sindaopcpb.org.br\/index.php\/2023\/07\/05\/frente-nacional-dos-prefeitos-intensifica-mobilizacao-contra-reforma-tributaria\/","title":{"rendered":"Frente Nacional dos Prefeitos intensifica mobiliza\u00e7\u00e3o contra reforma tribut\u00e1ria"},"content":{"rendered":"<p><img loading=\"lazy\" width=\"300\" height=\"200\" src=\"https:\/\/www.infomoney.com.br\/wp-content\/uploads\/2019\/06\/congresso-3.jpg?fit=300%2C200&amp;quality=70&amp;strip=all\" class=\"attachment-medium size-medium wp-post-image\" alt=\"\" decoding=\"async\" style=\"float:right; margin:0 0 10px 10px;\" srcset=\"https:\/\/www.infomoney.com.br\/wp-content\/uploads\/2019\/06\/congresso-3.jpg?w=900&amp;quality=70&amp;strip=all 900w, https:\/\/www.infomoney.com.br\/wp-content\/uploads\/2019\/06\/congresso-3.jpg?w=300&amp;quality=70&amp;strip=all 300w, https:\/\/www.infomoney.com.br\/wp-content\/uploads\/2019\/06\/congresso-3.jpg?w=768&amp;quality=70&amp;strip=all 768w, https:\/\/www.infomoney.com.br\/wp-content\/uploads\/2019\/06\/congresso-3.jpg?w=150&amp;quality=70&amp;strip=all 150w\" sizes=\"auto, (max-width: 300px) 100vw, 300px\" data-attachment-id=\"55486\" data-permalink=\"https:\/\/www.infomoney.com.br\/congresso-3\/\" data-orig-file=\"https:\/\/www.infomoney.com.br\/wp-content\/uploads\/2019\/06\/congresso-3.jpg?fit=900%2C600&amp;quality=70&amp;strip=all\" data-orig-size=\"900,600\" data-comments-opened=\"1\" data-image-meta=\"{&quot;aperture&quot;:&quot;0&quot;,&quot;credit&quot;:&quot;&quot;,&quot;camera&quot;:&quot;&quot;,&quot;caption&quot;:&quot;&quot;,&quot;created_timestamp&quot;:&quot;0&quot;,&quot;copyright&quot;:&quot;&quot;,&quot;focal_length&quot;:&quot;0&quot;,&quot;iso&quot;:&quot;0&quot;,&quot;shutter_speed&quot;:&quot;0&quot;,&quot;title&quot;:&quot;&quot;,&quot;orientation&quot;:&quot;0&quot;}\" data-image-title=\"congresso-3\" data-image-description=\"\" data-image-caption=\"\" data-medium-file=\"https:\/\/www.infomoney.com.br\/wp-content\/uploads\/2019\/06\/congresso-3.jpg?fit=300%2C200&amp;quality=70&amp;strip=all\" data-large-file=\"https:\/\/www.infomoney.com.br\/wp-content\/uploads\/2019\/06\/congresso-3.jpg?fit=900%2C600&amp;quality=70&amp;strip=all\" title=\"\"><\/p>\n<p>A Frente Nacional dos Prefeitos intensificou nesta ter\u00e7a-feira (4) a mobiliza\u00e7\u00e3o contra a proposta de reforma tribut\u00e1ria pronta para vota\u00e7\u00e3o no Plen\u00e1rio da C\u00e2mara dos Deputados. Al\u00e9m de reuni\u00f5es com o presidente da Casa, Arthur Lira (PP-AL), e outros parlamentares, os prefeitos lan\u00e7aram uma campanha institucional para ser veiculada em r\u00e1dio e TV.<\/p>\n<p>De modo geral, eles afirmam que a reforma reduz a arrecada\u00e7\u00e3o dos munic\u00edpios, concentra recursos tribut\u00e1rios na Uni\u00e3o, fere o pacto federativo e aumenta os impostos de v\u00e1rios setores da economia. Presidente da frente, o prefeito de Aracaju, Edvaldo Nogueira, sintetizou as cr\u00edticas. \u201cEla aumenta impostos principalmente no setor de servi\u00e7os e no agroneg\u00f3cio. Essa reforma prejudica os munic\u00edpios brasileiros e prejudica a sociedade\u201d, disse.<\/p>\n<p>O prefeito de S\u00e3o Paulo, Ricardo Nunes, apresentou proje\u00e7\u00f5es de aumento da carga tribut\u00e1ria no setor de servi\u00e7os em caso de aprova\u00e7\u00e3o da reforma. Livros e jornais, por exemplo, sairiam de uma carga tribut\u00e1ria atual de 14% para 22%. Tamb\u00e9m haveria aumento de impostos nas \u00e1reas de condom\u00ednio (de 15% para 21%) e de vigil\u00e2ncia (de 11% para 22%), segundo Ricardo Nunes.<\/p>\n<p>\u201cO aumento da carga tribut\u00e1ria para o setor de servi\u00e7o: de 26,6% para 35,8%, quando a empresa est\u00e1 no lucro real; e, no setor de lucro presumido, vai de 21,9% para 34,4%. N\u00e3o nos parece razo\u00e1vel\u201d, completou Nunes.<\/p>\n<p>O setor de servi\u00e7os \u00e9 a principal fonte de recursos tribut\u00e1rios dos munic\u00edpios por conta do ISS.\u00a0 J\u00e1 na reforma em an\u00e1lise na C\u00e2mara, esse imposto seria um dos tributos substitu\u00eddos pelo novo Imposto sobre Bens e Servi\u00e7os (IBS), gerido por estados e munic\u00edpios. Ricardo Nunes disse que eventuais perdas de arrecada\u00e7\u00e3o dos munic\u00edpios ter\u00e3o que ser compensadas com o aumento de outros tributos, como o IPTU.<\/p>\n<p>O prefeito do Rio de Janeiro, Eduardo Paes, tamb\u00e9m apontou preju\u00edzos para os munic\u00edpios com impacto na qualidade dos servi\u00e7os prestados \u00e0 popula\u00e7\u00e3o. Paes associa a reforma a ataques ao pacto e ao equil\u00edbrio federativo. \u201c\u00c9 o maior retrocesso institucional da hist\u00f3ria brasileira, que \u00e9 incorporar e tirar uma parte da autonomia dos munic\u00edpios, o que foi uma conquista da Constitui\u00e7\u00e3o de 1988. N\u00f3s estamos voltando ao modelo de um Brasil autorit\u00e1rio e centralizador, em que tudo se resolvia vindo a Bras\u00edlia. E, certamente, n\u00e3o \u00e9 o Pa\u00eds que n\u00f3s queremos\u201d, defendeu.<\/p>\n<h2><strong>Adiamento<\/strong><\/h2>\n<p>A Frente Nacional dos Prefeitos reclama de n\u00e3o ter sido ouvida na s\u00e9rie de debates da reforma tribut\u00e1ria. No encontro com o presidente da C\u00e2mara, Arthur Lira, eles pediram o adiamento da vota\u00e7\u00e3o do texto, prevista para esta semana.<\/p>\n<p>Ex-presidente da frente e ex-prefeito de Campinas, o deputado Jonas Donizette (PSB-SP) ainda v\u00ea possibilidade de atendimento das reivindica\u00e7\u00f5es. \u201cA primeira delas era que fosse adiada a vota\u00e7\u00e3o. O presidente recha\u00e7ou, mas deixou aberto para receber sugest\u00f5es. A meta agora \u00e9 fazer com que os prefeitos apresentem propostas para ver o que podem melhorar. Eu me coloco \u00e0 disposi\u00e7\u00e3o para isso\u201d, afirmou.<\/p>\n<p>A Frente Nacional dos Prefeitos re\u00fane os chefes do Executivo de 510 munic\u00edpios com mais de 80 mil habitantes, correspondentes a 60% da popula\u00e7\u00e3o brasileira e 60% do PIB.<\/p>\n<p>The post <a rel=\"nofollow noopener\" href=\"https:\/\/www.infomoney.com.br\/politica\/frente-nacional-dos-prefeitos-intensifica-mobilizacao-contra-reforma-tributaria\/\" target=\"_blank\">Frente Nacional dos Prefeitos intensifica mobiliza\u00e7\u00e3o contra reforma tribut\u00e1ria<\/a> appeared first on <a rel=\"nofollow noopener\" href=\"https:\/\/www.infomoney.com.br\/\" target=\"_blank\">InfoMoney<\/a>.<\/p>\n","protected":false},"excerpt":{"rendered":"<p><img loading=\"lazy\" decoding=\"async\" width=\"300\" height=\"200\" src=\"https:\/\/www.infomoney.com.br\/wp-content\/uploads\/2019\/06\/congresso-3.jpg?fit=300%2C200&amp;quality=70&amp;strip=all\" class=\"attachment-medium size-medium wp-post-image\" alt=\"\" data-attachment-id=\"55486\" data-permalink=\"https:\/\/www.infomoney.com.br\/congresso-3\/\" data-orig-file=\"https:\/\/www.infomoney.com.br\/wp-content\/uploads\/2019\/06\/congresso-3.jpg?fit=900%2C600&amp;quality=70&amp;strip=all\" data-orig-size=\"900,600\" data-comments-opened=\"1\" data-image-meta='{\"aperture\":\"0\",\"credit\":\"\",\"camera\":\"\",\"caption\":\"\",\"created_timestamp\":\"0\",\"copyright\":\"\",\"focal_length\":\"0\",\"iso\":\"0\",\"shutter_speed\":\"0\",\"title\":\"\",\"orientation\":\"0\"}' data-image-title=\"congresso-3\" data-image-description=\"\" data-image-caption=\"\" data-medium-file=\"https:\/\/www.infomoney.com.br\/wp-content\/uploads\/2019\/06\/congresso-3.jpg?fit=300%2C200&amp;quality=70&amp;strip=all\" data-large-file=\"https:\/\/www.infomoney.com.br\/wp-content\/uploads\/2019\/06\/congresso-3.jpg?fit=900%2C600&amp;quality=70&amp;strip=all\">Gestores municipais afirmam que a reforma vai reduzir a arrecada\u00e7\u00e3o das cidades, e aumentar a carga tribut\u00e1ria para setores espec\u00edficos<\/p>\n<p>The post <a rel=\"nofollow\" href=\"https:\/\/www.infomoney.com.br\/politica\/frente-nacional-dos-prefeitos-intensifica-mobilizacao-contra-reforma-tributaria\/\">Frente Nacional dos Prefeitos intensifica mobiliza\u00e7\u00e3o contra reforma tribut\u00e1ria<\/a> appeared first on <a rel=\"nofollow\" href=\"https:\/\/www.infomoney.com.br\/\">InfoMoney<\/a>.<\/p>\n","protected":false},"author":47,"featured_media":0,"comment_status":"closed","ping_status":"closed","sticky":false,"template":"","format":"standard","meta":{"advgb_blocks_editor_width":"","advgb_blocks_columns_visual_guide":"","footnotes":""},"categories":[535,98,34,5707,47,191],"tags":[35],"class_list":["post-24089","post","type-post","status-publish","format-standard","hentry","category-arrecadacao","category-cidades","category-g1","category-iss","category-politica","category-reforma-tributaria","tag-g1"],"author_meta":{"display_name":"luispereira","author_link":"https:\/\/sindaopcpb.org.br\/author\/luispereira\/"},"featured_img":null,"coauthors":[],"tax_additional":{"categories":{"linked":["<a href=\"https:\/\/sindaopcpb.org.br\/arrecadacao\/\" class=\"advgb-post-tax-term\">Arrecada\u00e7\u00e3o<\/a>","<a href=\"https:\/\/sindaopcpb.org.br\/cidades\/\" class=\"advgb-post-tax-term\">cidades<\/a>","<a href=\"https:\/\/sindaopcpb.org.br\/g1\/\" class=\"advgb-post-tax-term\">G1<\/a>","<a href=\"https:\/\/sindaopcpb.org.br\/iss\/\" class=\"advgb-post-tax-term\">ISS<\/a>","<a href=\"https:\/\/sindaopcpb.org.br\/politica\/\" class=\"advgb-post-tax-term\">POLITICA<\/a>","<a href=\"https:\/\/sindaopcpb.org.br\/reforma-tributaria\/\" class=\"advgb-post-tax-term\">reforma tribut\u00e1ria<\/a>"],"unlinked":["<span class=\"advgb-post-tax-term\">Arrecada\u00e7\u00e3o<\/span>","<span class=\"advgb-post-tax-term\">cidades<\/span>","<span class=\"advgb-post-tax-term\">G1<\/span>","<span class=\"advgb-post-tax-term\">ISS<\/span>","<span class=\"advgb-post-tax-term\">POLITICA<\/span>","<span class=\"advgb-post-tax-term\">reforma tribut\u00e1ria<\/span>"]},"tags":{"linked":["<a href=\"https:\/\/sindaopcpb.org.br\/reforma-tributaria\/\" class=\"advgb-post-tax-term\">g1<\/a>"],"unlinked":["<span class=\"advgb-post-tax-term\">g1<\/span>"]}},"comment_count":"0","relative_dates":{"created":"Publicado 3 anos atr\u00e1s","modified":"Atualizado 3 anos atr\u00e1s"},"absolute_dates":{"created":"Publicado em 5 de julho de 2023","modified":"Atualizado em 5 de julho de 2023"},"absolute_dates_time":{"created":"Publicado em 5 de julho de 2023 10:56","modified":"Atualizado em 5 de julho de 2023 10:56"},"featured_img_caption":"","series_order":"","_links":{"self":[{"href":"https:\/\/sindaopcpb.org.br\/index.php\/wp-json\/wp\/v2\/posts\/24089","targetHints":{"allow":["GET"]}}],"collection":[{"href":"https:\/\/sindaopcpb.org.br\/index.php\/wp-json\/wp\/v2\/posts"}],"about":[{"href":"https:\/\/sindaopcpb.org.br\/index.php\/wp-json\/wp\/v2\/types\/post"}],"author":[{"embeddable":true,"href":"https:\/\/sindaopcpb.org.br\/index.php\/wp-json\/wp\/v2\/users\/47"}],"replies":[{"embeddable":true,"href":"https:\/\/sindaopcpb.org.br\/index.php\/wp-json\/wp\/v2\/comments?post=24089"}],"version-history":[{"count":1,"href":"https:\/\/sindaopcpb.org.br\/index.php\/wp-json\/wp\/v2\/posts\/24089\/revisions"}],"predecessor-version":[{"id":24090,"href":"https:\/\/sindaopcpb.org.br\/index.php\/wp-json\/wp\/v2\/posts\/24089\/revisions\/24090"}],"wp:attachment":[{"href":"https:\/\/sindaopcpb.org.br\/index.php\/wp-json\/wp\/v2\/media?parent=24089"}],"wp:term":[{"taxonomy":"category","embeddable":true,"href":"https:\/\/sindaopcpb.org.br\/index.php\/wp-json\/wp\/v2\/categories?post=24089"},{"taxonomy":"post_tag","embeddable":true,"href":"https:\/\/sindaopcpb.org.br\/index.php\/wp-json\/wp\/v2\/tags?post=24089"}],"curies":[{"name":"wp","href":"https:\/\/api.w.org\/{rel}","templated":true}]}}