{"id":24061,"date":"2023-07-05T10:11:29","date_gmt":"2023-07-05T13:11:29","guid":{"rendered":"https:\/\/www.infomoney.com.br\/?p=2179219"},"modified":"2023-07-05T10:11:29","modified_gmt":"2023-07-05T13:11:29","slug":"tarcisio-sao-paulo-concorda-com-95-da-reforma-tributaria","status":"publish","type":"post","link":"https:\/\/sindaopcpb.org.br\/index.php\/2023\/07\/05\/tarcisio-sao-paulo-concorda-com-95-da-reforma-tributaria\/","title":{"rendered":"Tarc\u00edsio: S\u00e3o Paulo concorda com 95% da reforma tribut\u00e1ria"},"content":{"rendered":"<p><img loading=\"lazy\" width=\"300\" height=\"200\" src=\"https:\/\/www.infomoney.com.br\/wp-content\/uploads\/2019\/12\/Tarc%C3%ADsio-Freitas.jpg?fit=300%2C200&amp;quality=70&amp;strip=all\" class=\"attachment-medium size-medium wp-post-image\" alt=\"Tarc\u00edsio de Freitas candidato a governador de S\u00e3o Paulo\" decoding=\"async\" style=\"float:right; margin:0 0 10px 10px;\" srcset=\"https:\/\/www.infomoney.com.br\/wp-content\/uploads\/2019\/12\/Tarc\u00edsio-Freitas.jpg?w=1280&amp;quality=70&amp;strip=all 1280w, https:\/\/www.infomoney.com.br\/wp-content\/uploads\/2019\/12\/Tarc\u00edsio-Freitas.jpg?w=300&amp;quality=70&amp;strip=all 300w, https:\/\/www.infomoney.com.br\/wp-content\/uploads\/2019\/12\/Tarc\u00edsio-Freitas.jpg?w=768&amp;quality=70&amp;strip=all 768w, https:\/\/www.infomoney.com.br\/wp-content\/uploads\/2019\/12\/Tarc\u00edsio-Freitas.jpg?w=150&amp;quality=70&amp;strip=all 150w\" sizes=\"auto, (max-width: 300px) 100vw, 300px\" data-attachment-id=\"1370507\" data-permalink=\"https:\/\/www.infomoney.com.br\/politica\/tarcisio-de-freitas-projeta-ate-44-leiloes-de-infraestrutura-em-2020\/attachment\/tarcisio-freitas\/\" data-orig-file=\"https:\/\/www.infomoney.com.br\/wp-content\/uploads\/2019\/12\/Tarc\u00edsio-Freitas.jpg?fit=1280%2C853&amp;quality=70&amp;strip=all\" data-orig-size=\"1280,853\" data-comments-opened=\"1\" data-image-meta=\"{&quot;aperture&quot;:&quot;0&quot;,&quot;credit&quot;:&quot;&quot;,&quot;camera&quot;:&quot;&quot;,&quot;caption&quot;:&quot;&quot;,&quot;created_timestamp&quot;:&quot;0&quot;,&quot;copyright&quot;:&quot;&quot;,&quot;focal_length&quot;:&quot;0&quot;,&quot;iso&quot;:&quot;0&quot;,&quot;shutter_speed&quot;:&quot;0&quot;,&quot;title&quot;:&quot;&quot;,&quot;orientation&quot;:&quot;0&quot;}\" data-image-title=\"Tarc\u00edsio Freitas\" data-image-description=\"\" data-image-caption=\"&lt;p&gt;Tarc\u00edsio de Freitas (Foto: Divulga\u00e7\u00e3o\/Cleiby Trevisan)&lt;\/p&gt;\n\" data-medium-file=\"https:\/\/www.infomoney.com.br\/wp-content\/uploads\/2019\/12\/Tarc\u00edsio-Freitas.jpg?fit=300%2C200&amp;quality=70&amp;strip=all\" data-large-file=\"https:\/\/www.infomoney.com.br\/wp-content\/uploads\/2019\/12\/Tarc\u00edsio-Freitas.jpg?fit=1280%2C853&amp;quality=70&amp;strip=all\" title=\"\"><\/p>\n<p>Ap\u00f3s reuni\u00e3o com o ministro da Fazenda, Fernando Haddad (PT), o governador de S\u00e3o Paulo, <strong>Tarc\u00edsio de Freitas (Republicanos)<\/strong>, afirmou, nesta quarta-feira (5), que seu estado \u00e9 favor\u00e1vel \u00e0 reforma tribut\u00e1ria e que concorda com 95% do texto em discuss\u00e3o pelo Congresso Nacional.<\/p>\n<p>Em uma breve fala a jornalistas ao lado do ministro, Tarc\u00edsio disse que apresentou sugest\u00f5es pontuais de melhorias ao substitutivo do relator da mat\u00e9ria na C\u00e2mara dos Deputados, o deputado Aguinaldo Ribeiro (PP-PB), mas que concorda com a &#8220;espinha dorsal&#8221; da mat\u00e9ria.<\/p>\n<p>&#8220;Temos falado que a espinha dorsal da reforma \u2012 a tributa\u00e7\u00e3o sobre base ampla, o IVA dual, o princ\u00edpio do destino, que \u00e9 fundamental, a transi\u00e7\u00e3o federativa \u2012 sempre teve a concord\u00e2ncia de S\u00e3o Paulo&#8221;, disse. &#8220;O que sempre ponderamos foram quest\u00f5es pontuais&#8221;.<\/p>\n<p>&#8220;Concordamos com 95% da reforma. Quando propusemos a c\u00e2mara de compensa\u00e7\u00e3o, a l\u00f3gica foi a preocupa\u00e7\u00e3o com a governan\u00e7a do conselho federativo. Ora, se tenho uma governan\u00e7a mais frouxa, eu preciso de uma arrecada\u00e7\u00e3o mais na m\u00e3o do estado. A partir do momento em que eu melhoro a governan\u00e7a do conselho federativo, eu posso ter algo mais algoritmiz\u00e1vel&#8221;, disse.<\/p>\n<p>&#8220;O que a gente vai fazer aqui \u00e9 tentar construir uma melhor governan\u00e7a, uma governan\u00e7a que seja mais representativa, para que a gente possa ter tamb\u00e9m um processo de cobran\u00e7a de tributo e at\u00e9 destina\u00e7\u00e3o dos cr\u00e9ditos gerados mais autom\u00e1tico, como j\u00e1 acontece em alguns pa\u00edses da Uni\u00e3o Europeia&#8221;, argumentou.<\/p>\n<p>Na conversa com os jornalistas, Tarc\u00edsio disse que &#8220;est\u00e1 muito f\u00e1cil construir entendimento&#8221; e que &#8220;S\u00e3o Paulo vai ser um parceiro na aprova\u00e7\u00e3o da reforma tribut\u00e1ria&#8221;. A posi\u00e7\u00e3o diverge daquela adotada por seu padrinho pol\u00edtico, o ex-presidente Jair Bolsonaro (PL), que tem trabalhado pela rejei\u00e7\u00e3o do texto.<\/p>\n<p>&#8220;N\u00f3s estamos aqui para isso, para gerar convencimento. Sabemos que a reforma tribut\u00e1ria \u00e9 extremamente importante para o Brasil. Eu diria que \u00e9 a alavanca que est\u00e1 faltando para termos um impulso. E os nossos pontos s\u00e3o f\u00e1ceis de serem ajustados&#8221;, afirmou.<\/p>\n<p>Apesar de defender a constru\u00e7\u00e3o de uma c\u00e2mara de compensa\u00e7\u00e3o, o governador disse que o instrumento n\u00e3o ser\u00e1 um &#8220;cavalo de batalha&#8221; de seu estado na discuss\u00e3o. &#8220;Na medida em que melhoramos a governan\u00e7a do conselho federativo, podemos partir para uma administra\u00e7\u00e3o centralizada. Se a governan\u00e7a for pior, a\u00ed faz sentido trabalharmos com a c\u00e2mara de compensa\u00e7\u00e3o&#8221;, explicou.<\/p>\n<p>Questionado se pontos espec\u00edficos de governan\u00e7a do conselho federativo deveriam entrar na Proposta de Emenda \u00e0 Constitui\u00e7\u00e3o (PEC) em discuss\u00e3o ou em na futura lei complementar que dispor\u00e1 sobre os termos da reforma tribut\u00e1ria, Tarc\u00edsio manifestou prefer\u00eancia pela primeira op\u00e7\u00e3o.<\/p>\n<p>&#8220;A governan\u00e7a do conselho tem que entrar na PEC, porque precisamos de um qu\u00f3rum qualificado para manter essa governan\u00e7a. Qual \u00e9 o problema? Ao longo do tempo, haver uma desfigura\u00e7\u00e3o desse conselho e uma extrapola\u00e7\u00e3o de fun\u00e7\u00f5es. Isso n\u00e3o seria bom. Esse conselho tem que simplesmente ser um bra\u00e7o operacional desse sistema de arrecada\u00e7\u00e3o autom\u00e1tico e disponibiliza\u00e7\u00e3o de cr\u00e9ditos de forma mais automatizada&#8221;, concluiu.<\/p>\n<p>The post <a rel=\"nofollow noopener\" href=\"https:\/\/www.infomoney.com.br\/politica\/tarcisio-sao-paulo-concorda-com-95-da-reforma-tributaria\/\" target=\"_blank\">Tarc\u00edsio: S\u00e3o Paulo concorda com 95% da reforma tribut\u00e1ria<\/a> appeared first on <a rel=\"nofollow noopener\" href=\"https:\/\/www.infomoney.com.br\/\" target=\"_blank\">InfoMoney<\/a>.<\/p>\n","protected":false},"excerpt":{"rendered":"<p><img loading=\"lazy\" decoding=\"async\" width=\"300\" height=\"200\" src=\"https:\/\/www.infomoney.com.br\/wp-content\/uploads\/2019\/12\/Tarc%C3%ADsio-Freitas.jpg?fit=300%2C200&amp;quality=70&amp;strip=all\" class=\"attachment-medium size-medium wp-post-image\" alt=\"Tarc\u00edsio de Freitas candidato a governador de S\u00e3o Paulo\" data-attachment-id=\"1370507\" data-permalink=\"https:\/\/www.infomoney.com.br\/politica\/tarcisio-de-freitas-projeta-ate-44-leiloes-de-infraestrutura-em-2020\/attachment\/tarcisio-freitas\/\" data-orig-file=\"https:\/\/www.infomoney.com.br\/wp-content\/uploads\/2019\/12\/Tarc\u00edsio-Freitas.jpg?fit=1280%2C853&amp;quality=70&amp;strip=all\" data-orig-size=\"1280,853\" data-comments-opened=\"1\" data-image-meta='{\"aperture\":\"0\",\"credit\":\"\",\"camera\":\"\",\"caption\":\"\",\"created_timestamp\":\"0\",\"copyright\":\"\",\"focal_length\":\"0\",\"iso\":\"0\",\"shutter_speed\":\"0\",\"title\":\"\",\"orientation\":\"0\"}' data-image-title=\"Tarc\u00edsio Freitas\" data-image-description=\"\" data-image-caption=\"&lt;p&gt;Tarc\u00edsio de Freitas (Foto: Divulga\u00e7\u00e3o\/Cleiby Trevisan)&lt;\/p&gt;\n\" data-medium-file=\"https:\/\/www.infomoney.com.br\/wp-content\/uploads\/2019\/12\/Tarc\u00edsio-Freitas.jpg?fit=300%2C200&amp;quality=70&amp;strip=all\" data-large-file=\"https:\/\/www.infomoney.com.br\/wp-content\/uploads\/2019\/12\/Tarc\u00edsio-Freitas.jpg?fit=1280%2C853&amp;quality=70&amp;strip=all\">Em breve fala ao lado que Haddad, governador diz que pontos defendidos por S\u00e3o Paulo s\u00e3o facilmente ajust\u00e1veis ao texto em discuss\u00e3o<\/p>\n<p>The post <a rel=\"nofollow\" href=\"https:\/\/www.infomoney.com.br\/politica\/tarcisio-sao-paulo-concorda-com-95-da-reforma-tributaria\/\">Tarc\u00edsio: S\u00e3o Paulo concorda com 95% da reforma tribut\u00e1ria<\/a> appeared first on <a rel=\"nofollow\" href=\"https:\/\/www.infomoney.com.br\/\">InfoMoney<\/a>.<\/p>\n","protected":false},"author":52,"featured_media":0,"comment_status":"closed","ping_status":"closed","sticky":false,"template":"","format":"standard","meta":{"advgb_blocks_editor_width":"","advgb_blocks_columns_visual_guide":"","footnotes":""},"categories":[109,34,483,47,191,424,367],"tags":[35],"class_list":["post-24061","post","type-post","status-publish","format-standard","hentry","category-fernando-haddad","category-g1","category-governador","category-politica","category-reforma-tributaria","category-sao-paulo","category-tarcisio-de-freitas","tag-g1"],"author_meta":{"display_name":"Marcos Mortari","author_link":"https:\/\/sindaopcpb.org.br\/author\/marcos-mortari\/"},"featured_img":null,"coauthors":[],"tax_additional":{"categories":{"linked":["<a href=\"https:\/\/sindaopcpb.org.br\/fernando-haddad\/\" class=\"advgb-post-tax-term\">FERNANDO HADDAD<\/a>","<a href=\"https:\/\/sindaopcpb.org.br\/g1\/\" class=\"advgb-post-tax-term\">G1<\/a>","<a href=\"https:\/\/sindaopcpb.org.br\/governador\/\" class=\"advgb-post-tax-term\">governador<\/a>","<a href=\"https:\/\/sindaopcpb.org.br\/politica\/\" class=\"advgb-post-tax-term\">POLITICA<\/a>","<a href=\"https:\/\/sindaopcpb.org.br\/reforma-tributaria\/\" class=\"advgb-post-tax-term\">reforma tribut\u00e1ria<\/a>","<a href=\"https:\/\/sindaopcpb.org.br\/sao-paulo\/\" class=\"advgb-post-tax-term\">S\u00e3o Paulo<\/a>","<a href=\"https:\/\/sindaopcpb.org.br\/tarcisio-de-freitas\/\" class=\"advgb-post-tax-term\">Tarc\u00edsio de Freitas<\/a>"],"unlinked":["<span class=\"advgb-post-tax-term\">FERNANDO HADDAD<\/span>","<span class=\"advgb-post-tax-term\">G1<\/span>","<span class=\"advgb-post-tax-term\">governador<\/span>","<span class=\"advgb-post-tax-term\">POLITICA<\/span>","<span class=\"advgb-post-tax-term\">reforma tribut\u00e1ria<\/span>","<span class=\"advgb-post-tax-term\">S\u00e3o Paulo<\/span>","<span class=\"advgb-post-tax-term\">Tarc\u00edsio de Freitas<\/span>"]},"tags":{"linked":["<a href=\"https:\/\/sindaopcpb.org.br\/tarcisio-de-freitas\/\" class=\"advgb-post-tax-term\">g1<\/a>"],"unlinked":["<span class=\"advgb-post-tax-term\">g1<\/span>"]}},"comment_count":"0","relative_dates":{"created":"Publicado 3 anos atr\u00e1s","modified":"Atualizado 3 anos atr\u00e1s"},"absolute_dates":{"created":"Publicado em 5 de julho de 2023","modified":"Atualizado em 5 de julho de 2023"},"absolute_dates_time":{"created":"Publicado em 5 de julho de 2023 10:11","modified":"Atualizado em 5 de julho de 2023 10:11"},"featured_img_caption":"","series_order":"","_links":{"self":[{"href":"https:\/\/sindaopcpb.org.br\/index.php\/wp-json\/wp\/v2\/posts\/24061","targetHints":{"allow":["GET"]}}],"collection":[{"href":"https:\/\/sindaopcpb.org.br\/index.php\/wp-json\/wp\/v2\/posts"}],"about":[{"href":"https:\/\/sindaopcpb.org.br\/index.php\/wp-json\/wp\/v2\/types\/post"}],"author":[{"embeddable":true,"href":"https:\/\/sindaopcpb.org.br\/index.php\/wp-json\/wp\/v2\/users\/52"}],"replies":[{"embeddable":true,"href":"https:\/\/sindaopcpb.org.br\/index.php\/wp-json\/wp\/v2\/comments?post=24061"}],"version-history":[{"count":2,"href":"https:\/\/sindaopcpb.org.br\/index.php\/wp-json\/wp\/v2\/posts\/24061\/revisions"}],"predecessor-version":[{"id":24101,"href":"https:\/\/sindaopcpb.org.br\/index.php\/wp-json\/wp\/v2\/posts\/24061\/revisions\/24101"}],"wp:attachment":[{"href":"https:\/\/sindaopcpb.org.br\/index.php\/wp-json\/wp\/v2\/media?parent=24061"}],"wp:term":[{"taxonomy":"category","embeddable":true,"href":"https:\/\/sindaopcpb.org.br\/index.php\/wp-json\/wp\/v2\/categories?post=24061"},{"taxonomy":"post_tag","embeddable":true,"href":"https:\/\/sindaopcpb.org.br\/index.php\/wp-json\/wp\/v2\/tags?post=24061"}],"curies":[{"name":"wp","href":"https:\/\/api.w.org\/{rel}","templated":true}]}}