{"id":24048,"date":"2023-07-05T07:25:11","date_gmt":"2023-07-05T10:25:11","guid":{"rendered":"https:\/\/g1.globo.com\/pb\/paraiba\/noticia\/2023\/07\/05\/suplente-de-vereador-elton-lira-e-morto-a-tiros-em-santa-rita-na-regiao-metropolitana-de-joao-pessoa.ghtml"},"modified":"2023-07-05T07:25:11","modified_gmt":"2023-07-05T10:25:11","slug":"suplente-de-vereador-elton-lira-e-morto-a-tiros-em-santa-rita-na-regiao-metropolitana-de-joao-pessoa","status":"publish","type":"post","link":"https:\/\/sindaopcpb.org.br\/index.php\/2023\/07\/05\/suplente-de-vereador-elton-lira-e-morto-a-tiros-em-santa-rita-na-regiao-metropolitana-de-joao-pessoa\/","title":{"rendered":"Suplente de vereador Elton Lira \u00e9 morto a tiros em Santa Rita, na Regi\u00e3o Metropolitana de Jo\u00e3o Pessoa"},"content":{"rendered":"   <img src=\"https:\/\/s2.glbimg.com\/Y0D-BxAbSzN1oki0SOuGCCbDjzQ=\/i.s3.glbimg.com\/v1\/AUTH_59edd422c0c84a879bd37670ae4f538a\/internal_photos\/bs\/2023\/n\/y\/9BXR4SRGyLWn3MeUwSrw\/elton-lira.jpg\" \/><br \/>     Pol\u00edcia acredita que crime se trata de execu\u00e7\u00e3o, e investiga o caso. Corpo foi achado em um campo de futebol. Elton Lira era suplente de vereador em Santa Rita, e foi morto a tiros na ter\u00e7a-feira (4)\nReprodu\u00e7\u00e3o\/TV Cabo Branco\nO suplente de vereador William do Nascimento Lira, de Santa Rita, Regi\u00e3o Metropolitana de Jo\u00e3o Pessoa, foi morto a tiros na ter\u00e7a-feira (4). De acordo com a Pol\u00edcia Civil, o crime tem caracter\u00edsticas de execu\u00e7\u00e3o, e nenhum objeto da v\u00edtima foi levado pelos autores dos tiros.\nO crime aconteceu em um campo de futebol no distrito de Bebel\u00e2ndia, em Santa Rita. Segundo a pol\u00edcia, William, conhecido como Elton Lira, foi achado com v\u00e1rios tiros de espingarda calibre 12, a maioria na cabe\u00e7a. \nBuscas foram feitas na regi\u00e3o, mas at\u00e9 \u00e0s 7h15 desta quarta-feira (5), a pol\u00edcia n\u00e3o havia recebido informa\u00e7\u00f5es de suspeitos ou da motiva\u00e7\u00e3o do crime.\nElton Lira foi candidato a vereador pelo Podemos. Nas elei\u00e7\u00f5es de 2020, ele obteve 722 votos, estando como suplente. A Pol\u00edcia Civil investiga o caso.\nV\u00eddeos mais assistidos da Para\u00edba  ","protected":false},"excerpt":{"rendered":"<p>        Pol\u00edcia acredita que crime se trata de execu\u00e7\u00e3o, e investiga o caso. Corpo foi achado em um campo de futebol. Elton Lira era suplente de vereador em Santa Rita, e foi morto a tiros na ter\u00e7a-feira (4)<br \/>\nReprodu\u00e7\u00e3o\/TV Cabo Branco<br \/>\nO suplente de vere&#8230;<\/p>\n","protected":false},"author":2,"featured_media":0,"comment_status":"closed","ping_status":"closed","sticky":false,"template":"","format":"standard","meta":{"advgb_blocks_editor_width":"","advgb_blocks_columns_visual_guide":"","footnotes":""},"categories":[34],"tags":[35],"class_list":["post-24048","post","type-post","status-publish","format-standard","hentry","category-g1","tag-g1"],"author_meta":{"display_name":"g1 &gt; Para\u00edba","author_link":"https:\/\/sindaopcpb.org.br\/author\/g1-paraiba\/"},"featured_img":null,"coauthors":[],"tax_additional":{"categories":{"linked":["<a href=\"https:\/\/sindaopcpb.org.br\/g1\/\" class=\"advgb-post-tax-term\">G1<\/a>"],"unlinked":["<span class=\"advgb-post-tax-term\">G1<\/span>"]},"tags":{"linked":["<a href=\"https:\/\/sindaopcpb.org.br\/g1\/\" class=\"advgb-post-tax-term\">g1<\/a>"],"unlinked":["<span class=\"advgb-post-tax-term\">g1<\/span>"]}},"comment_count":"0","relative_dates":{"created":"Publicado 3 anos atr\u00e1s","modified":"Atualizado 3 anos atr\u00e1s"},"absolute_dates":{"created":"Publicado em 5 de julho de 2023","modified":"Atualizado em 5 de julho de 2023"},"absolute_dates_time":{"created":"Publicado em 5 de julho de 2023 07:25","modified":"Atualizado em 5 de julho de 2023 07:25"},"featured_img_caption":"","series_order":"","_links":{"self":[{"href":"https:\/\/sindaopcpb.org.br\/index.php\/wp-json\/wp\/v2\/posts\/24048","targetHints":{"allow":["GET"]}}],"collection":[{"href":"https:\/\/sindaopcpb.org.br\/index.php\/wp-json\/wp\/v2\/posts"}],"about":[{"href":"https:\/\/sindaopcpb.org.br\/index.php\/wp-json\/wp\/v2\/types\/post"}],"author":[{"embeddable":true,"href":"https:\/\/sindaopcpb.org.br\/index.php\/wp-json\/wp\/v2\/users\/2"}],"replies":[{"embeddable":true,"href":"https:\/\/sindaopcpb.org.br\/index.php\/wp-json\/wp\/v2\/comments?post=24048"}],"version-history":[{"count":1,"href":"https:\/\/sindaopcpb.org.br\/index.php\/wp-json\/wp\/v2\/posts\/24048\/revisions"}],"predecessor-version":[{"id":24049,"href":"https:\/\/sindaopcpb.org.br\/index.php\/wp-json\/wp\/v2\/posts\/24048\/revisions\/24049"}],"wp:attachment":[{"href":"https:\/\/sindaopcpb.org.br\/index.php\/wp-json\/wp\/v2\/media?parent=24048"}],"wp:term":[{"taxonomy":"category","embeddable":true,"href":"https:\/\/sindaopcpb.org.br\/index.php\/wp-json\/wp\/v2\/categories?post=24048"},{"taxonomy":"post_tag","embeddable":true,"href":"https:\/\/sindaopcpb.org.br\/index.php\/wp-json\/wp\/v2\/tags?post=24048"}],"curies":[{"name":"wp","href":"https:\/\/api.w.org\/{rel}","templated":true}]}}