{"id":24034,"date":"2023-07-04T20:45:47","date_gmt":"2023-07-04T23:45:47","guid":{"rendered":"https:\/\/g1.globo.com\/pb\/paraiba\/noticia\/2023\/07\/04\/relembre-caso-de-adolescente-trans-morta-na-pb-que-repercutiu-no-linha-direta.ghtml"},"modified":"2023-07-04T20:45:47","modified_gmt":"2023-07-04T23:45:47","slug":"relembre-caso-de-adolescente-trans-morta-na-pb-exibido-no-linha-direta","status":"publish","type":"post","link":"https:\/\/sindaopcpb.org.br\/index.php\/2023\/07\/04\/relembre-caso-de-adolescente-trans-morta-na-pb-exibido-no-linha-direta\/","title":{"rendered":"Relembre caso de adolescente trans morta, na PB, exibido no Linha Direta"},"content":{"rendered":"   <img src=\"https:\/\/s2.glbimg.com\/Ss8fucmDcveZcyn88RaiGOORhJ8=\/i.s3.glbimg.com\/v1\/AUTH_59edd422c0c84a879bd37670ae4f538a\/internal_photos\/bs\/2023\/p\/S\/547Lg1SPOiudaagenH5Q\/renata-ferraz.jpg\" \/><br \/>     Suspeito do crime foi preso nesta ter\u00e7a-feira (4), em Novo Hamburgo, no Rio Grande do Sul, ap\u00f3s o programa Linha Direta ter repercutido o caso.  A adolescente trans Renata Ferraz, de 16 anos, foi morta em Patos, na Para\u00edba, em abril de 2022\nReprodu\u00e7\u00e3o\nRenata Ferraz, uma adolescente trans de 16 anos, foi encontrada morta \u00e0s margens da PB-275, em Patos, no Sert\u00e3o. Um dos suspeitos do caso, Geovane de Lima Galdino Silva, que estava foragido, foi preso nesta ter\u00e7a-feira (4), em Novo Hamburgo, no Rio Grande do Sul. \nO caso foi repercutido no fim do programa Linha Direta, no dia 1\u00ba de junho. De acordo com o delegado Paulo \u00canio, o programa Linha Direta teve interfer\u00eancia decisiva na localiza\u00e7\u00e3o do suspeito. \nGeovane de Lima Galdino Silva estava foragido desde a \u00e9poca do crime e foi preso em Novo Hamburgo\nPol\u00edcia Civil\/Divulga\u00e7\u00e3o\nRenata foi vista pela \u00faltima vez no dia 17 de abril de 2022. No dia 18, a fam\u00edlia chegou a registrar o caso na Pol\u00edcia Civil de Patos. O corpo foi encontrado no dia 19 de abril. \nDe acordo com o delegado Paulo \u00canio, inicialmente acreditava-se que a jovem teria sido morta a facadas. No entanto, um exame realizado no corpo da v\u00edtima indicou que a morte foi por asfixia mec\u00e2nica.  \nA suspeita \u00e9 de que a motiva\u00e7\u00e3o do crime teria sido porque a esposa de Geovane teria descoberto que ele tinha um caso com a v\u00edtima. O crime teve um participante que confessou e que j\u00e1 est\u00e1 preso. \nOs dois homens teriam encontrado Renata e ido para outro lugar, onde v\u00edtima e suspeito discutiram e a morte aconteceu. Para a Pol\u00edcia Civil, o crime j\u00e1 estava premeditado apesar da discuss\u00e3o, porque o suspeito foi acompanhado e levou  uma faca. \nV\u00eddeos mais assistidos do g1 Para\u00edba  ","protected":false},"excerpt":{"rendered":"<p>        Suspeito do crime foi preso nesta ter\u00e7a-feira (4), em Novo Hamburgo, no Rio Grande do Sul, ap\u00f3s o programa Linha Direta ter repercutido o caso.  A adolescente trans Renata Ferraz, de 16 anos, foi morta em Patos, na Para\u00edba, em abril de 2022<br \/>\nRep&#8230;<\/p>\n","protected":false},"author":2,"featured_media":0,"comment_status":"closed","ping_status":"closed","sticky":false,"template":"","format":"standard","meta":{"advgb_blocks_editor_width":"","advgb_blocks_columns_visual_guide":"","footnotes":""},"categories":[34],"tags":[35],"class_list":["post-24034","post","type-post","status-publish","format-standard","hentry","category-g1","tag-g1"],"author_meta":{"display_name":"g1 &gt; Para\u00edba","author_link":"https:\/\/sindaopcpb.org.br\/author\/g1-paraiba\/"},"featured_img":null,"coauthors":[],"tax_additional":{"categories":{"linked":["<a href=\"https:\/\/sindaopcpb.org.br\/g1\/\" class=\"advgb-post-tax-term\">G1<\/a>"],"unlinked":["<span class=\"advgb-post-tax-term\">G1<\/span>"]},"tags":{"linked":["<a href=\"https:\/\/sindaopcpb.org.br\/g1\/\" class=\"advgb-post-tax-term\">g1<\/a>"],"unlinked":["<span class=\"advgb-post-tax-term\">g1<\/span>"]}},"comment_count":"0","relative_dates":{"created":"Publicado 3 anos atr\u00e1s","modified":"Atualizado 3 anos atr\u00e1s"},"absolute_dates":{"created":"Publicado em 4 de julho de 2023","modified":"Atualizado em 4 de julho de 2023"},"absolute_dates_time":{"created":"Publicado em 4 de julho de 2023 20:45","modified":"Atualizado em 4 de julho de 2023 20:45"},"featured_img_caption":"","series_order":"","_links":{"self":[{"href":"https:\/\/sindaopcpb.org.br\/index.php\/wp-json\/wp\/v2\/posts\/24034","targetHints":{"allow":["GET"]}}],"collection":[{"href":"https:\/\/sindaopcpb.org.br\/index.php\/wp-json\/wp\/v2\/posts"}],"about":[{"href":"https:\/\/sindaopcpb.org.br\/index.php\/wp-json\/wp\/v2\/types\/post"}],"author":[{"embeddable":true,"href":"https:\/\/sindaopcpb.org.br\/index.php\/wp-json\/wp\/v2\/users\/2"}],"replies":[{"embeddable":true,"href":"https:\/\/sindaopcpb.org.br\/index.php\/wp-json\/wp\/v2\/comments?post=24034"}],"version-history":[{"count":2,"href":"https:\/\/sindaopcpb.org.br\/index.php\/wp-json\/wp\/v2\/posts\/24034\/revisions"}],"predecessor-version":[{"id":24116,"href":"https:\/\/sindaopcpb.org.br\/index.php\/wp-json\/wp\/v2\/posts\/24034\/revisions\/24116"}],"wp:attachment":[{"href":"https:\/\/sindaopcpb.org.br\/index.php\/wp-json\/wp\/v2\/media?parent=24034"}],"wp:term":[{"taxonomy":"category","embeddable":true,"href":"https:\/\/sindaopcpb.org.br\/index.php\/wp-json\/wp\/v2\/categories?post=24034"},{"taxonomy":"post_tag","embeddable":true,"href":"https:\/\/sindaopcpb.org.br\/index.php\/wp-json\/wp\/v2\/tags?post=24034"}],"curies":[{"name":"wp","href":"https:\/\/api.w.org\/{rel}","templated":true}]}}