{"id":24023,"date":"2023-07-04T19:14:23","date_gmt":"2023-07-04T22:14:23","guid":{"rendered":"https:\/\/wpa.wscom.com.br\/?p=909951"},"modified":"2023-07-04T19:14:23","modified_gmt":"2023-07-04T22:14:23","slug":"sicredi-evolucao-inaugura-agencia-em-picos-pi-com-ambiencia-ampla-e-moderna-se-consolidando-no-piaui","status":"publish","type":"post","link":"https:\/\/sindaopcpb.org.br\/index.php\/2023\/07\/04\/sicredi-evolucao-inaugura-agencia-em-picos-pi-com-ambiencia-ampla-e-moderna-se-consolidando-no-piaui\/","title":{"rendered":"Sicredi Evolu\u00e7\u00e3o inaugura Ag\u00eancia em Picos \u2013 PI com ambi\u00eancia ampla e moderna se consolidando no Piau\u00ed"},"content":{"rendered":"<p>&nbsp;<\/p>\n<p>Marco na expans\u00e3o do sistema cooperativista de cr\u00e9dito no Piau\u00ed com a inaugura\u00e7\u00e3o nesta ter\u00e7a-feira de nova ag\u00eancia moderna e ampla na cidade de Picos consolidando a presen\u00e7a do Sicredi Evolu\u00e7\u00e3o naquele estado e, como consequ\u00eancia, no Nordeste.<\/p>\n<p>&#8211; Hoje foi dia muito feliz aqui em Picos nova ag\u00eancia marcando nova era no Sicredi Evolu\u00e7\u00e3o com ag\u00eancia moderna e ampla \u00e1rea vocacionada e com estacionamento anexo 3 vagas rotativas \u00fanica daqui este servi\u00e7o diferenciado, comentou o presidente do Sicredi Evolu\u00e7\u00e3o, Dr Jo\u00e3o Bezerra.<\/p>\n<p>&#8211; Est\u00e1 evidente que fizemos ap\u00f3s inaugura\u00e7\u00e3o da ag\u00eancia rel\u00f3gio\/term\u00f4metro principal pra\u00e7a da cidade melhor visibilidade e fluxo de carro na hora registrando 42 graus 12:30 hs,depois recepcionamos m\u00e9dia 25 convidados entre associados e empres\u00e1rios locais no hotel de Picos agradecendo total apoio &#8211; acrescentou.<\/p>\n<p>Segundo ele, no periodo da tarde &#8220;ampliamos os Contatos para alavancagem da nossa ag\u00eancia rec\u00e9m inaugurada pois j\u00e1 se apresenta como sucesso na cidade padr\u00e3o Sicredi e moderna, frisou.<\/p>\n<p>&#8211; H\u00e1 um novo divisor \u00e1guas no Piau\u00ed, pois em mais 60 dias inauguraremos ag\u00eancia em Parnaiba e mais novent dias Floriano \u00e9 Bom Jesus, disse ele acrescentando que &#8220;juntos estamos criando uma sociedade mais pr\u00f3spera e justa na constru\u00e7\u00e3o mundo melhor,desta forma somos diferentes e fazemos a diferen\u00e7a por tudo isso somos Sicredi Evolu\u00e7\u00e3o &#8220;, concluiu.<\/p>\n<p>O post <a rel=\"nofollow noopener\" href=\"https:\/\/wscom.com.br\/sicredi-evolucao-inaugura-agencia-em-picos-pi-com-ambiencia\/\" target=\"_blank\">Sicredi Evolu\u00e7\u00e3o inaugura Ag\u00eancia em Picos &#8211; PI com ambi\u00eancia ampla e moderna se consolidando no Piau\u00ed<\/a> apareceu primeiro em <a rel=\"nofollow noopener\" href=\"https:\/\/wscom.com.br\/\" target=\"_blank\">WSCOM<\/a>.<\/p>\n","protected":false},"excerpt":{"rendered":"<p>\u00a0 Marco na expans\u00e3o do sistema cooperativista de cr\u00e9dito no Piau\u00ed com a inaugura\u00e7\u00e3o nesta ter\u00e7a-feira de nova ag\u00eancia moderna e ampla na cidade de Picos consolidando a presen\u00e7a do Sicredi Evolu\u00e7\u00e3o naquele estado e, como consequ\u00eancia, no Nordeste. \u2013 Hoje foi dia muito feliz aqui em Picos nova ag\u00eancia marcando nova era no Sicredi [\u2026]<\/p>\n<p>O post <a rel=\"nofollow\" href=\"https:\/\/wscom.com.br\/sicredi-evolucao-inaugura-agencia-em-picos-pi-com-ambiencia\/\">Sicredi Evolu\u00e7\u00e3o inaugura Ag\u00eancia em Picos \u2013 PI com ambi\u00eancia ampla e moderna se consolidando no Piau\u00ed<\/a> apareceu primeiro em <a rel=\"nofollow\" href=\"https:\/\/wscom.com.br\/\">WSCOM<\/a>.<\/p>\n","protected":false},"author":50,"featured_media":0,"comment_status":"closed","ping_status":"closed","sticky":false,"template":"","format":"standard","meta":{"advgb_blocks_editor_width":"","advgb_blocks_columns_visual_guide":"","footnotes":""},"categories":[69,34],"tags":[35],"class_list":["post-24023","post","type-post","status-publish","format-standard","hentry","category-economia","category-g1","tag-g1"],"author_meta":{"display_name":"Wallyson","author_link":"https:\/\/sindaopcpb.org.br\/author\/wallyson\/"},"featured_img":null,"coauthors":[],"tax_additional":{"categories":{"linked":["<a href=\"https:\/\/sindaopcpb.org.br\/economia\/\" class=\"advgb-post-tax-term\">Economia<\/a>","<a href=\"https:\/\/sindaopcpb.org.br\/g1\/\" class=\"advgb-post-tax-term\">G1<\/a>"],"unlinked":["<span class=\"advgb-post-tax-term\">Economia<\/span>","<span class=\"advgb-post-tax-term\">G1<\/span>"]},"tags":{"linked":["<a href=\"https:\/\/sindaopcpb.org.br\/g1\/\" class=\"advgb-post-tax-term\">g1<\/a>"],"unlinked":["<span class=\"advgb-post-tax-term\">g1<\/span>"]}},"comment_count":"0","relative_dates":{"created":"Publicado 3 anos atr\u00e1s","modified":"Atualizado 3 anos atr\u00e1s"},"absolute_dates":{"created":"Publicado em 4 de julho de 2023","modified":"Atualizado em 4 de julho de 2023"},"absolute_dates_time":{"created":"Publicado em 4 de julho de 2023 19:14","modified":"Atualizado em 4 de julho de 2023 19:14"},"featured_img_caption":"","series_order":"","_links":{"self":[{"href":"https:\/\/sindaopcpb.org.br\/index.php\/wp-json\/wp\/v2\/posts\/24023","targetHints":{"allow":["GET"]}}],"collection":[{"href":"https:\/\/sindaopcpb.org.br\/index.php\/wp-json\/wp\/v2\/posts"}],"about":[{"href":"https:\/\/sindaopcpb.org.br\/index.php\/wp-json\/wp\/v2\/types\/post"}],"author":[{"embeddable":true,"href":"https:\/\/sindaopcpb.org.br\/index.php\/wp-json\/wp\/v2\/users\/50"}],"replies":[{"embeddable":true,"href":"https:\/\/sindaopcpb.org.br\/index.php\/wp-json\/wp\/v2\/comments?post=24023"}],"version-history":[{"count":1,"href":"https:\/\/sindaopcpb.org.br\/index.php\/wp-json\/wp\/v2\/posts\/24023\/revisions"}],"predecessor-version":[{"id":24024,"href":"https:\/\/sindaopcpb.org.br\/index.php\/wp-json\/wp\/v2\/posts\/24023\/revisions\/24024"}],"wp:attachment":[{"href":"https:\/\/sindaopcpb.org.br\/index.php\/wp-json\/wp\/v2\/media?parent=24023"}],"wp:term":[{"taxonomy":"category","embeddable":true,"href":"https:\/\/sindaopcpb.org.br\/index.php\/wp-json\/wp\/v2\/categories?post=24023"},{"taxonomy":"post_tag","embeddable":true,"href":"https:\/\/sindaopcpb.org.br\/index.php\/wp-json\/wp\/v2\/tags?post=24023"}],"curies":[{"name":"wp","href":"https:\/\/api.w.org\/{rel}","templated":true}]}}