{"id":24017,"date":"2023-07-04T18:00:48","date_gmt":"2023-07-04T21:00:48","guid":{"rendered":"https:\/\/wpa.wscom.com.br\/?p=909935"},"modified":"2023-07-04T18:00:48","modified_gmt":"2023-07-04T21:00:48","slug":"selecao-brasileira-desembarca-na-australia-para-copa-do-mundo-feminina","status":"publish","type":"post","link":"https:\/\/sindaopcpb.org.br\/index.php\/2023\/07\/04\/selecao-brasileira-desembarca-na-australia-para-copa-do-mundo-feminina\/","title":{"rendered":"Sele\u00e7\u00e3o brasileira desembarca na Austr\u00e1lia para Copa do Mundo Feminina"},"content":{"rendered":"<p>&nbsp;<\/p>\n<p>&nbsp;<\/p>\n<p>A sele\u00e7\u00e3o brasileira feminina de futebol j\u00e1 est\u00e1 na Austr\u00e1lia, onde estreia daqui a 20 dias na Copa do Mundo, contra o Panam\u00e1. A equipe comandada pela t\u00e9cnica Pia Sundhage desembarcou \u00e0s 18h30 (hor\u00e1rio de Bras\u00edlia), em Brisbane, ap\u00f3s mais de 24 horas de viagem em um voo fretado.<img decoding=\"async\" src=\"https:\/\/agenciabrasil.ebc.com.br\/ebc.png?id=1541957&amp;o=node\" alt=\"\" title=\"\"><img decoding=\"async\" src=\"https:\/\/agenciabrasil.ebc.com.br\/ebc.gif?id=1541957&amp;o=node\" alt=\"\" title=\"\"><\/p>\n<blockquote class=\"twitter-tweet\" data-width=\"550\" data-dnt=\"true\">\n<p lang=\"pt\" dir=\"ltr\">Chegaram com estilo! Confira como foi o momento da chegada da <a href=\"https:\/\/twitter.com\/hashtag\/Sele%C3%A7%C3%A3oFeminina?src=hash&amp;ref_src=twsrc%5Etfw\" rel=\"nofollow noopener\" target=\"_blank\">#Sele\u00e7\u00e3oFeminina<\/a> em solo australiano\u2026 Vamos nessa! <img decoding=\"async\" src=\"https:\/\/s.w.org\/images\/core\/emoji\/13.0.1\/72x72\/1f1e7-1f1f7.png\" alt=\"\ud83c\udde7\ud83c\uddf7\" class=\"wp-smiley\" style=\"height: 1em; max-height: 1em;\" title=\"\"> <a href=\"https:\/\/twitter.com\/hashtag\/PelaPrimeiraEstrela?src=hash&amp;ref_src=twsrc%5Etfw\" rel=\"nofollow noopener\" target=\"_blank\">#PelaPrimeiraEstrela<\/a> <\/p>\n<p><img decoding=\"async\" src=\"https:\/\/s.w.org\/images\/core\/emoji\/13.0.1\/72x72\/1f4f9.png\" alt=\"\ud83d\udcf9\" class=\"wp-smiley\" style=\"height: 1em; max-height: 1em;\" title=\"\"> CBF TV <a href=\"https:\/\/t.co\/6pa0nBPjl7\" rel=\"nofollow\">pic.twitter.com\/6pa0nBPjl7<\/a><\/p>\n<p>&mdash; Sele\u00e7\u00e3o Feminina de Futebol (@SelecaoFeminina) <a href=\"https:\/\/twitter.com\/SelecaoFeminina\/status\/1676201348579074048?ref_src=twsrc%5Etfw\" rel=\"nofollow noopener\" target=\"_blank\">July 4, 2023<\/a><\/p>\n<\/blockquote>\n<p><script async src=\"https:\/\/platform.twitter.com\/widgets.js\" charset=\"utf-8\"><\/script><\/p>\n<p>&#8220;Foi uma viagem muito cansativa. Mas tivemos todo suporte, com atividades no voo, para uma adapta\u00e7\u00e3o ao fuso. Nosso sentimento \u00e9 de quem vai ter muito trabalho para chegar bem e firme no Mundial e, se Deus quiser, sair daqui com o t\u00edtulo&#8221;, projetou a lateral Ant\u00f4nia, em depoimento \u00e0 Confedera\u00e7\u00e3o Brasileira de Futebol.<\/p>\n<p>Do aeroporto, as brasileiras seguiram de \u00f4nibus para Gold Coast, ao sul de Brisbane. \u00a0A equipe ficar\u00e1 de folga hoje e quarta para se recuperar da viagem. O primeiro treino ser\u00e1 na quinta (6), \u00e0s 11h na Austr\u00e1lia \u2013 \u00e0s 22h de quarta no hor\u00e1rio de Bras\u00edlia.<\/p>\n<p><strong>Abertura da Copa do Mundo<\/strong><\/p>\n<p>O Mundial come\u00e7a em 20 de julho (quinta-feira), \u00e0s 4h (hor\u00e1rio de Bras\u00edlia). A sele\u00e7\u00e3o far\u00e1 sua estreia quatro dias depois \u2013 uma segunda-feira \u2013 \u00e0s 8h, contra o Panam\u00e1, na cidade de Adelaide, em jogo pelo grupo E. As demais partidas da primeira fase do Mundial ser\u00e3o contra a Fran\u00e7a, no dia 29 em Brisbane (Austr\u00e1lia), e contra a Jamaica em 2 de agosto.<\/p>\n<blockquote class=\"twitter-tweet\" data-width=\"550\" data-dnt=\"true\">\n<p lang=\"en\" dir=\"ltr\">The stage is set! <img decoding=\"async\" src=\"https:\/\/s.w.org\/images\/core\/emoji\/13.0.1\/72x72\/1f929.png\" alt=\"\ud83e\udd29\" class=\"wp-smiley\" style=\"height: 1em; max-height: 1em;\" title=\"\"><br \/>Who will claim the <a href=\"https:\/\/twitter.com\/hashtag\/FIFAWWC?src=hash&amp;ref_src=twsrc%5Etfw\" rel=\"nofollow noopener\" target=\"_blank\">#FIFAWWC<\/a>? <img decoding=\"async\" src=\"https:\/\/s.w.org\/images\/core\/emoji\/13.0.1\/72x72\/1f3c6.png\" alt=\"\ud83c\udfc6\" class=\"wp-smiley\" style=\"height: 1em; max-height: 1em;\" title=\"\"><a href=\"https:\/\/twitter.com\/hashtag\/BeyondGreatness?src=hash&amp;ref_src=twsrc%5Etfw\" rel=\"nofollow noopener\" target=\"_blank\">#BeyondGreatness<\/a> <a href=\"https:\/\/t.co\/aaf9lt8zFf\" rel=\"nofollow\">pic.twitter.com\/aaf9lt8zFf<\/a><\/p>\n<p>&mdash; FIFA Women&#39;s World Cup (@FIFAWWC) <a href=\"https:\/\/twitter.com\/FIFAWWC\/status\/1583733581238525953?ref_src=twsrc%5Etfw\" rel=\"nofollow noopener\" target=\"_blank\">October 22, 2022<\/a><\/p>\n<\/blockquote>\n<p><script async src=\"https:\/\/platform.twitter.com\/widgets.js\" charset=\"utf-8\"><\/script><\/p>\n<p>O post <a rel=\"nofollow noopener\" href=\"https:\/\/wscom.com.br\/selecao-brasileira-desembarca-na-australia-para-copa-do-mundo-feminina\/\" target=\"_blank\">Sele\u00e7\u00e3o brasileira desembarca na Austr\u00e1lia para Copa do Mundo Feminina<\/a> apareceu primeiro em <a rel=\"nofollow noopener\" href=\"https:\/\/wscom.com.br\/\" target=\"_blank\">WSCOM<\/a>.<\/p>\n","protected":false},"excerpt":{"rendered":"<p>\u00a0 \u00a0 A sele\u00e7\u00e3o brasileira feminina de futebol j\u00e1 est\u00e1 na Austr\u00e1lia, onde estreia daqui a 20 dias na Copa do Mundo, contra o Panam\u00e1. A equipe comandada pela t\u00e9cnica Pia Sundhage desembarcou \u00e0s 18h30 (hor\u00e1rio de Bras\u00edlia), em Brisbane, ap\u00f3s mais de 24 horas de viagem em um voo fretado. Chegaram com estilo! Confira [\u2026]<\/p>\n<p>O post <a rel=\"nofollow\" href=\"https:\/\/wscom.com.br\/selecao-brasileira-desembarca-na-australia-para-copa-do-mundo-feminina\/\">Sele\u00e7\u00e3o brasileira desembarca na Austr\u00e1lia para Copa do Mundo Feminina<\/a> apareceu primeiro em <a rel=\"nofollow\" href=\"https:\/\/wscom.com.br\/\">WSCOM<\/a>.<\/p>\n","protected":false},"author":42,"featured_media":0,"comment_status":"closed","ping_status":"closed","sticky":false,"template":"","format":"standard","meta":{"advgb_blocks_editor_width":"","advgb_blocks_columns_visual_guide":"","footnotes":""},"categories":[5842,5843,5844,426,79,34,5845,5846,5847,5848],"tags":[35],"class_list":["post-24017","post","type-post","status-publish","format-standard","hentry","category-brisbane","category-copa-do-mundo-feminina","category-copa-feminina","category-esportes","category-futebol","category-g1","category-grupo-e","category-pabama","category-pia-sundhage","category-selecao-brasileira-feminina","tag-g1"],"author_meta":{"display_name":"Rafael Andrade","author_link":"https:\/\/sindaopcpb.org.br\/author\/rafael-andrade\/"},"featured_img":null,"coauthors":[],"tax_additional":{"categories":{"linked":["<a href=\"https:\/\/sindaopcpb.org.br\/brisbane\/\" class=\"advgb-post-tax-term\">Brisbane<\/a>","<a href=\"https:\/\/sindaopcpb.org.br\/copa-do-mundo-feminina\/\" class=\"advgb-post-tax-term\">copa do mundo feminina<\/a>","<a href=\"https:\/\/sindaopcpb.org.br\/copa-feminina\/\" class=\"advgb-post-tax-term\">Copa Feminina<\/a>","<a href=\"https:\/\/sindaopcpb.org.br\/esportes\/\" class=\"advgb-post-tax-term\">esportes<\/a>","<a href=\"https:\/\/sindaopcpb.org.br\/futebol\/\" class=\"advgb-post-tax-term\">Futebol<\/a>","<a href=\"https:\/\/sindaopcpb.org.br\/g1\/\" class=\"advgb-post-tax-term\">G1<\/a>","<a href=\"https:\/\/sindaopcpb.org.br\/grupo-e\/\" class=\"advgb-post-tax-term\">Grupo E<\/a>","<a href=\"https:\/\/sindaopcpb.org.br\/pabama\/\" class=\"advgb-post-tax-term\">Pabam\u00e1<\/a>","<a href=\"https:\/\/sindaopcpb.org.br\/pia-sundhage\/\" class=\"advgb-post-tax-term\">Pia Sundhage<\/a>","<a href=\"https:\/\/sindaopcpb.org.br\/selecao-brasileira-feminina\/\" class=\"advgb-post-tax-term\">sele\u00e7\u00e3o brasileira feminina<\/a>"],"unlinked":["<span class=\"advgb-post-tax-term\">Brisbane<\/span>","<span class=\"advgb-post-tax-term\">copa do mundo feminina<\/span>","<span class=\"advgb-post-tax-term\">Copa Feminina<\/span>","<span class=\"advgb-post-tax-term\">esportes<\/span>","<span class=\"advgb-post-tax-term\">Futebol<\/span>","<span class=\"advgb-post-tax-term\">G1<\/span>","<span class=\"advgb-post-tax-term\">Grupo E<\/span>","<span class=\"advgb-post-tax-term\">Pabam\u00e1<\/span>","<span class=\"advgb-post-tax-term\">Pia Sundhage<\/span>","<span class=\"advgb-post-tax-term\">sele\u00e7\u00e3o brasileira feminina<\/span>"]},"tags":{"linked":["<a href=\"https:\/\/sindaopcpb.org.br\/selecao-brasileira-feminina\/\" class=\"advgb-post-tax-term\">g1<\/a>"],"unlinked":["<span class=\"advgb-post-tax-term\">g1<\/span>"]}},"comment_count":"0","relative_dates":{"created":"Publicado 3 anos atr\u00e1s","modified":"Atualizado 3 anos atr\u00e1s"},"absolute_dates":{"created":"Publicado em 4 de julho de 2023","modified":"Atualizado em 4 de julho de 2023"},"absolute_dates_time":{"created":"Publicado em 4 de julho de 2023 18:00","modified":"Atualizado em 4 de julho de 2023 18:00"},"featured_img_caption":"","series_order":"","_links":{"self":[{"href":"https:\/\/sindaopcpb.org.br\/index.php\/wp-json\/wp\/v2\/posts\/24017","targetHints":{"allow":["GET"]}}],"collection":[{"href":"https:\/\/sindaopcpb.org.br\/index.php\/wp-json\/wp\/v2\/posts"}],"about":[{"href":"https:\/\/sindaopcpb.org.br\/index.php\/wp-json\/wp\/v2\/types\/post"}],"author":[{"embeddable":true,"href":"https:\/\/sindaopcpb.org.br\/index.php\/wp-json\/wp\/v2\/users\/42"}],"replies":[{"embeddable":true,"href":"https:\/\/sindaopcpb.org.br\/index.php\/wp-json\/wp\/v2\/comments?post=24017"}],"version-history":[{"count":1,"href":"https:\/\/sindaopcpb.org.br\/index.php\/wp-json\/wp\/v2\/posts\/24017\/revisions"}],"predecessor-version":[{"id":24018,"href":"https:\/\/sindaopcpb.org.br\/index.php\/wp-json\/wp\/v2\/posts\/24017\/revisions\/24018"}],"wp:attachment":[{"href":"https:\/\/sindaopcpb.org.br\/index.php\/wp-json\/wp\/v2\/media?parent=24017"}],"wp:term":[{"taxonomy":"category","embeddable":true,"href":"https:\/\/sindaopcpb.org.br\/index.php\/wp-json\/wp\/v2\/categories?post=24017"},{"taxonomy":"post_tag","embeddable":true,"href":"https:\/\/sindaopcpb.org.br\/index.php\/wp-json\/wp\/v2\/tags?post=24017"}],"curies":[{"name":"wp","href":"https:\/\/api.w.org\/{rel}","templated":true}]}}