{"id":24002,"date":"2023-07-04T16:51:00","date_gmt":"2023-07-04T19:51:00","guid":{"rendered":"https:\/\/wpa.wscom.com.br\/?p=909924"},"modified":"2023-07-04T16:51:00","modified_gmt":"2023-07-04T19:51:00","slug":"ze-celso-e-internado-apos-incendio-atingir-seu-apartamento","status":"publish","type":"post","link":"https:\/\/sindaopcpb.org.br\/index.php\/2023\/07\/04\/ze-celso-e-internado-apos-incendio-atingir-seu-apartamento\/","title":{"rendered":"Z\u00e9 Celso \u00e9 internado ap\u00f3s inc\u00eandio atingir seu apartamento"},"content":{"rendered":"<p>&nbsp;<\/p>\n<p>&nbsp;<\/p>\n<p>O diretor e dramaturgo Jos\u00e9 Celso Martinez Corr\u00eaa, 86 anos, est\u00e1 internado em um hospital de S\u00e3o Paulo ap\u00f3s um inc\u00eandio ter atingido o apartamento em que morava, na madrugada de hoje (4).<img decoding=\"async\" src=\"https:\/\/agenciabrasil.ebc.com.br\/ebc.png?id=1541975&amp;o=node\" alt=\"\" title=\"\"><img decoding=\"async\" src=\"https:\/\/agenciabrasil.ebc.com.br\/ebc.gif?id=1541975&amp;o=node\" alt=\"\" title=\"\"><\/p>\n<p>Segundo nota publicada pelo Teatro Oficina, n\u00e3o h\u00e1 informa\u00e7\u00f5es sobre o estado de sa\u00fade de Z\u00e9 Celso. \u201cOs outros tr\u00eas moradores da casa, entre eles Marcelo Drummond [ator e marido de Z\u00e9 Celso], est\u00e3o em observa\u00e7\u00e3o pela inala\u00e7\u00e3o de fuma\u00e7a. O cachorro Nag\u00f4 tamb\u00e9m est\u00e1 em uma cl\u00ednica veterin\u00e1ria em observa\u00e7\u00e3o. Importante agora \u00e9 formamos um grande cord\u00e3o de ax\u00e9, reza, prote\u00e7\u00e3o y cura\u201d, diz a nota publicada nas redes sociais do Oficina.<\/p>\n<p>O Teatro Oficina Uzyna Uzona \u00e9 um grupo fundado pelo diretor em 1958 e uma das companhias mais longevas do Brasil, tendo tamb\u00e9m uma grande\u00a0atua\u00e7\u00e3o pol\u00edtica. Desde 1961, o grupo ocupa um pr\u00e9dio localizado no bairro do Bixiga, no centro da capital paulista, que foi tombado pelo Conselho do Patrim\u00f4nio Cultural. Segundo o Instituto do Patrim\u00f4nio Hist\u00f3rico e Art\u00edstico Nacional (Iphan), o tombamento vai al\u00e9m do espa\u00e7o f\u00edsico do im\u00f3vel e resguarda tamb\u00e9m o ambiente de cria\u00e7\u00e3o art\u00edstica, reconhecendo o valor das pr\u00e1ticas que s\u00e3o desenvolvidas.<\/p>\n<p>O post <a rel=\"nofollow noopener\" href=\"https:\/\/wscom.com.br\/ze-celso-e-internado-apos-incendio-atingir-seu-apartamento\/\" target=\"_blank\">Z\u00e9 Celso \u00e9 internado ap\u00f3s inc\u00eandio atingir seu apartamento<\/a> apareceu primeiro em <a rel=\"nofollow noopener\" href=\"https:\/\/wscom.com.br\/\" target=\"_blank\">WSCOM<\/a>.<\/p>\n","protected":false},"excerpt":{"rendered":"<p>\u00a0 \u00a0 O diretor e dramaturgo Jos\u00e9 Celso Martinez Corr\u00eaa, 86 anos, est\u00e1 internado em um hospital de S\u00e3o Paulo ap\u00f3s um inc\u00eandio ter atingido o apartamento em que morava, na madrugada de hoje (4). Segundo nota publicada pelo Teatro Oficina, n\u00e3o h\u00e1 informa\u00e7\u00f5es sobre o estado de sa\u00fade de Z\u00e9 Celso. \u201cOs outros tr\u00eas [\u2026]<\/p>\n<p>O post <a rel=\"nofollow\" href=\"https:\/\/wscom.com.br\/ze-celso-e-internado-apos-incendio-atingir-seu-apartamento\/\">Z\u00e9 Celso \u00e9 internado ap\u00f3s inc\u00eandio atingir seu apartamento<\/a> apareceu primeiro em <a rel=\"nofollow\" href=\"https:\/\/wscom.com.br\/\">WSCOM<\/a>.<\/p>\n","protected":false},"author":42,"featured_media":0,"comment_status":"closed","ping_status":"closed","sticky":false,"template":"","format":"standard","meta":{"advgb_blocks_editor_width":"","advgb_blocks_columns_visual_guide":"","footnotes":""},"categories":[170,5834,5835,34,1762,424,5836],"tags":[35],"class_list":["post-24002","post","type-post","status-publish","format-standard","hentry","category-cultura","category-diretor","category-dramaturgo","category-g1","category-incendio","category-sao-paulo","category-ze-celso","tag-g1"],"author_meta":{"display_name":"Rafael Andrade","author_link":"https:\/\/sindaopcpb.org.br\/author\/rafael-andrade\/"},"featured_img":null,"coauthors":[],"tax_additional":{"categories":{"linked":["<a href=\"https:\/\/sindaopcpb.org.br\/cultura\/\" class=\"advgb-post-tax-term\">Cultura<\/a>","<a href=\"https:\/\/sindaopcpb.org.br\/diretor\/\" class=\"advgb-post-tax-term\">diretor<\/a>","<a href=\"https:\/\/sindaopcpb.org.br\/dramaturgo\/\" class=\"advgb-post-tax-term\">dramaturgo<\/a>","<a href=\"https:\/\/sindaopcpb.org.br\/g1\/\" class=\"advgb-post-tax-term\">G1<\/a>","<a href=\"https:\/\/sindaopcpb.org.br\/incendio\/\" class=\"advgb-post-tax-term\">inc\u00eandio<\/a>","<a href=\"https:\/\/sindaopcpb.org.br\/sao-paulo\/\" class=\"advgb-post-tax-term\">S\u00e3o Paulo<\/a>","<a href=\"https:\/\/sindaopcpb.org.br\/ze-celso\/\" class=\"advgb-post-tax-term\">Z\u00e9 Celso<\/a>"],"unlinked":["<span class=\"advgb-post-tax-term\">Cultura<\/span>","<span class=\"advgb-post-tax-term\">diretor<\/span>","<span class=\"advgb-post-tax-term\">dramaturgo<\/span>","<span class=\"advgb-post-tax-term\">G1<\/span>","<span class=\"advgb-post-tax-term\">inc\u00eandio<\/span>","<span class=\"advgb-post-tax-term\">S\u00e3o Paulo<\/span>","<span class=\"advgb-post-tax-term\">Z\u00e9 Celso<\/span>"]},"tags":{"linked":["<a href=\"https:\/\/sindaopcpb.org.br\/ze-celso\/\" class=\"advgb-post-tax-term\">g1<\/a>"],"unlinked":["<span class=\"advgb-post-tax-term\">g1<\/span>"]}},"comment_count":"0","relative_dates":{"created":"Publicado 3 anos atr\u00e1s","modified":"Atualizado 3 anos atr\u00e1s"},"absolute_dates":{"created":"Publicado em 4 de julho de 2023","modified":"Atualizado em 4 de julho de 2023"},"absolute_dates_time":{"created":"Publicado em 4 de julho de 2023 16:51","modified":"Atualizado em 4 de julho de 2023 16:51"},"featured_img_caption":"","series_order":"","_links":{"self":[{"href":"https:\/\/sindaopcpb.org.br\/index.php\/wp-json\/wp\/v2\/posts\/24002","targetHints":{"allow":["GET"]}}],"collection":[{"href":"https:\/\/sindaopcpb.org.br\/index.php\/wp-json\/wp\/v2\/posts"}],"about":[{"href":"https:\/\/sindaopcpb.org.br\/index.php\/wp-json\/wp\/v2\/types\/post"}],"author":[{"embeddable":true,"href":"https:\/\/sindaopcpb.org.br\/index.php\/wp-json\/wp\/v2\/users\/42"}],"replies":[{"embeddable":true,"href":"https:\/\/sindaopcpb.org.br\/index.php\/wp-json\/wp\/v2\/comments?post=24002"}],"version-history":[{"count":1,"href":"https:\/\/sindaopcpb.org.br\/index.php\/wp-json\/wp\/v2\/posts\/24002\/revisions"}],"predecessor-version":[{"id":24003,"href":"https:\/\/sindaopcpb.org.br\/index.php\/wp-json\/wp\/v2\/posts\/24002\/revisions\/24003"}],"wp:attachment":[{"href":"https:\/\/sindaopcpb.org.br\/index.php\/wp-json\/wp\/v2\/media?parent=24002"}],"wp:term":[{"taxonomy":"category","embeddable":true,"href":"https:\/\/sindaopcpb.org.br\/index.php\/wp-json\/wp\/v2\/categories?post=24002"},{"taxonomy":"post_tag","embeddable":true,"href":"https:\/\/sindaopcpb.org.br\/index.php\/wp-json\/wp\/v2\/tags?post=24002"}],"curies":[{"name":"wp","href":"https:\/\/api.w.org\/{rel}","templated":true}]}}