{"id":24000,"date":"2023-07-04T16:15:54","date_gmt":"2023-07-04T19:15:54","guid":{"rendered":"https:\/\/g1.globo.com\/pb\/paraiba\/noticia\/2023\/07\/04\/policia-civil-confirma-que-pai-atirou-acidentalmente-em-bebe-na-paraiba.ghtml"},"modified":"2023-07-04T16:15:54","modified_gmt":"2023-07-04T19:15:54","slug":"policia-civil-confirma-que-pai-atirou-acidentalmente-em-bebe-na-paraiba","status":"publish","type":"post","link":"https:\/\/sindaopcpb.org.br\/index.php\/2023\/07\/04\/policia-civil-confirma-que-pai-atirou-acidentalmente-em-bebe-na-paraiba\/","title":{"rendered":"Pol\u00edcia Civil confirma que pai atirou acidentalmente em beb\u00ea, na Para\u00edba"},"content":{"rendered":"   <img src=\"https:\/\/s2.glbimg.com\/lLTCmR0E6Pgw8N_Hh_ZisHo2wDw=\/i.s3.glbimg.com\/v1\/AUTH_59edd422c0c84a879bd37670ae4f538a\/internal_photos\/bs\/2023\/7\/B\/UGcPPGQf2LwSOnosmYvw\/de-maos-dadas.jpg\" \/><br \/>     Arma ser\u00e1 encaminhada para a Justi\u00e7a de Caapor\u00e3, que deve decidir se ser\u00e1 devolvida ao rapaz.  Beb\u00ea atingido por tiro acidental recebeu alta ap\u00f3s 18 dias internada no Hospital de Trauma de Jo\u00e3o Pessoa\nReprodu\u00e7\u00e3o: Freepik\n\nA Pol\u00edcia Civil concluiu que o tiro que atingiu um beb\u00ea de apenas um m\u00eas e 20 dias de idade, disparado pelo pr\u00f3prio pai da crian\u00e7a, foi acidental. O beb\u00ea era segurado por uma mulher de 20 anos, prima da crian\u00e7a, que tamb\u00e9m foi atingida. O homem limpava a arma quando ela acabou sendo acionada. O acidente ocorreu no dia 5 de junho, em Caapor\u00e3, Litoral Sul da Para\u00edba. \nDe acordo com o delegado Ademir Fernandes, ap\u00f3s ouvir o depoimento dos envolvidos, a pol\u00edcia concluiu que a mulher estava passando segurando o beb\u00ea e houve um disparo acidental. A mulher e a beb\u00ea tamb\u00e9m passaram por exame de corpo de delito.\nQuando houve o disparo, o homem se apresentou \u00e0 Delegacia de Caapor\u00e3 e entregou a arma, junto a documenta\u00e7\u00e3o que comprova sua legalidade. O delegado Ademir Fernandes informou que ele estava chorando e muito nervoso. Ap\u00f3s prestar depoimento, ele foi liberado e vai responder criminalmente por les\u00e3o corporal culposa. \nSegundo o delegado, a arma ser\u00e1 encaminhada para a Justi\u00e7a de Caapor\u00e3, que deve decidir se ser\u00e1 devolvida ao rapaz. \nA beb\u00ea foi levada com urg\u00eancia para o bloco cir\u00fargico do Hospital de Emerg\u00eancia e Trauma de Jo\u00e3o Pessoa e o quadro cl\u00ednico foi considerado grave. De acordo com a unidade hospitalar, a crian\u00e7a recebeu alta em 23 de junho. \nV\u00eddeos mais assistidos do g1 Para\u00edba\nd  ","protected":false},"excerpt":{"rendered":"<p>        Arma ser\u00e1 encaminhada para a Justi\u00e7a de Caapor\u00e3, que deve decidir se ser\u00e1 devolvida ao rapaz.  Beb\u00ea atingido por tiro acidental recebeu alta ap\u00f3s 18 dias internada no Hospital de Trauma de Jo\u00e3o Pessoa<br \/>\nReprodu\u00e7\u00e3o: Freepik<\/p>\n<p>A Pol\u00edcia Civil conclu&#8230;<\/p>\n","protected":false},"author":2,"featured_media":0,"comment_status":"closed","ping_status":"closed","sticky":false,"template":"","format":"standard","meta":{"advgb_blocks_editor_width":"","advgb_blocks_columns_visual_guide":"","footnotes":""},"categories":[34],"tags":[35],"class_list":["post-24000","post","type-post","status-publish","format-standard","hentry","category-g1","tag-g1"],"author_meta":{"display_name":"g1 &gt; Para\u00edba","author_link":"https:\/\/sindaopcpb.org.br\/author\/g1-paraiba\/"},"featured_img":null,"coauthors":[],"tax_additional":{"categories":{"linked":["<a href=\"https:\/\/sindaopcpb.org.br\/g1\/\" class=\"advgb-post-tax-term\">G1<\/a>"],"unlinked":["<span class=\"advgb-post-tax-term\">G1<\/span>"]},"tags":{"linked":["<a href=\"https:\/\/sindaopcpb.org.br\/g1\/\" class=\"advgb-post-tax-term\">g1<\/a>"],"unlinked":["<span class=\"advgb-post-tax-term\">g1<\/span>"]}},"comment_count":"0","relative_dates":{"created":"Publicado 3 anos atr\u00e1s","modified":"Atualizado 3 anos atr\u00e1s"},"absolute_dates":{"created":"Publicado em 4 de julho de 2023","modified":"Atualizado em 4 de julho de 2023"},"absolute_dates_time":{"created":"Publicado em 4 de julho de 2023 16:15","modified":"Atualizado em 4 de julho de 2023 16:15"},"featured_img_caption":"","series_order":"","_links":{"self":[{"href":"https:\/\/sindaopcpb.org.br\/index.php\/wp-json\/wp\/v2\/posts\/24000","targetHints":{"allow":["GET"]}}],"collection":[{"href":"https:\/\/sindaopcpb.org.br\/index.php\/wp-json\/wp\/v2\/posts"}],"about":[{"href":"https:\/\/sindaopcpb.org.br\/index.php\/wp-json\/wp\/v2\/types\/post"}],"author":[{"embeddable":true,"href":"https:\/\/sindaopcpb.org.br\/index.php\/wp-json\/wp\/v2\/users\/2"}],"replies":[{"embeddable":true,"href":"https:\/\/sindaopcpb.org.br\/index.php\/wp-json\/wp\/v2\/comments?post=24000"}],"version-history":[{"count":1,"href":"https:\/\/sindaopcpb.org.br\/index.php\/wp-json\/wp\/v2\/posts\/24000\/revisions"}],"predecessor-version":[{"id":24001,"href":"https:\/\/sindaopcpb.org.br\/index.php\/wp-json\/wp\/v2\/posts\/24000\/revisions\/24001"}],"wp:attachment":[{"href":"https:\/\/sindaopcpb.org.br\/index.php\/wp-json\/wp\/v2\/media?parent=24000"}],"wp:term":[{"taxonomy":"category","embeddable":true,"href":"https:\/\/sindaopcpb.org.br\/index.php\/wp-json\/wp\/v2\/categories?post=24000"},{"taxonomy":"post_tag","embeddable":true,"href":"https:\/\/sindaopcpb.org.br\/index.php\/wp-json\/wp\/v2\/tags?post=24000"}],"curies":[{"name":"wp","href":"https:\/\/api.w.org\/{rel}","templated":true}]}}