{"id":23996,"date":"2023-07-04T15:30:00","date_gmt":"2023-07-04T18:30:00","guid":{"rendered":"https:\/\/www.infomoney.com.br\/?p=2178487"},"modified":"2023-07-04T15:30:00","modified_gmt":"2023-07-04T18:30:00","slug":"renato-casagrande-sobre-reforma-tributaria-se-fosse-votar-hoje-teria-muitas-dificuldades","status":"publish","type":"post","link":"https:\/\/sindaopcpb.org.br\/index.php\/2023\/07\/04\/renato-casagrande-sobre-reforma-tributaria-se-fosse-votar-hoje-teria-muitas-dificuldades\/","title":{"rendered":"Renato Casagrande sobre reforma tribut\u00e1ria: se fosse votar hoje, teria muitas dificuldades"},"content":{"rendered":"<p><img loading=\"lazy\" width=\"300\" height=\"200\" src=\"https:\/\/www.infomoney.com.br\/wp-content\/uploads\/2022\/10\/Renato-Casagrande.jpeg?fit=300%2C200&amp;quality=70&amp;strip=all\" class=\"attachment-medium size-medium wp-post-image\" alt=\"Renato Casagrande (PSB), do Esp\u00edrito Santo\" decoding=\"async\" style=\"float:right; margin:0 0 10px 10px;\" srcset=\"https:\/\/www.infomoney.com.br\/wp-content\/uploads\/2022\/10\/Renato-Casagrande.jpeg?w=1280&amp;quality=70&amp;strip=all 1280w, https:\/\/www.infomoney.com.br\/wp-content\/uploads\/2022\/10\/Renato-Casagrande.jpeg?w=300&amp;quality=70&amp;strip=all 300w, https:\/\/www.infomoney.com.br\/wp-content\/uploads\/2022\/10\/Renato-Casagrande.jpeg?w=768&amp;quality=70&amp;strip=all 768w, https:\/\/www.infomoney.com.br\/wp-content\/uploads\/2022\/10\/Renato-Casagrande.jpeg?w=150&amp;quality=70&amp;strip=all 150w\" sizes=\"auto, (max-width: 300px) 100vw, 300px\" data-attachment-id=\"1947600\" data-permalink=\"https:\/\/www.infomoney.com.br\/renato-casagrande-2\/\" data-orig-file=\"https:\/\/www.infomoney.com.br\/wp-content\/uploads\/2022\/10\/Renato-Casagrande.jpeg?fit=1280%2C854&amp;quality=70&amp;strip=all\" data-orig-size=\"1280,854\" data-comments-opened=\"0\" data-image-meta=\"{&quot;aperture&quot;:&quot;0&quot;,&quot;credit&quot;:&quot;&quot;,&quot;camera&quot;:&quot;&quot;,&quot;caption&quot;:&quot;&quot;,&quot;created_timestamp&quot;:&quot;0&quot;,&quot;copyright&quot;:&quot;&quot;,&quot;focal_length&quot;:&quot;0&quot;,&quot;iso&quot;:&quot;0&quot;,&quot;shutter_speed&quot;:&quot;0&quot;,&quot;title&quot;:&quot;&quot;,&quot;orientation&quot;:&quot;0&quot;}\" data-image-title=\"Renato Casagrande (PSB), do Esp\u00edrito Santo\" data-image-description=\"&lt;p&gt;Renato Casagrande (PSB), do Esp\u00edrito Santo&lt;\/p&gt;\n\" data-image-caption=\"&lt;p&gt;Renato Casagrande (PSB), do Esp\u00edrito Santo&lt;\/p&gt;\n\" data-medium-file=\"https:\/\/www.infomoney.com.br\/wp-content\/uploads\/2022\/10\/Renato-Casagrande.jpeg?fit=300%2C200&amp;quality=70&amp;strip=all\" data-large-file=\"https:\/\/www.infomoney.com.br\/wp-content\/uploads\/2022\/10\/Renato-Casagrande.jpeg?fit=1280%2C854&amp;quality=70&amp;strip=all\" title=\"\"><\/p>\n<p>O governador do Esp\u00edrito Santo, Renato Casagrande (PSB), disse, nesta ter\u00e7a-feira (4) que, se a vota\u00e7\u00e3o da reforma tribut\u00e1ria fosse hoje, haveria dificuldades para a aprova\u00e7\u00e3o porque ainda h\u00e1 muitas d\u00favidas em rela\u00e7\u00e3o ao texto. Ao deixar o Minist\u00e9rio da Fazenda ap\u00f3s reuni\u00e3o com o secret\u00e1rio extraordin\u00e1rio para a reforma tribut\u00e1ria, Bernard Appy, o governador defendeu a intensifica\u00e7\u00e3o do di\u00e1logo com os governos regionais para viabilizar a aprova\u00e7\u00e3o do texto.<\/p>\n<p>&#8220;Hoje ainda tem muita d\u00favida para votar, se fosse votar hoje teria muita dificuldades, mas como estamos todos abertos ao di\u00e1logo o caminho \u00e9 bom. O que importa \u00e9 que nenhum Estado se sinta perdedor, porque \u00e9 muito ruim ter um sistema tribut\u00e1rio em que o Estado vai se sentir derrotado. Tem que construir um caminho para ningu\u00e9m se sentir derrotado e compreender que o sistema vai ajudar o Brasil todo&#8221;, disse.<\/p>\n<p>O governador disse que h\u00e1 um tabuleiro com pe\u00e7as a serem mexidas para se reduzir resist\u00eancias. Ele destacou que os principais pontos de diverg\u00eancia est\u00e3o no tempo de transi\u00e7\u00e3o, nos crit\u00e9rios de distribui\u00e7\u00e3o para o Fundo de Desenvolvimento Regional (FDR) e nas compensa\u00e7\u00f5es de cr\u00e9dito de exporta\u00e7\u00e3o. &#8220;Temos pontos importantes que ainda est\u00e3o precisando de esclarecimentos porque v\u00e3o para lei complementar&#8221;, alertou.<\/p>\n<p>Nos \u00faltimos dias, a disputa entre os Estados por mudan\u00e7as espec\u00edficas na reforma tribut\u00e1ria tem ficado mais aguda, principalmente ap\u00f3s S\u00e3o Paulo apresentar alternativas para a distribui\u00e7\u00e3o do FDR e a composi\u00e7\u00e3o do Conselho Federativo que beneficiam sobretudo ao pr\u00f3prio Estado. &#8220;N\u00e3o adianta mexer e tentar atender 100% um Estado e n\u00e3o atender os demais Estados. A reforma tribut\u00e1ria n\u00e3o pode ser instrumento de concentra\u00e7\u00e3o de riqueza no Brasil&#8221;, alertou o governador do Esp\u00edrito Santo.<\/p>\n<p>Segundo Casagrande, Appy demonstrou interesse em buscar uma solu\u00e7\u00e3o para o tempo de transi\u00e7\u00e3o do ICMS para o futuro Imposto sobre Bens e Servi\u00e7os (IBS), que vai unificar o tributo estadual ao municipal ISS. Al\u00e9m disso, a dura\u00e7\u00e3o da transi\u00e7\u00e3o federativa &#8211; quanto tempo levar\u00e1 para que todo imposto seja cobrado no destino &#8211; tamb\u00e9m exige aten\u00e7\u00e3o. O Esp\u00edrito Santo, por exemplo, defende um per\u00edodo de transi\u00e7\u00e3o mais longo, ao passo que Estados do Nordeste sugerem um prazo mais enxuto.<\/p>\n<p>Os governadores do Sul e Sudeste se re\u00fanem nesta quarta para discutir a reforma tribut\u00e1ria em Bras\u00edlia nesta ter\u00e7a. Os chefes dos Executivos regionais cumprem agendas com ministros, secret\u00e1rios e deputados para negociar os termos do texto. \u00c0 tarde, o grupo se encontrar\u00e1 com o relator da reforma na C\u00e2mara, Aguinaldo Ribeiro (PP-PB).<\/p>\n<p>The post <a rel=\"nofollow noopener\" href=\"https:\/\/www.infomoney.com.br\/politica\/renato-casagrande-sobre-reforma-tributaria-se-fosse-votar-hoje-teria-muitas-dificuldades\/\" target=\"_blank\">Renato Casagrande sobre reforma tribut\u00e1ria: se fosse votar hoje, teria muitas dificuldades<\/a> appeared first on <a rel=\"nofollow noopener\" href=\"https:\/\/www.infomoney.com.br\/\" target=\"_blank\">InfoMoney<\/a>.<\/p>\n","protected":false},"excerpt":{"rendered":"<p><img loading=\"lazy\" decoding=\"async\" width=\"300\" height=\"200\" src=\"https:\/\/www.infomoney.com.br\/wp-content\/uploads\/2022\/10\/Renato-Casagrande.jpeg?fit=300%2C200&amp;quality=70&amp;strip=all\" class=\"attachment-medium size-medium wp-post-image\" alt=\"Renato Casagrande (PSB), do Esp\u00edrito Santo\" data-attachment-id=\"1947600\" data-permalink=\"https:\/\/www.infomoney.com.br\/renato-casagrande-2\/\" data-orig-file=\"https:\/\/www.infomoney.com.br\/wp-content\/uploads\/2022\/10\/Renato-Casagrande.jpeg?fit=1280%2C854&amp;quality=70&amp;strip=all\" data-orig-size=\"1280,854\" data-comments-opened=\"0\" data-image-meta='{\"aperture\":\"0\",\"credit\":\"\",\"camera\":\"\",\"caption\":\"\",\"created_timestamp\":\"0\",\"copyright\":\"\",\"focal_length\":\"0\",\"iso\":\"0\",\"shutter_speed\":\"0\",\"title\":\"\",\"orientation\":\"0\"}' data-image-title=\"Renato Casagrande (PSB), do Esp\u00edrito Santo\" data-image-description=\"&lt;p&gt;Renato Casagrande (PSB), do Esp\u00edrito Santo&lt;\/p&gt;\n\" data-image-caption=\"&lt;p&gt;Renato Casagrande (PSB), do Esp\u00edrito Santo&lt;\/p&gt;\n\" data-medium-file=\"https:\/\/www.infomoney.com.br\/wp-content\/uploads\/2022\/10\/Renato-Casagrande.jpeg?fit=300%2C200&amp;quality=70&amp;strip=all\" data-large-file=\"https:\/\/www.infomoney.com.br\/wp-content\/uploads\/2022\/10\/Renato-Casagrande.jpeg?fit=1280%2C854&amp;quality=70&amp;strip=all\">Para governador capixaba diverg\u00eancias est\u00e3o no tempo de transi\u00e7\u00e3o, distribui\u00e7\u00e3o do Fundo de Desenvolvimento Regional e compensa\u00e7\u00f5es de cr\u00e9dito de exporta\u00e7\u00e3o<\/p>\n<p>The post <a rel=\"nofollow\" href=\"https:\/\/www.infomoney.com.br\/politica\/renato-casagrande-sobre-reforma-tributaria-se-fosse-votar-hoje-teria-muitas-dificuldades\/\">Renato Casagrande sobre reforma tribut\u00e1ria: se fosse votar hoje, teria muitas dificuldades<\/a> appeared first on <a rel=\"nofollow\" href=\"https:\/\/www.infomoney.com.br\/\">InfoMoney<\/a>.<\/p>\n","protected":false},"author":43,"featured_media":0,"comment_status":"closed","ping_status":"closed","sticky":false,"template":"","format":"standard","meta":{"advgb_blocks_editor_width":"","advgb_blocks_columns_visual_guide":"","footnotes":""},"categories":[550,5833,34,130,47,191],"tags":[35],"class_list":["post-23996","post","type-post","status-publish","format-standard","hentry","category-bernard-appy","category-espirito-santo","category-g1","category-ministerio-da-fazenda","category-politica","category-reforma-tributaria","tag-g1"],"author_meta":{"display_name":"Estad\u00e3o Conte\u00fado","author_link":"https:\/\/sindaopcpb.org.br\/author\/estadao-conteudo\/"},"featured_img":null,"coauthors":[],"tax_additional":{"categories":{"linked":["<a href=\"https:\/\/sindaopcpb.org.br\/bernard-appy\/\" class=\"advgb-post-tax-term\">Bernard Appy<\/a>","<a href=\"https:\/\/sindaopcpb.org.br\/espirito-santo\/\" class=\"advgb-post-tax-term\">Esp\u00edrito Santo<\/a>","<a href=\"https:\/\/sindaopcpb.org.br\/g1\/\" class=\"advgb-post-tax-term\">G1<\/a>","<a href=\"https:\/\/sindaopcpb.org.br\/ministerio-da-fazenda\/\" class=\"advgb-post-tax-term\">Minist\u00e9rio da Fazenda<\/a>","<a href=\"https:\/\/sindaopcpb.org.br\/politica\/\" class=\"advgb-post-tax-term\">POLITICA<\/a>","<a href=\"https:\/\/sindaopcpb.org.br\/reforma-tributaria\/\" class=\"advgb-post-tax-term\">reforma tribut\u00e1ria<\/a>"],"unlinked":["<span class=\"advgb-post-tax-term\">Bernard Appy<\/span>","<span class=\"advgb-post-tax-term\">Esp\u00edrito Santo<\/span>","<span class=\"advgb-post-tax-term\">G1<\/span>","<span class=\"advgb-post-tax-term\">Minist\u00e9rio da Fazenda<\/span>","<span class=\"advgb-post-tax-term\">POLITICA<\/span>","<span class=\"advgb-post-tax-term\">reforma tribut\u00e1ria<\/span>"]},"tags":{"linked":["<a href=\"https:\/\/sindaopcpb.org.br\/reforma-tributaria\/\" class=\"advgb-post-tax-term\">g1<\/a>"],"unlinked":["<span class=\"advgb-post-tax-term\">g1<\/span>"]}},"comment_count":"0","relative_dates":{"created":"Publicado 3 anos atr\u00e1s","modified":"Atualizado 3 anos atr\u00e1s"},"absolute_dates":{"created":"Publicado em 4 de julho de 2023","modified":"Atualizado em 4 de julho de 2023"},"absolute_dates_time":{"created":"Publicado em 4 de julho de 2023 15:30","modified":"Atualizado em 4 de julho de 2023 15:30"},"featured_img_caption":"","series_order":"","_links":{"self":[{"href":"https:\/\/sindaopcpb.org.br\/index.php\/wp-json\/wp\/v2\/posts\/23996","targetHints":{"allow":["GET"]}}],"collection":[{"href":"https:\/\/sindaopcpb.org.br\/index.php\/wp-json\/wp\/v2\/posts"}],"about":[{"href":"https:\/\/sindaopcpb.org.br\/index.php\/wp-json\/wp\/v2\/types\/post"}],"author":[{"embeddable":true,"href":"https:\/\/sindaopcpb.org.br\/index.php\/wp-json\/wp\/v2\/users\/43"}],"replies":[{"embeddable":true,"href":"https:\/\/sindaopcpb.org.br\/index.php\/wp-json\/wp\/v2\/comments?post=23996"}],"version-history":[{"count":1,"href":"https:\/\/sindaopcpb.org.br\/index.php\/wp-json\/wp\/v2\/posts\/23996\/revisions"}],"predecessor-version":[{"id":23997,"href":"https:\/\/sindaopcpb.org.br\/index.php\/wp-json\/wp\/v2\/posts\/23996\/revisions\/23997"}],"wp:attachment":[{"href":"https:\/\/sindaopcpb.org.br\/index.php\/wp-json\/wp\/v2\/media?parent=23996"}],"wp:term":[{"taxonomy":"category","embeddable":true,"href":"https:\/\/sindaopcpb.org.br\/index.php\/wp-json\/wp\/v2\/categories?post=23996"},{"taxonomy":"post_tag","embeddable":true,"href":"https:\/\/sindaopcpb.org.br\/index.php\/wp-json\/wp\/v2\/tags?post=23996"}],"curies":[{"name":"wp","href":"https:\/\/api.w.org\/{rel}","templated":true}]}}