{"id":23988,"date":"2023-07-04T15:58:01","date_gmt":"2023-07-04T18:58:01","guid":{"rendered":"https:\/\/wpa.wscom.com.br\/?p=909911"},"modified":"2023-07-04T15:58:01","modified_gmt":"2023-07-04T18:58:01","slug":"fenearte-inova-ao-interagir-com-outros-equipamentos-culturais-em-pernambuco","status":"publish","type":"post","link":"https:\/\/sindaopcpb.org.br\/index.php\/2023\/07\/04\/fenearte-inova-ao-interagir-com-outros-equipamentos-culturais-em-pernambuco\/","title":{"rendered":"Fenearte inova ao interagir com outros equipamentos culturais em Pernambuco"},"content":{"rendered":"<p>&nbsp;<\/p>\n<p>&nbsp;<\/p>\n<p>A 23\u00aa Fenearte, que acontece de 05 a 16 de julho, sob a tem\u00e1tica \u201cLoiceiros de Pernambuco \u2013 Arte da Terra, Poesia das M\u00e3os\u201d vem com novidades em sua \u00e1rea territorial, al\u00e9m do Centro de Conven\u00e7\u00f5es, na cidade de Olinda, na Regi\u00e3o Metropolitana do Recife.<\/p>\n<p>A feira ir\u00e1 se estender e interagir com outros equipamentos culturais entre as cidades do Recife e Olinda. Considerada a maior mostra de artesanato da Am\u00e9rica Latina ir\u00e1 criar v\u00ednculos com movimentos paralelos no design, na moda, nas artes visuais e na gastronomia.<\/p>\n<p><strong>Circuito Fenearte<\/strong><\/p>\n<p>Para isso, o Governo de Pernambuco, por meio da Empetur, Fundarpe, Secretaria Estadual de Cultura, Secretaria de Desenvolvimento Econ\u00f4mico, Ag\u00eancia de Desenvolvimento de Pernambuco (Adepe) e Secretaria de Turismo cria uma sinergia ao instituir o Circuito Fenearte, para outros 50 estabelecimentos.<\/p>\n<p>Entre museus, galerias de artes, como o Cais do Sert\u00e3o, onde acontece o ART- PE, iniciativa do arquiteto Diogo Viana, de 11 a 16 de julho, dialoga tamb\u00e9m com a mostra do Design Week, que acontece em S\u00e3o Paulo e inclui uma atividade no edif\u00edcio Pernambuco, no bairro de Santo Ant\u00f4nio.<\/p>\n<p>Ainda no universo do design, o Museu Cais do Sert\u00e3o acolher\u00e1 a exposi\u00e7\u00e3o \u201cSert\u00e3o sobre Sert\u00e3o\u201d, do designer de mobili\u00e1rio F\u00e1bio Melo. O sal\u00e3o principal do Centro Cultural Mercado Eufr\u00e1sio Barbosa estar\u00e1 com a mostra \u201cTape\u00e7aria Timbi: Bordando as Obras do Mestre J. Borges\u201d.<\/p>\n<p>Al\u00e9m dessa inova\u00e7\u00e3o de ampliar seu territ\u00f3rio, o Governo ir\u00e1 fazer, pela primeira vez, um Estudo da Cadeia Produtiva do Artesanato sob a \u00f3tica de quatro eixos: mercado; economia criativa; artes\u00e3os e os territ\u00f3rios originais dos profissionais.<\/p>\n<p>\u201cVamos com essas inova\u00e7\u00f5es ativar e promover mais di\u00e1logo entre as \u00e1reas do turismo, da economia, das artes, da gastronomia e do design\u201d, afirmou a diretora geral de\u00a0 Promo\u00e7\u00e3o da Economia Criativa, da Ag\u00eancia de Desenvolvimento de Pernambuco (Adepe) e a Executiva da 23\u00aa Edi\u00e7\u00e3o da Fenearte, Camila Bandeira.<\/p>\n<p>Segundo Camila, essa amplia\u00e7\u00e3o com outros equipamentos culturais entre Recife e Olinda, se deu pela identifica\u00e7\u00e3o de que mais de 80% dos visitantes da Fenearte eram de Pernambuco.<\/p>\n<p>\u201cFaz-se necess\u00e1rio crescer, al\u00e9m do ambiente do Centro de Conven\u00e7\u00f5es e , dessa forma, capilarizar para outros equipamentos. O artesanato dialoga com outras culturas como a gastronomia , o design\u201d, acrescentou a gestora.<\/p>\n<p><strong>Pol\u00edtica P\u00fablica<\/strong><\/p>\n<p>A governadora de Pernambuco, Raquel Lyra, destacou sua preocupa\u00e7\u00e3o em maximizar o retorno econ\u00f4mico para os artes\u00e3os e sua determina\u00e7\u00e3o em tratar a arte como uma pol\u00edtica p\u00fablica.<\/p>\n<p>\u201cEnvolver outras tem\u00e1ticas, levar a Fenearte para outros 50 espa\u00e7os culturais no Recife e Olinda atrai mais turistas e outros personagens de nossa economia que, muitas vezes, podem ir a um outro espa\u00e7o e, dessa forma, haver as conex\u00f5es. A Fenearte \u00e9 um expoente da grandeza cultural de nosso Estado\u201d, declarou.<\/p>\n<p>Para este ano, o Governo de Pernambuco destinou R$ 8 milh\u00f5es, por meio de recursos da Adepe (Ag\u00eancia de Desenvolvimento de Pernambuco) e tem a expectativa de um retorno de R$ 40 milh\u00f5es para a cadeia econ\u00f4mica envolvida na Fenearte. Durante 12 dias, deve receber aproximadamente 300 mil visitantes.<\/p>\n<p>Est\u00e3o sendo esperados mais de 5 mil expositores, entre artes\u00e3os de Pernambuco, de todo o Brasil e de diversos pa\u00edses, que v\u00e3o ocupar cerca de 25 mil metros quadrados do pavilh\u00e3o do Cecon-PE.<\/p>\n<p>\u201cEsses n\u00fameros podem ser at\u00e9 mais, por isso a import\u00e2ncia de fazermos pela primeira vez, um estudo de toda cadeia produtiva do artesanato\u201d, declarou a governadora.<\/p>\n<p><strong>Gastronomia e arte \u00e0 luz dos Loiceiros<\/strong><\/p>\n<p>Alguns setores j\u00e1 conhecidos pelos frequentadores da Fenearte trar\u00e3o novidades, como a Cozinha Fenearte, que ganhar\u00e1 o restaurante Pernambuco \u00e0 Mesa, onde ser\u00e3o servidos, entre outros, os pratos elaborados nas aulas de gastronomia que h\u00e1 edi\u00e7\u00f5es fazem parte da programa\u00e7\u00e3o.<\/p>\n<p>Ainda na gastronomia, em parceria com o Instituto C\u00e9sar Santos, que assina a Cozinha Fenearte, 10 restaurantes entre Recife e Olinda far\u00e3o parte do Circuito Fenearte, com card\u00e1pio especial. S\u00e3o eles: Altar Cozinha Ancestral; Bar do Cabo; C\u00e1-J\u00e1; Cais Rooftop; Chica Pitanga; Oficina do Sabor; Moendo na Laje; Retet\u00e9u Comida Honesta; S\u00e3o Pedro; Vieira.<\/p>\n<p>No mezanino do pavilh\u00e3o, a exposi\u00e7\u00e3o \u201cAs Loiceiras de Tacaratu \u2013 A Arte Milenar das Mulheres do Meu Sert\u00e3o\u201d, com fotografias de Ana Ara\u00fajo, apresentar\u00e1 a tradi\u00e7\u00e3o da loi\u00e7a no munic\u00edpio pernambucano; um saber difundido pelo povo Pankararu que l\u00e1 habita.<\/p>\n<p>As loi\u00e7as ter\u00e3o destaque tamb\u00e9m no Espa\u00e7o Janete Costa, que, ali\u00e1s, continua com o projeto Conversas Instigantes, de palestras com artes\u00e3os, artistas, designers e produtores.<\/p>\n<p>A programa\u00e7\u00e3o conta, ainda, com o Palco Cultura Popular e o Palco Alternativo, com shows diariamente; a Passarela Fenearte, com desfiles de moda, e as Oficinas Fenearte, com aulas de t\u00e9cnicas em cer\u00e2mica, como a fabrica\u00e7\u00e3o de utilit\u00e1rios; t\u00e9cnicas t\u00eaxteis, como macram\u00ea e renascen\u00e7a; e t\u00e9cnicas de reaproveitamento de materiais, como bordado com sacolas pl\u00e1sticas e produ\u00e7\u00e3o de instrumentos percussivos a partir de sucata.<\/p>\n<p><strong>Mix de setores produtivos<\/strong><\/p>\n<p>Assim como nas edi\u00e7\u00f5es anteriores, a 23\u00aa Fenearte contabiliza mais de 30 setores. No maior, dedicado a artes\u00e3os pernambucanos, s\u00e3o 305 estandes.<\/p>\n<p>Outros 68 expositores pernambucanos v\u00e3o ocupar o estande do Sebrae-PE. Tamb\u00e9m participam os Sebraes do AM, CE, RN, MG e ES. A feira ter\u00e1 estandes de oito etnias ind\u00edgenas, 73 munic\u00edpios pernambucanos, 40 associa\u00e7\u00f5es, todos os estados brasileiros e 27 pa\u00edses.<\/p>\n<p><strong>A tem\u00e1tica<\/strong><\/p>\n<p>O tema deste ano faz um resgate hist\u00f3rico da arte feita com barro. Todo o artesanato brasileiro em cer\u00e2mica tem sua origem nas pe\u00e7as utilit\u00e1rias produzidas desde os povos origin\u00e1rios, tendo como objeto principal as panelas. Ao homenagear os loiceiros, a Fenearte toca na ancestralidade de um of\u00edcio preservado por loiceiros em todo o territ\u00f3rio pernambucano.<\/p>\n<p>Diretor de Conte\u00fado da Fenearte, L\u00facio Omena observa que artes\u00e3os consagrados pela arte figurativa em barro foram formados pela arte utilit\u00e1ria, como Maria Am\u00e9lia, de Tracunha\u00e9m, e Vitalino, de Caruaru, que tiveram pais loiceiros. Omena ressalta a import\u00e2ncia de trazer a loi\u00e7a para o centro das aten\u00e7\u00f5es pelo tanto que ela simboliza para al\u00e9m do objeto que \u00e9: \u201cA loi\u00e7a representa muito mais do que uma panela, \u00e9 a mesa pernambucana, a nossa cozinha e a nossa afetividade em acolher\u201d.<\/p>\n<p>A arte utilit\u00e1ria inspira tamb\u00e9m toda a cenografia, que novamente \u00e9 assinada pelo arquiteto Carlos Augusto Lira. \u201cEsse tema \u00e9 de muita afetividade para mim, como acredito que seja para a maioria das pessoas do Nordeste. Para provocar um impacto, logo na entrada teremos potes com mais de dois metros de altura\u201d, revela o arquiteto.<\/p>\n<p><strong>Servi\u00e7o<\/strong><\/p>\n<p><img decoding=\"async\" class=\"emoji\" role=\"img\" draggable=\"false\" src=\"https:\/\/s.w.org\/images\/core\/emoji\/13.0.1\/svg\/25b6.svg\" alt=\"&#x25b6;\" title=\"\">\u00a023\u00aa Feira Nacional de Neg\u00f3cios do Artesanato (Fenearte)<\/p>\n<p><img decoding=\"async\" class=\"emoji\" role=\"img\" draggable=\"false\" src=\"https:\/\/s.w.org\/images\/core\/emoji\/13.0.1\/svg\/25b6.svg\" alt=\"&#x25b6;\" title=\"\">\u00a0Quando: 5 a 16 de julho<\/p>\n<p>Onde: Centro de Conven\u00e7\u00f5es de Pernambuco<\/p>\n<p><img decoding=\"async\" class=\"emoji\" role=\"img\" draggable=\"false\" src=\"https:\/\/s.w.org\/images\/core\/emoji\/13.0.1\/svg\/25b6.svg\" alt=\"&#x25b6;\" title=\"\">\u00a0Hor\u00e1rio: 14h \u00e0s 22h \u2013 de segunda sexta-feira; 10h \u00e0s 22h \u2013 s\u00e1bado e domingo<\/p>\n<p><img decoding=\"async\" class=\"emoji\" role=\"img\" draggable=\"false\" src=\"https:\/\/s.w.org\/images\/core\/emoji\/13.0.1\/svg\/25b6.svg\" alt=\"&#x25b6;\" title=\"\">\u00a0Valores dos ingressos: segunda a sexta-feira \u2013 R$ 12 (inteira) e R$ 6 (meia); s\u00e1bado e domingo \u2013 R$ 16 (inteira) e R$ 8 (meia)<\/p>\n<p>O post <a rel=\"nofollow noopener\" href=\"https:\/\/wscom.com.br\/fenearte-inova-ao-interagir-com-outros-equipamentos-culturais-em-pernambuco\/\" target=\"_blank\">Fenearte inova ao interagir com outros equipamentos culturais em Pernambuco<\/a> apareceu primeiro em <a rel=\"nofollow noopener\" href=\"https:\/\/wscom.com.br\/\" target=\"_blank\">WSCOM<\/a>.<\/p>\n","protected":false},"excerpt":{"rendered":"<p>\u00a0 \u00a0 A 23\u00aa Fenearte, que acontece de 05 a 16 de julho, sob a tem\u00e1tica \u201cLoiceiros de Pernambuco \u2013 Arte da Terra, Poesia das M\u00e3os\u201d vem com novidades em sua \u00e1rea territorial, al\u00e9m do Centro de Conven\u00e7\u00f5es, na cidade de Olinda, na Regi\u00e3o Metropolitana do Recife. A feira ir\u00e1 se estender e interagir com [\u2026]<\/p>\n<p>O post <a rel=\"nofollow\" href=\"https:\/\/wscom.com.br\/fenearte-inova-ao-interagir-com-outros-equipamentos-culturais-em-pernambuco\/\">Fenearte inova ao interagir com outros equipamentos culturais em Pernambuco<\/a> apareceu primeiro em <a rel=\"nofollow\" href=\"https:\/\/wscom.com.br\/\">WSCOM<\/a>.<\/p>\n","protected":false},"author":42,"featured_media":0,"comment_status":"closed","ping_status":"closed","sticky":false,"template":"","format":"standard","meta":{"advgb_blocks_editor_width":"","advgb_blocks_columns_visual_guide":"","footnotes":""},"categories":[170,5827,34,1920],"tags":[35],"class_list":["post-23988","post","type-post","status-publish","format-standard","hentry","category-cultura","category-fenearte","category-g1","category-pernambuco","tag-g1"],"author_meta":{"display_name":"Rafael Andrade","author_link":"https:\/\/sindaopcpb.org.br\/author\/rafael-andrade\/"},"featured_img":null,"coauthors":[],"tax_additional":{"categories":{"linked":["<a href=\"https:\/\/sindaopcpb.org.br\/cultura\/\" class=\"advgb-post-tax-term\">Cultura<\/a>","<a href=\"https:\/\/sindaopcpb.org.br\/fenearte\/\" class=\"advgb-post-tax-term\">fenearte<\/a>","<a href=\"https:\/\/sindaopcpb.org.br\/g1\/\" class=\"advgb-post-tax-term\">G1<\/a>","<a href=\"https:\/\/sindaopcpb.org.br\/pernambuco\/\" class=\"advgb-post-tax-term\">Pernambuco<\/a>"],"unlinked":["<span class=\"advgb-post-tax-term\">Cultura<\/span>","<span class=\"advgb-post-tax-term\">fenearte<\/span>","<span class=\"advgb-post-tax-term\">G1<\/span>","<span class=\"advgb-post-tax-term\">Pernambuco<\/span>"]},"tags":{"linked":["<a href=\"https:\/\/sindaopcpb.org.br\/pernambuco\/\" class=\"advgb-post-tax-term\">g1<\/a>"],"unlinked":["<span class=\"advgb-post-tax-term\">g1<\/span>"]}},"comment_count":"0","relative_dates":{"created":"Publicado 3 anos atr\u00e1s","modified":"Atualizado 3 anos atr\u00e1s"},"absolute_dates":{"created":"Publicado em 4 de julho de 2023","modified":"Atualizado em 4 de julho de 2023"},"absolute_dates_time":{"created":"Publicado em 4 de julho de 2023 15:58","modified":"Atualizado em 4 de julho de 2023 15:58"},"featured_img_caption":"","series_order":"","_links":{"self":[{"href":"https:\/\/sindaopcpb.org.br\/index.php\/wp-json\/wp\/v2\/posts\/23988","targetHints":{"allow":["GET"]}}],"collection":[{"href":"https:\/\/sindaopcpb.org.br\/index.php\/wp-json\/wp\/v2\/posts"}],"about":[{"href":"https:\/\/sindaopcpb.org.br\/index.php\/wp-json\/wp\/v2\/types\/post"}],"author":[{"embeddable":true,"href":"https:\/\/sindaopcpb.org.br\/index.php\/wp-json\/wp\/v2\/users\/42"}],"replies":[{"embeddable":true,"href":"https:\/\/sindaopcpb.org.br\/index.php\/wp-json\/wp\/v2\/comments?post=23988"}],"version-history":[{"count":2,"href":"https:\/\/sindaopcpb.org.br\/index.php\/wp-json\/wp\/v2\/posts\/23988\/revisions"}],"predecessor-version":[{"id":24029,"href":"https:\/\/sindaopcpb.org.br\/index.php\/wp-json\/wp\/v2\/posts\/23988\/revisions\/24029"}],"wp:attachment":[{"href":"https:\/\/sindaopcpb.org.br\/index.php\/wp-json\/wp\/v2\/media?parent=23988"}],"wp:term":[{"taxonomy":"category","embeddable":true,"href":"https:\/\/sindaopcpb.org.br\/index.php\/wp-json\/wp\/v2\/categories?post=23988"},{"taxonomy":"post_tag","embeddable":true,"href":"https:\/\/sindaopcpb.org.br\/index.php\/wp-json\/wp\/v2\/tags?post=23988"}],"curies":[{"name":"wp","href":"https:\/\/api.w.org\/{rel}","templated":true}]}}