{"id":23986,"date":"2023-07-04T14:13:33","date_gmt":"2023-07-04T17:13:33","guid":{"rendered":"https:\/\/g1.globo.com\/pb\/paraiba\/noticia\/2023\/07\/04\/governo-da-paraiba-libera-venda-de-bebidas-alcoolicas-em-estadios-e-arenas-esportivas.ghtml"},"modified":"2023-07-04T14:13:33","modified_gmt":"2023-07-04T17:13:33","slug":"governo-da-paraiba-libera-venda-de-bebidas-alcoolicas-em-estadios-e-arenas-esportivas","status":"publish","type":"post","link":"https:\/\/sindaopcpb.org.br\/index.php\/2023\/07\/04\/governo-da-paraiba-libera-venda-de-bebidas-alcoolicas-em-estadios-e-arenas-esportivas\/","title":{"rendered":"Governo da Para\u00edba libera venda de bebidas alco\u00f3licas em est\u00e1dios e arenas esportivas"},"content":{"rendered":"   <img src=\"https:\/\/s2.glbimg.com\/b7lNfDKubq6Cli5aK6INbmdm_gk=\/s.glbimg.com\/jo\/g1\/f\/original\/2017\/06\/19\/cerveja.jpg\" \/><br \/>     Menina j\u00e1 vale para o pr\u00f3ximo fim de semana e acontece depois da Sejel regulamentar lei que j\u00e1 estava promulgada desde 2020. Cerveja precisar\u00e1 ser vendida em copo descart\u00e1vel\nMarcos Felipe\nO Governo da Para\u00edba autorizou nesta ter\u00e7a-feira (4) a venda de bebidas alco\u00f3licas nos est\u00e1dios e arenas esportivas da Para\u00edba. A medida, a prop\u00f3sito, segundo informou a Secretaria de Juventude, Esporte e Lazer (Sejel), j\u00e1 vale para a rodada do fim de semana dos campeonatos brasileiros das s\u00e9ries C e D.\nA medida tem por base a Lei Estadual n\u00ba 11.644 de 11 de fevereiro de 2020, que autoriza o consumo e o com\u00e9rcio em est\u00e1dios da Para\u00edba, desde que a venda seja realizada em copos de pl\u00e1stico descart\u00e1veis, por meio de fornecedores devidamente cadastrados e autorizados junto a Sejel.\nA lei j\u00e1 tinha sido promulgada desde 2020, mas ainda carecia de regulamenta\u00e7\u00e3o por parte do Governo da Para\u00edba, o que n\u00e3o acontecia em grande medida por press\u00e3o do antigo coordenador do N\u00facleo do Desporto e Defesa do Torcedor (Nudetor) do Minist\u00e9rio P\u00fablico da Para\u00edba, o procurador Valberto Lira, que recentemente se aposentou.\nNas \u00faltimas semanas, o ex-presidente do Botafogo-PB, o advogado Alexandre Cavalcanti, se reuniu com o secret\u00e1rio de Juventude, Esporte e Lazer da Para\u00edba, Lindolfo Pires, discutindo justamente a regulamenta\u00e7\u00e3o, o que agora foi confirmado.\nRegras de consumo\nA lei disciplina algumas regras que precisam ser seguidas pelos clubes para a venda da bebida alco\u00f3lica. Por exemplo, o teor alco\u00f3lico das bebidas n\u00e3o pode ultrapassar 15% e cada consumidor poder\u00e1 comprar at\u00e9 duas unidades de bebida alco\u00f3lica por vez.\nA venda \u00e9 exclusiva para pessoas a partir de 18 anos e s\u00f3 pode acontecer a partir de duas horas antes do jogo e 15 minutos depois do fim da partida.\nEm eventos realizados sob a responsabilidade dos clubes, estes dever\u00e3o investir, anualmente, 0,5% do faturamento total da comercializa\u00e7\u00e3o de bebidas alco\u00f3licas nos est\u00e1dios daquele ano em campanhas educativas pelo uso moderado, a embriaguez ao volante e contra a venda de bebidas alco\u00f3licas para menores de 18 anos.\nV\u00eddeos mais assistidos da Para\u00edba  ","protected":false},"excerpt":{"rendered":"<p>        Menina j\u00e1 vale para o pr\u00f3ximo fim de semana e acontece depois da Sejel regulamentar lei que j\u00e1 estava promulgada desde 2020. Cerveja precisar\u00e1 ser vendida em copo descart\u00e1vel<br \/>\nMarcos Felipe<br \/>\nO Governo da Para\u00edba autorizou nesta ter\u00e7a-feira (4) a &#8230;<\/p>\n","protected":false},"author":2,"featured_media":0,"comment_status":"closed","ping_status":"closed","sticky":false,"template":"","format":"standard","meta":{"advgb_blocks_editor_width":"","advgb_blocks_columns_visual_guide":"","footnotes":""},"categories":[34],"tags":[35],"class_list":["post-23986","post","type-post","status-publish","format-standard","hentry","category-g1","tag-g1"],"author_meta":{"display_name":"g1 &gt; Para\u00edba","author_link":"https:\/\/sindaopcpb.org.br\/author\/g1-paraiba\/"},"featured_img":null,"coauthors":[],"tax_additional":{"categories":{"linked":["<a href=\"https:\/\/sindaopcpb.org.br\/g1\/\" class=\"advgb-post-tax-term\">G1<\/a>"],"unlinked":["<span class=\"advgb-post-tax-term\">G1<\/span>"]},"tags":{"linked":["<a href=\"https:\/\/sindaopcpb.org.br\/g1\/\" class=\"advgb-post-tax-term\">g1<\/a>"],"unlinked":["<span class=\"advgb-post-tax-term\">g1<\/span>"]}},"comment_count":"0","relative_dates":{"created":"Publicado 3 anos atr\u00e1s","modified":"Atualizado 3 anos atr\u00e1s"},"absolute_dates":{"created":"Publicado em 4 de julho de 2023","modified":"Atualizado em 4 de julho de 2023"},"absolute_dates_time":{"created":"Publicado em 4 de julho de 2023 14:13","modified":"Atualizado em 4 de julho de 2023 14:13"},"featured_img_caption":"","series_order":"","_links":{"self":[{"href":"https:\/\/sindaopcpb.org.br\/index.php\/wp-json\/wp\/v2\/posts\/23986","targetHints":{"allow":["GET"]}}],"collection":[{"href":"https:\/\/sindaopcpb.org.br\/index.php\/wp-json\/wp\/v2\/posts"}],"about":[{"href":"https:\/\/sindaopcpb.org.br\/index.php\/wp-json\/wp\/v2\/types\/post"}],"author":[{"embeddable":true,"href":"https:\/\/sindaopcpb.org.br\/index.php\/wp-json\/wp\/v2\/users\/2"}],"replies":[{"embeddable":true,"href":"https:\/\/sindaopcpb.org.br\/index.php\/wp-json\/wp\/v2\/comments?post=23986"}],"version-history":[{"count":2,"href":"https:\/\/sindaopcpb.org.br\/index.php\/wp-json\/wp\/v2\/posts\/23986\/revisions"}],"predecessor-version":[{"id":24014,"href":"https:\/\/sindaopcpb.org.br\/index.php\/wp-json\/wp\/v2\/posts\/23986\/revisions\/24014"}],"wp:attachment":[{"href":"https:\/\/sindaopcpb.org.br\/index.php\/wp-json\/wp\/v2\/media?parent=23986"}],"wp:term":[{"taxonomy":"category","embeddable":true,"href":"https:\/\/sindaopcpb.org.br\/index.php\/wp-json\/wp\/v2\/categories?post=23986"},{"taxonomy":"post_tag","embeddable":true,"href":"https:\/\/sindaopcpb.org.br\/index.php\/wp-json\/wp\/v2\/tags?post=23986"}],"curies":[{"name":"wp","href":"https:\/\/api.w.org\/{rel}","templated":true}]}}