{"id":23966,"date":"2023-07-04T13:10:47","date_gmt":"2023-07-04T16:10:47","guid":{"rendered":"https:\/\/www.infomoney.com.br\/?p=2178482"},"modified":"2023-07-04T13:10:47","modified_gmt":"2023-07-04T16:10:47","slug":"comissao-do-senado-aprova-indicacoes-de-galipolo-e-aquino-para-diretorias-do-banco-central","status":"publish","type":"post","link":"https:\/\/sindaopcpb.org.br\/index.php\/2023\/07\/04\/comissao-do-senado-aprova-indicacoes-de-galipolo-e-aquino-para-diretorias-do-banco-central\/","title":{"rendered":"Comiss\u00e3o do Senado aprova indica\u00e7\u00f5es de Gal\u00edpolo e Aquino para diretorias do Banco Central"},"content":{"rendered":"<p><img loading=\"lazy\" width=\"300\" height=\"200\" src=\"https:\/\/www.infomoney.com.br\/wp-content\/uploads\/2023\/07\/53022195416_42ec1e0604_c.jpg?fit=300%2C200&amp;quality=70&amp;strip=all\" class=\"attachment-medium size-medium wp-post-image\" alt=\"\" decoding=\"async\" style=\"float:right; margin:0 0 10px 10px;\" srcset=\"https:\/\/www.infomoney.com.br\/wp-content\/uploads\/2023\/07\/53022195416_42ec1e0604_c.jpg?w=799&amp;quality=70&amp;strip=all 799w, https:\/\/www.infomoney.com.br\/wp-content\/uploads\/2023\/07\/53022195416_42ec1e0604_c.jpg?w=300&amp;quality=70&amp;strip=all 300w, https:\/\/www.infomoney.com.br\/wp-content\/uploads\/2023\/07\/53022195416_42ec1e0604_c.jpg?w=768&amp;quality=70&amp;strip=all 768w, https:\/\/www.infomoney.com.br\/wp-content\/uploads\/2023\/07\/53022195416_42ec1e0604_c.jpg?w=150&amp;quality=70&amp;strip=all 150w\" sizes=\"auto, (max-width: 300px) 100vw, 300px\" data-attachment-id=\"2178488\" data-permalink=\"https:\/\/www.infomoney.com.br\/politica\/comissao-do-senado-aprova-indicacoes-de-galipolo-e-aquino-para-diretorias-do-banco-central\/attachment\/53022195416_42ec1e0604_c\/\" data-orig-file=\"https:\/\/www.infomoney.com.br\/wp-content\/uploads\/2023\/07\/53022195416_42ec1e0604_c.jpg?fit=799%2C533&amp;quality=70&amp;strip=all\" data-orig-size=\"799,533\" data-comments-opened=\"0\" data-image-meta=\"{&quot;aperture&quot;:&quot;0&quot;,&quot;credit&quot;:&quot;Pedro Fran\\u00e7a\\\/Ag\\u00eancia Senado&quot;,&quot;camera&quot;:&quot;&quot;,&quot;caption&quot;:&quot;&quot;,&quot;created_timestamp&quot;:&quot;0&quot;,&quot;copyright&quot;:&quot;Senado Federal do Brasil&quot;,&quot;focal_length&quot;:&quot;0&quot;,&quot;iso&quot;:&quot;0&quot;,&quot;shutter_speed&quot;:&quot;0&quot;,&quot;title&quot;:&quot;&quot;,&quot;orientation&quot;:&quot;0&quot;}\" data-image-title=\"53022195416_42ec1e0604_c\" data-image-description=\"\" data-image-caption=\"&lt;p&gt;A Comiss\u00e3o de Assuntos Econ\u00f4micos (CAE) do Senado Federal realiza sabatina de indicados para a diretoria do Banco Central. Na mesa est\u00e3o Gabriel Gal\u00edpolo e Ailton de Aquino Santos, indicados para as respectivas diretorias de Pol\u00edtica Monet\u00e1ria e Fiscaliza\u00e7\u00e3o da autarquia (Foto: Pedro Fran\u00e7a\/Ag\u00eancia Senado)&lt;\/p&gt;\n\" data-medium-file=\"https:\/\/www.infomoney.com.br\/wp-content\/uploads\/2023\/07\/53022195416_42ec1e0604_c.jpg?fit=300%2C200&amp;quality=70&amp;strip=all\" data-large-file=\"https:\/\/www.infomoney.com.br\/wp-content\/uploads\/2023\/07\/53022195416_42ec1e0604_c.jpg?fit=799%2C533&amp;quality=70&amp;strip=all\" title=\"\"><\/p>\n<p>A Comiss\u00e3o de Assuntos Econ\u00f4micos (CAE) do Senado Federal aprovou, nesta ter\u00e7a-feira (4), as indica\u00e7\u00f5es de <strong>Gabriel Gal\u00edpolo<\/strong> e de <strong>Ailton de Aquino Santos<\/strong>, respectivamente, para as diretorias de Pol\u00edtica Monet\u00e1ria e Fiscaliza\u00e7\u00e3o do Banco Central.<\/p>\n<p>No caso de Gal\u00edpolo, foram 23 votos a favor e 2 contr\u00e1rios \u00e0 indica\u00e7\u00e3o no colegiado. J\u00e1 Ailton conseguiu 24 votos favor\u00e1veis e apenas 1 contr\u00e1rio.<\/p>\n<p>Agora cabe ao plen\u00e1rio do Senado Federal deliberar sobre as duas indica\u00e7\u00f5es feitas pelo presidente Luiz In\u00e1cio Lula da Silva (PT). As vota\u00e7\u00f5es pelos 81 senadores s\u00e3o secretas, com exig\u00eancia de maioria simples em cada caso.<\/p>\n<p>Caso as decis\u00f5es sejam confirmadas, a dupla dever\u00e1 assumir os novos cargos antes da pr\u00f3xima reuni\u00e3o do Comit\u00ea de Pol\u00edtica Monet\u00e1ria (Copom), em agosto. No mercado h\u00e1 expectativas de que o encontro marque o in\u00edcio dos cortes da taxa b\u00e1sica de juros (a Selic), atualmente em 13,75% ao ano.<\/p>\n<p>As sabatinas foram r\u00e1pidas e correram em clima amistoso na Comiss\u00e3o de Assuntos Econ\u00f4micos do Senado Federal \u2012 em contraste com o ambiente de tens\u00e3o entre Lula e o comando do Banco Central, na figura de Roberto Campos Neto. O presidente da Rep\u00fablica e seus aliados t\u00eam feito duras cr\u00edticas a Campos Neto, que foi indicado para o posto por Jair Bolsonaro (PL), pela condu\u00e7\u00e3o de uma pol\u00edtica monet\u00e1ria, na avalia\u00e7\u00e3o deles, conservadora.<\/p>\n<p>A avalia\u00e7\u00e3o \u00e9 que uma demora no afrouxamento dos juros deve comprometer o desempenho da economia nos dois primeiros anos do novo governo. H\u00e1 tamb\u00e9m cr\u00edticas de empres\u00e1rios do setor produtivo e parte do pr\u00f3prio mercado financeiro.<\/p>\n<p>Uma vez aprovadas as nomea\u00e7\u00f5es de Gal\u00edpolo e Aquino, ambos ter\u00e3o mandato com dura\u00e7\u00e3o de quatro anos, conforme prev\u00ea a lei complementar que estabeleceu a autonomia do Banco Central (LC 179\/2021). Lula ter\u00e1 a oportunidade de indicar outros dois diretores da autarquia a partir de 31 de dezembro. Mas o mandato de Campos Neto vai at\u00e9 o fim de 2024.<\/p>\n<h2><strong>Otimismo<\/strong><\/h2>\n<p>Durante a reuni\u00e3o de sabatina na CAE, Gabriel Gal\u00edpolo procurou deixar uma mensagem de otimismo com a economia brasileira aos integrantes do colegiado.<\/p>\n<p>Em sua fala, o economista exaltou a melhora de indicadores nacionais e de proje\u00e7\u00f5es do mercado para o Produto Interno Bruto (PIB) e o pr\u00f3prio comportamento da taxa de juros, mencionou vit\u00f3rias recentes do governo com aux\u00edlio dos Poderes Legislativo e Judici\u00e1rio e destacou a escolha da equipe econ\u00f4mica de \u201ctrilhar um caminho mais dif\u00edcil\u201d, que, na sua vis\u00e3o, est\u00e1 produzindo frutos.<\/p>\n<p>\u201cN\u00e3o \u00e9 dif\u00edcil encontrar diversos exemplos na hist\u00f3ria da economia brasileira em que a pol\u00edtica econ\u00f4mica e a pol\u00edtica fiscal estavam apontando para dire\u00e7\u00f5es distintas, em que encontr\u00e1vamos pol\u00edticas monet\u00e1rias contacionistas, com eleva\u00e7\u00e3o de taxa de juros e o intuito de desacelerar a economia, concomitantes a pol\u00edticas fiscais expansionistas que pretendiam impulsionar e acelerar a economia, quase sempre n\u00e3o levando a um bom termo o resultado\u201d, disse.<\/p>\n<p>\u201cDesde o in\u00edcio deste mandato do presidente Lula, por orienta\u00e7\u00e3o dele e coordenado pelo ministro Fernando Haddad, a equipe econ\u00f4mica decidiu trilhar um caminho mais dif\u00edcil, de enfrentar problemas e entraves antigos da economia brasileira, mas mirando para os desafios da sustentabilidade econ\u00f4mica, social e ambiental a partir de um debate republicano e transparente\u201d, prosseguiu.<\/p>\n<p>Gal\u00edpolo lembrou de um conjunto de medidas tomadas pela equipe econ\u00f4mica do governo visando reduzir o d\u00e9ficit prim\u00e1rio, introduzir um novo arcabou\u00e7o fiscal \u2012 que, ap\u00f3s aprovado pelo Senado Federal, retornou para an\u00e1lise da C\u00e2mara do Deputados sobre mudan\u00e7as feitas no texto.<\/p>\n<p>\u201cAs medidas at\u00e9 aqui implementadas produziram, no primeiro semestre, aprecia\u00e7\u00e3o da nossa moeda, previs\u00f5es de um d\u00e9ficit prim\u00e1rio menor, a aprova\u00e7\u00e3o de um conceito de uma nova regra fiscal, proje\u00e7\u00f5es de crescimento mais elevado, menor infla\u00e7\u00e3o e o mercado j\u00e1 projeta taxas de juros mais baixas e cortes nas taxas de juros futuras\u201d, disse.<\/p>\n<p>Gal\u00edpolo atuou como secret\u00e1rio-executivo do Minist\u00e9rio da Fazenda at\u00e9 20 de junho, quando foi exonerado para poder seguir com a indica\u00e7\u00e3o para o Banco Central. Na campanha eleitoral de 2022, foi importante interlocutor da campanha de Lula com o mercado. Antes de assumir o cargo no setor p\u00fablico, ele presidiu o Banco Fator e \u00e9 conhecido como especialista em programas de concess\u00e3o e parcerias p\u00fablico-privadas (PPPs).<\/p>\n<p>Ao ser indicado para a Diretoria de Pol\u00edtica Monet\u00e1ria do BC, foi exonerado do cargo no Poder Executivo e substitu\u00eddo pelo\u00a0advogado Dario Durigan, que j\u00e1 trabalhou com o ministro Fernando Haddad (PT) na prefeitura de S\u00e3o Paulo, de 2015 a 2016, como assessor especial do petista.<\/p>\n<p>Durante seu discurso na Comiss\u00e3o de Assuntos Econ\u00f4micos do Senado Federal, Gal\u00edpolo ponderou o otimismo no plano dom\u00e9stico com uma avalia\u00e7\u00e3o mais negativa do cen\u00e1rio internacional, mas refor\u00e7ou a percep\u00e7\u00e3o de um ambiente favor\u00e1vel para o Brasil, sobretudo considerando as potencialidades para uma economia mais sustent\u00e1vel.<\/p>\n<p>Na leitura do economista, o desmonte da flexibiliza\u00e7\u00e3o monet\u00e1ria iniciada em 2008 \u201ctem devolvido constrangimentos que pareciam ter sido afastados\u201d, como crises de balan\u00e7os de pagamentos em pa\u00edses vizinhos, al\u00e9m de risco de crises banc\u00e1rias em economias centrais. Mas ele acredita que o Brasil construiu uma robusta prote\u00e7\u00e3o para choques externos.<\/p>\n<p>\u201cTodas as medidas que foram tomadas v\u00eam contribuindo para um cen\u00e1rio que, j\u00e1 com uma queda da taxa de juros longa futura, podem estimular o retorno dos investimentos e de um crescimento mais sustent\u00e1vel pelos pr\u00f3ximos anos\u201d, ressaltou.<\/p>\n<p>\u201cO Brasil se encontra em uma regi\u00e3o sem conflitos militares, sem depend\u00eancia energ\u00e9tica, com uma s\u00e9rie de vantagens competitivas para se colocar \u00e0 frente da transi\u00e7\u00e3o ecol\u00f3gica com protagonismo no mundo\u201d, salientou o indicado.<\/p>\n<p>Em sua fala, Gal\u00edpolo tamb\u00e9m fez duas refer\u00eancias diretas ao atual presidente do Banco Central, Roberto Campos Neto \u2012 tratado como algoz por Lula e aliados, que veem nele a responsabilidade pela manuten\u00e7\u00e3o da taxa b\u00e1sica de juros (a Selic) nos atuais 13,75%, que consideram um equ\u00edvoco.<\/p>\n<p>\u201cMas o crescimento do Brasil n\u00e3o depende s\u00f3 de uma quest\u00e3o externa. Como bem colocou o diretor-presidente do Banco Central, Roberto Campos\u00a0<em>[Neto]<\/em>, se seguirmos com premissas de um crescimento potencial de 1,5% ou 1,6% e uma taxa de juros neutra de 4,5%, por mais sofisticado que sejam os modelos e os economistas que tratam dos modelos, a rela\u00e7\u00e3o d\u00edvida\/PIB n\u00e3o vai apresentar um bom comportamento\u201d, disse.<\/p>\n<p>\u201cComo tamb\u00e9m disse o presidente Roberto Campos, a \u00fanica solu\u00e7\u00e3o \u00e9 crescer. E para crescer, \u00e9 preciso seguir com a agenda econ\u00f4mica que vem sendo enfrentada agora mesmo em conjunto pelo Legislativo, pelo Executivo e pelo Judici\u00e1rio\u201d, pontuou.<\/p>\n<p>Por fim, Gal\u00edpolo criticou a postura dogm\u00e1tica assumida por alguns economistas e valorizou a democracia como arena para decis\u00f5es pol\u00edticas \u2012 inclusive aquelas com impactos econ\u00f4micos.<\/p>\n<p>\u201cO reconhecimento da responsabilidade desse cargo est\u00e1 impl\u00edcito e patente na necessidade de ser uma indica\u00e7\u00e3o do presidente da Rep\u00fablica e depender da aprova\u00e7\u00e3o do Senado. Isso d\u00e1 tamb\u00e9m a dimens\u00e3o da democracia como um valor superior\u201d, disse.<\/p>\n<p>\u201cDurante muito tempo, n\u00f3s, economistas, utilizamos a necessidade da discuss\u00e3o t\u00e9cnica para tentar interditar o debate econ\u00f4mico ou a economia como espa\u00e7o para a vontade democr\u00e1tica ou para o debate p\u00fablico. N\u00e3o cabe a um economista, por mais excel\u00eancia que ele tenha, impor o que ele entende ser o destino econ\u00f4mico do pa\u00eds \u00e0 revelia da vontade democr\u00e1tica e dos seus representantes eleitos\u201d, concluiu.<\/p>\n<h2><strong>BC encolhido<\/strong><\/h2>\n<p>O otimismo com os movimentos recentes foi compartilhado por Ailton de Aquino Santos durante sua exposi\u00e7\u00e3o aos parlamentares. &#8220;Estou confiante que estamos entrando em um ciclo virtuoso e que o Banco Central contribuir\u00e1 na consolida\u00e7\u00e3o de um cen\u00e1rio mais alvissareiro para a economia e para a sociedade como um todo&#8221;, disse ao final de sua fala.<\/p>\n<p>Servidor de carreira do BC, Santos valorizou a estrutura da institui\u00e7\u00e3o, seus quadros e o pr\u00f3prio sistema financeiro brasileiro e assumiu o compromisso de trabalhar pelo crescimento do cooperativismo de cr\u00e9dito \u2012 instrumento que ele considera fundamental para o desenvolvimento socioecon\u00f4mico com impactos importantes em n\u00edvel regional.<\/p>\n<p>\u201cO Banco Central \u00e9 uma institui\u00e7\u00e3o de Estado que preza pela \u00e9tica e pela excel\u00eancia\u201d, disse. \u201cTemos hoje um sistema financeiro moderno, complexo, mais s\u00f3lido, no qual se destaca o papel que o BC exerce como regulador e supervisor, para que se mantenha tal estabilidade em n\u00edveis de concorr\u00eancia\u201d.<\/p>\n<p>\u201cCrises recentes em grandes institui\u00e7\u00f5es financeiras dos Estados Unidos e da Europa, que parecem at\u00e9 que contidas \u2013 mesmo que a um custo elevado -, demonstram, por um lado, que as institui\u00e7\u00f5es devem sempre resguardar seus planos de neg\u00f3cios, sua gest\u00e3o de risco e sua governan\u00e7a. Por outro lado, mais uma vez, fica claro que as autoridades reguladoras e supervisoras dos sistemas financeiros precisam se manter atualizadas, vigilantes e com plena capacidade de supervisionar o sistema financeiro. Tanto do ponto de vista macro, quando se avalia a estabilidade do sistema e dos mercados como um todo. Quanto micro, das institui\u00e7\u00f5es supervisionadas individualmente, sobretudo aquelas que, pelo porte, complexidade, interconectividade, entre outros aspectos, podem representar riscos mais significativos \u00e0 estabilidade e ao bom funcionamento da economia\u201d, disse.<\/p>\n<p>Por outro lado, o indicado (que, se confirmado, ser\u00e1 o primeiro negro a assumir uma diretoria na autarquia) destacou o momento de dificuldade enfrentado pelo BC com a redu\u00e7\u00e3o de efetivo e por desvantagens competitivas de seus servidores em compara\u00e7\u00e3o com outras carreiras.<\/p>\n<p>\u201cSupervis\u00e3o banc\u00e1ria de qualidade exige recursos materiais, mas principalmente recursos humanos. Ou seja, servidores altamente capacitados. Isso implica recursos or\u00e7ament\u00e1rios e financeiros\u201d, pontuou.<\/p>\n<p>\u201cNos \u00faltimos 10 anos, infelizmente, o Banco Central, especialmente a \u00e1rea de fiscaliza\u00e7\u00e3o do sistema financeiro, vem sofrendo um processo de encolhimento. Neste per\u00edodo, o n\u00famero de institui\u00e7\u00f5es aumentou em 15%, os ativos do sistema financeiro aumentaram 25% em termos reais, os produtos financeiros ficaram significativamente mais complexos e novas atribui\u00e7\u00f5es foram delegadas ao Banco Central\u201d, disse.<\/p>\n<p>\u201cN\u00e3o obstante, n\u00e3o houve aumento do quadro de servidores. Pelo contr\u00e1rio, h\u00e1 dez anos t\u00ednhamos na \u00e1rea de supervis\u00e3o 1.100 servidores. Hoje n\u00e3o chega a 650. Quase 1\/3 desses podem se aposentar ou estar\u00e3o aptos a se aposentar no pr\u00f3ximo ano. A m\u00e9dia de idade da \u00e1rea de supervis\u00e3o gira em torno de 50 anos \u2013 padr\u00e3o do restante do Banco Central. Ao mesmo tempo, estamos sofrendo graves assimetrias entre a remunera\u00e7\u00e3o dos servidores do Banco Central e dos demais \u00f3rg\u00e3os da administra\u00e7\u00e3o p\u00fablica com padr\u00e3o de perfil profissional similar ao do Banco Central. Isso enfraquece a casa e coloca em risco a manuten\u00e7\u00e3o das entregas de excel\u00eancia t\u00e3o reconhecidas pela sociedade\u201d, prosseguiu.<\/p>\n<p>The post <a rel=\"nofollow noopener\" href=\"https:\/\/www.infomoney.com.br\/politica\/comissao-do-senado-aprova-indicacoes-de-galipolo-e-aquino-para-diretorias-do-banco-central\/\" target=\"_blank\">Comiss\u00e3o do Senado aprova indica\u00e7\u00f5es de Gal\u00edpolo e Aquino para diretorias do Banco Central<\/a> appeared first on <a rel=\"nofollow noopener\" href=\"https:\/\/www.infomoney.com.br\/\" target=\"_blank\">InfoMoney<\/a>.<\/p>\n","protected":false},"excerpt":{"rendered":"<p><img loading=\"lazy\" decoding=\"async\" width=\"300\" height=\"200\" src=\"https:\/\/www.infomoney.com.br\/wp-content\/uploads\/2023\/07\/53022195416_42ec1e0604_c.jpg?fit=300%2C200&amp;quality=70&amp;strip=all\" class=\"attachment-medium size-medium wp-post-image\" alt=\"\" data-attachment-id=\"2178488\" data-permalink=\"https:\/\/www.infomoney.com.br\/politica\/comissao-do-senado-aprova-indicacoes-de-galipolo-e-aquino-para-diretorias-do-banco-central\/attachment\/53022195416_42ec1e0604_c\/\" data-orig-file=\"https:\/\/www.infomoney.com.br\/wp-content\/uploads\/2023\/07\/53022195416_42ec1e0604_c.jpg?fit=799%2C533&amp;quality=70&amp;strip=all\" data-orig-size=\"799,533\" data-comments-opened=\"0\" data-image-meta='{\"aperture\":\"0\",\"credit\":\"Pedro Fran\\u00e7a\\\/Ag\\u00eancia Senado\",\"camera\":\"\",\"caption\":\"\",\"created_timestamp\":\"0\",\"copyright\":\"Senado Federal do Brasil\",\"focal_length\":\"0\",\"iso\":\"0\",\"shutter_speed\":\"0\",\"title\":\"\",\"orientation\":\"0\"}' data-image-title=\"53022195416_42ec1e0604_c\" data-image-description=\"\" data-image-caption=\"&lt;p&gt;A Comiss\u00e3o de Assuntos Econ\u00f4micos (CAE) do Senado Federal realiza sabatina de indicados para a diretoria do Banco Central. Na mesa est\u00e3o Gabriel Gal\u00edpolo e Ailton de Aquino Santos, indicados para as respectivas diretorias de Pol\u00edtica Monet\u00e1ria e Fiscaliza\u00e7\u00e3o da autarquia (Foto: Pedro Fran\u00e7a\/Ag\u00eancia Senado)&lt;\/p&gt;\n\" data-medium-file=\"https:\/\/www.infomoney.com.br\/wp-content\/uploads\/2023\/07\/53022195416_42ec1e0604_c.jpg?fit=300%2C200&amp;quality=70&amp;strip=all\" data-large-file=\"https:\/\/www.infomoney.com.br\/wp-content\/uploads\/2023\/07\/53022195416_42ec1e0604_c.jpg?fit=799%2C533&amp;quality=70&amp;strip=all\">Vota\u00e7\u00e3o ocorreu ap\u00f3s sabatina conjunta realizada com os dois indicados; an\u00e1lise segue para o plen\u00e1rio<\/p>\n<p>The post <a rel=\"nofollow\" href=\"https:\/\/www.infomoney.com.br\/politica\/comissao-do-senado-aprova-indicacoes-de-galipolo-e-aquino-para-diretorias-do-banco-central\/\">Comiss\u00e3o do Senado aprova indica\u00e7\u00f5es de Gal\u00edpolo e Aquino para diretorias do Banco Central<\/a> appeared first on <a rel=\"nofollow\" href=\"https:\/\/www.infomoney.com.br\/\">InfoMoney<\/a>.<\/p>\n","protected":false},"author":52,"featured_media":0,"comment_status":"closed","ping_status":"closed","sticky":false,"template":"","format":"standard","meta":{"advgb_blocks_editor_width":"","advgb_blocks_columns_visual_guide":"","footnotes":""},"categories":[279,69,34,693,47,403],"tags":[35],"class_list":["post-23966","post","type-post","status-publish","format-standard","hentry","category-banco-central","category-economia","category-g1","category-gabriel-galipolo","category-politica","category-senado","tag-g1"],"author_meta":{"display_name":"Marcos Mortari","author_link":"https:\/\/sindaopcpb.org.br\/author\/marcos-mortari\/"},"featured_img":null,"coauthors":[],"tax_additional":{"categories":{"linked":["<a href=\"https:\/\/sindaopcpb.org.br\/banco-central\/\" class=\"advgb-post-tax-term\">Banco Central<\/a>","<a href=\"https:\/\/sindaopcpb.org.br\/economia\/\" class=\"advgb-post-tax-term\">Economia<\/a>","<a href=\"https:\/\/sindaopcpb.org.br\/g1\/\" class=\"advgb-post-tax-term\">G1<\/a>","<a href=\"https:\/\/sindaopcpb.org.br\/gabriel-galipolo\/\" class=\"advgb-post-tax-term\">Gabriel Gal\u00edpolo<\/a>","<a href=\"https:\/\/sindaopcpb.org.br\/politica\/\" class=\"advgb-post-tax-term\">POLITICA<\/a>","<a href=\"https:\/\/sindaopcpb.org.br\/senado\/\" class=\"advgb-post-tax-term\">Senado<\/a>"],"unlinked":["<span class=\"advgb-post-tax-term\">Banco Central<\/span>","<span class=\"advgb-post-tax-term\">Economia<\/span>","<span class=\"advgb-post-tax-term\">G1<\/span>","<span class=\"advgb-post-tax-term\">Gabriel Gal\u00edpolo<\/span>","<span class=\"advgb-post-tax-term\">POLITICA<\/span>","<span class=\"advgb-post-tax-term\">Senado<\/span>"]},"tags":{"linked":["<a href=\"https:\/\/sindaopcpb.org.br\/senado\/\" class=\"advgb-post-tax-term\">g1<\/a>"],"unlinked":["<span class=\"advgb-post-tax-term\">g1<\/span>"]}},"comment_count":"0","relative_dates":{"created":"Publicado 3 anos atr\u00e1s","modified":"Atualizado 3 anos atr\u00e1s"},"absolute_dates":{"created":"Publicado em 4 de julho de 2023","modified":"Atualizado em 4 de julho de 2023"},"absolute_dates_time":{"created":"Publicado em 4 de julho de 2023 13:10","modified":"Atualizado em 4 de julho de 2023 13:10"},"featured_img_caption":"","series_order":"","_links":{"self":[{"href":"https:\/\/sindaopcpb.org.br\/index.php\/wp-json\/wp\/v2\/posts\/23966","targetHints":{"allow":["GET"]}}],"collection":[{"href":"https:\/\/sindaopcpb.org.br\/index.php\/wp-json\/wp\/v2\/posts"}],"about":[{"href":"https:\/\/sindaopcpb.org.br\/index.php\/wp-json\/wp\/v2\/types\/post"}],"author":[{"embeddable":true,"href":"https:\/\/sindaopcpb.org.br\/index.php\/wp-json\/wp\/v2\/users\/52"}],"replies":[{"embeddable":true,"href":"https:\/\/sindaopcpb.org.br\/index.php\/wp-json\/wp\/v2\/comments?post=23966"}],"version-history":[{"count":1,"href":"https:\/\/sindaopcpb.org.br\/index.php\/wp-json\/wp\/v2\/posts\/23966\/revisions"}],"predecessor-version":[{"id":23967,"href":"https:\/\/sindaopcpb.org.br\/index.php\/wp-json\/wp\/v2\/posts\/23966\/revisions\/23967"}],"wp:attachment":[{"href":"https:\/\/sindaopcpb.org.br\/index.php\/wp-json\/wp\/v2\/media?parent=23966"}],"wp:term":[{"taxonomy":"category","embeddable":true,"href":"https:\/\/sindaopcpb.org.br\/index.php\/wp-json\/wp\/v2\/categories?post=23966"},{"taxonomy":"post_tag","embeddable":true,"href":"https:\/\/sindaopcpb.org.br\/index.php\/wp-json\/wp\/v2\/tags?post=23966"}],"curies":[{"name":"wp","href":"https:\/\/api.w.org\/{rel}","templated":true}]}}