{"id":23960,"date":"2023-07-04T12:14:39","date_gmt":"2023-07-04T15:14:39","guid":{"rendered":"https:\/\/wpa.wscom.com.br\/?p=909850"},"modified":"2023-07-04T12:14:39","modified_gmt":"2023-07-04T15:14:39","slug":"obras-na-fcja-prosseguem-com-espacos-abertos-para-visitacao-de-segunda-a-domingo","status":"publish","type":"post","link":"https:\/\/sindaopcpb.org.br\/index.php\/2023\/07\/04\/obras-na-fcja-prosseguem-com-espacos-abertos-para-visitacao-de-segunda-a-domingo\/","title":{"rendered":"Obras na FCJA prosseguem com espa\u00e7os abertos para visita\u00e7\u00e3o de segunda a domingo"},"content":{"rendered":"<p>Funda\u00e7\u00e3o Casa de Jos\u00e9 Am\u00e9rico, em Jo\u00e3o Pessoa, segue com as obras de revitaliza\u00e7\u00e3o, mas a visita\u00e7\u00e3o prossegue normalmente da segunda-feira a domingo, das 9h \u00e0s 16h. Muitos s\u00e3o os atrativos da institui\u00e7\u00e3o para receber os visitantes. O principal \u00e9 a exposi\u00e7\u00e3o &#8220;Jos\u00e9 Am\u00e9rico em tr\u00e2nsito&#8221;, instalada no hall, com rel\u00edquias e aspectos da vida e obra do patrono.<\/p>\n<p>Iniciados em abril, os servi\u00e7os de revitaliza\u00e7\u00e3o do Museu Casa e paisagismo de toda \u00e1rea da Funda\u00e7\u00e3o tem investimento de R$ 818.891,16, com recursos do Governo do Estado, com obra licitadas pela Suplan, que tamb\u00e9m faz o acompanhamento da execu\u00e7\u00e3o dos servi\u00e7os. A execu\u00e7\u00e3o est\u00e1 a cargo da Construtora INSTEC &#8211; Instala\u00e7\u00f5es T\u00e9cnicas Ltda.<\/p>\n<p>Conforme informou o arquiteto Gilberto Guedes,\u00a0o Museu Casa recebe\u00a0os principais servi\u00e7os, que s\u00e3o: revitaliza\u00e7\u00e3o de todo madeiramento da coberta, incluindo tamb\u00e9m o telhamento em cer\u00e2mica canal e calhas de \u00e1guas pluviais; pintura completa interna e externa; reaplica\u00e7\u00e3o de verniz nos assoalhos de madeira e limpeza e polimento nos pisos de granilite.<\/p>\n<p>Nas demais \u00e1reas da Funda\u00e7\u00e3o, recebem melhoramentos os setores do Bloco Administrativo, Mausol\u00e9u e do Arquivo dos Governadores, revitaliza\u00e7\u00e3o do Paisagismo, incluindo replantio de esp\u00e9cies, instala\u00e7\u00e3o de Sistema de Irriga\u00e7\u00e3o automatizado e nova Ilumina\u00e7\u00e3o externa geral.<\/p>\n<p>&nbsp;<\/p>\n<p><img decoding=\"async\" src=\"https:\/\/paraiba.pb.gov.br\/noticias\/obras-na-fcja-prosseguem-com-espacos-abertos-para-visitacao\/img_20230517_100907505.jpg\/@@images\/8ba06488-5af2-44fe-aa47-a85f4489c926.jpeg\" alt=\"IMG_20230517_100907505.jpg\" title=\"\"><\/p>\n<p>&nbsp;<\/p>\n<p><strong>Atrativos &#8211;<\/strong> O visitante, ao adentrar o ambiente, \u00e9 recepcionado por uma escultura do tamanho real de Jos\u00e9 Am\u00e9rico, com o fard\u00e3o da Academia Brasileira de Letras, produzida pelo artista pl\u00e1stico \u00c1lvaro Neves, em papel mach\u00ea, resina e outros materiais. Tem as cadeiras do terra\u00e7o, onde ele recebia amigos, intelectuais, pol\u00edticos e jornalistas.<\/p>\n<p>A escrivaninha exp\u00f5e a m\u00e1quina de datilografia da \u00e9poca e o trof\u00e9u Juca Pato, enquanto o espa\u00e7o reservado ao dormit\u00f3rio, que al\u00e9m das camas, exibe a rede, onde Jos\u00e9 Am\u00e9rico repousava e lia, bem como os chinelos. Ainda na exposi\u00e7\u00e3o, se pode conferir expositores com diversas obras, bem como objetos, retirados da exposi\u00e7\u00e3o museal, com as pe\u00e7as mais representativas do acervo, cuja montagem apresenta uma vis\u00e3o geral da vida de Jos\u00e9 Am\u00e9rico.<\/p>\n<p>No local, o visitante disp\u00f5e da oportunidade de adquirir livros de Jos\u00e9 Am\u00e9rico de Almeida e alguns escritores paraibanos. \u00c0s sextas-feiras, das 8h \u00e0s 14h, prossegue a Feira de Aromas, com uma variedade de produtos hortifrutigranjeiros, artesanatos, m\u00fasicas ao vivo, com trio de forr\u00f3.<\/p>\n<p>Por fim, o Memorial da Democracia oferece a exposi\u00e7\u00e3o Vozes, Vetos e Votos, que destaca os processos de luta pelo direito ao voto e representatividade dos comandos populares.<\/p>\n<p>&nbsp;<\/p>\n<p>O post <a rel=\"nofollow noopener\" href=\"https:\/\/wscom.com.br\/obras-na-fcja-prosseguem-com-espacos-abertos-para-visitacao-de-segunda-a-domingo\/\" target=\"_blank\">Obras na FCJA prosseguem com espa\u00e7os abertos para visita\u00e7\u00e3o de segunda a domingo<\/a> apareceu primeiro em <a rel=\"nofollow noopener\" href=\"https:\/\/wscom.com.br\/\" target=\"_blank\">WSCOM<\/a>.<\/p>\n","protected":false},"excerpt":{"rendered":"<p>Funda\u00e7\u00e3o Casa de Jos\u00e9 Am\u00e9rico, em Jo\u00e3o Pessoa, segue com as obras de revitaliza\u00e7\u00e3o, mas a visita\u00e7\u00e3o prossegue normalmente da segunda-feira a domingo, das 9h \u00e0s 16h. Muitos s\u00e3o os atrativos da institui\u00e7\u00e3o para receber os visitantes. O principal \u00e9 a exposi\u00e7\u00e3o \u201cJos\u00e9 Am\u00e9rico em tr\u00e2nsito\u201d, instalada no hall, com rel\u00edquias e aspectos da vida [\u2026]<\/p>\n<p>O post <a rel=\"nofollow\" href=\"https:\/\/wscom.com.br\/obras-na-fcja-prosseguem-com-espacos-abertos-para-visitacao-de-segunda-a-domingo\/\">Obras na FCJA prosseguem com espa\u00e7os abertos para visita\u00e7\u00e3o de segunda a domingo<\/a> apareceu primeiro em <a rel=\"nofollow\" href=\"https:\/\/wscom.com.br\/\">WSCOM<\/a>.<\/p>\n","protected":false},"author":49,"featured_media":0,"comment_status":"closed","ping_status":"closed","sticky":false,"template":"","format":"standard","meta":{"advgb_blocks_editor_width":"","advgb_blocks_columns_visual_guide":"","footnotes":""},"categories":[170,5812,34,71,5237],"tags":[35],"class_list":["post-23960","post","type-post","status-publish","format-standard","hentry","category-cultura","category-fundacao-casa-de-jose-americo-fcja","category-g1","category-joao-pessoa","category-jose-americo","tag-g1"],"author_meta":{"display_name":"Cristiane Cavalcante","author_link":"https:\/\/sindaopcpb.org.br\/author\/cristiane-cavalcante\/"},"featured_img":null,"coauthors":[],"tax_additional":{"categories":{"linked":["<a href=\"https:\/\/sindaopcpb.org.br\/cultura\/\" class=\"advgb-post-tax-term\">Cultura<\/a>","<a href=\"https:\/\/sindaopcpb.org.br\/fundacao-casa-de-jose-americo-fcja\/\" class=\"advgb-post-tax-term\">Funda\u00e7\u00e3o Casa de Jos\u00e9 Am\u00e9rico (FCJA)<\/a>","<a href=\"https:\/\/sindaopcpb.org.br\/g1\/\" class=\"advgb-post-tax-term\">G1<\/a>","<a href=\"https:\/\/sindaopcpb.org.br\/joao-pessoa\/\" class=\"advgb-post-tax-term\">Jo\u00e3o Pessoa<\/a>","<a href=\"https:\/\/sindaopcpb.org.br\/jose-americo\/\" class=\"advgb-post-tax-term\">Jos\u00e9 Am\u00e9rico<\/a>"],"unlinked":["<span class=\"advgb-post-tax-term\">Cultura<\/span>","<span class=\"advgb-post-tax-term\">Funda\u00e7\u00e3o Casa de Jos\u00e9 Am\u00e9rico (FCJA)<\/span>","<span class=\"advgb-post-tax-term\">G1<\/span>","<span class=\"advgb-post-tax-term\">Jo\u00e3o Pessoa<\/span>","<span class=\"advgb-post-tax-term\">Jos\u00e9 Am\u00e9rico<\/span>"]},"tags":{"linked":["<a href=\"https:\/\/sindaopcpb.org.br\/jose-americo\/\" class=\"advgb-post-tax-term\">g1<\/a>"],"unlinked":["<span class=\"advgb-post-tax-term\">g1<\/span>"]}},"comment_count":"0","relative_dates":{"created":"Publicado 3 anos atr\u00e1s","modified":"Atualizado 3 anos atr\u00e1s"},"absolute_dates":{"created":"Publicado em 4 de julho de 2023","modified":"Atualizado em 4 de julho de 2023"},"absolute_dates_time":{"created":"Publicado em 4 de julho de 2023 12:14","modified":"Atualizado em 4 de julho de 2023 12:14"},"featured_img_caption":"","series_order":"","_links":{"self":[{"href":"https:\/\/sindaopcpb.org.br\/index.php\/wp-json\/wp\/v2\/posts\/23960","targetHints":{"allow":["GET"]}}],"collection":[{"href":"https:\/\/sindaopcpb.org.br\/index.php\/wp-json\/wp\/v2\/posts"}],"about":[{"href":"https:\/\/sindaopcpb.org.br\/index.php\/wp-json\/wp\/v2\/types\/post"}],"author":[{"embeddable":true,"href":"https:\/\/sindaopcpb.org.br\/index.php\/wp-json\/wp\/v2\/users\/49"}],"replies":[{"embeddable":true,"href":"https:\/\/sindaopcpb.org.br\/index.php\/wp-json\/wp\/v2\/comments?post=23960"}],"version-history":[{"count":1,"href":"https:\/\/sindaopcpb.org.br\/index.php\/wp-json\/wp\/v2\/posts\/23960\/revisions"}],"predecessor-version":[{"id":23961,"href":"https:\/\/sindaopcpb.org.br\/index.php\/wp-json\/wp\/v2\/posts\/23960\/revisions\/23961"}],"wp:attachment":[{"href":"https:\/\/sindaopcpb.org.br\/index.php\/wp-json\/wp\/v2\/media?parent=23960"}],"wp:term":[{"taxonomy":"category","embeddable":true,"href":"https:\/\/sindaopcpb.org.br\/index.php\/wp-json\/wp\/v2\/categories?post=23960"},{"taxonomy":"post_tag","embeddable":true,"href":"https:\/\/sindaopcpb.org.br\/index.php\/wp-json\/wp\/v2\/tags?post=23960"}],"curies":[{"name":"wp","href":"https:\/\/api.w.org\/{rel}","templated":true}]}}