{"id":23954,"date":"2023-07-04T12:42:58","date_gmt":"2023-07-04T15:42:58","guid":{"rendered":"https:\/\/wpa.wscom.com.br\/?p=909854"},"modified":"2023-07-04T12:42:58","modified_gmt":"2023-07-04T15:42:58","slug":"pdt-intervem-em-diretorio-do-ceara-para-impedir-cid-gomes-de-assumir-comando","status":"publish","type":"post","link":"https:\/\/sindaopcpb.org.br\/index.php\/2023\/07\/04\/pdt-intervem-em-diretorio-do-ceara-para-impedir-cid-gomes-de-assumir-comando\/","title":{"rendered":"PDT interv\u00e9m em diret\u00f3rio do Cear\u00e1 para impedir Cid Gomes de assumir comando"},"content":{"rendered":"<p>A comiss\u00e3o executiva do PDT decidiu nesta segunda-feira (3) que a dire\u00e7\u00e3o nacional da legenda ficar\u00e1 respons\u00e1vel pela gest\u00e3o do partido at\u00e9 dezembro deste ano, quando acaba o atual mandato no diret\u00f3rio. Foram sete votos favor\u00e1veis e tr\u00eas absten\u00e7\u00f5es na decis\u00e3o.<\/p>\n<p>De acordo com informa\u00e7\u00f5es publicadas no\u00a0<a href=\"https:\/\/oglobo.globo.com\/politica\/noticia\/2023\/07\/com-voto-de-ciro-pdt-intervem-em-diretorio-do-ceara-para-impedir-cid-seu-irmao-de-assumir-comando.ghtml\" rel=\"noopener nofollow\" target=\"_blank\">jornal O Globo<\/a>, ex-ministro Ciro Gomes e o senador Cid Gomes (CE), irm\u00e3o dele, n\u00e3o t\u00eam a mesma posi\u00e7\u00e3o sobre o comando da sigla pedetista no Cear\u00e1. O parlamentar havia convocado uma reuni\u00e3o do diret\u00f3rio cearense para esta semana, para discutir a sa\u00edda do atual presidente do PDT-CE, deputado federal Andr\u00e9 Figueiredo, aliado de Ciro.<\/p>\n<p>O deputado n\u00e3o votou na reuni\u00e3o desta segunda (3), mesma posi\u00e7\u00e3o adotada por Cid e pelo ministro da Previd\u00eancia, Carlos Lupi, presidente licenciado do PDT. &#8220;A executiva nacional avocou a gest\u00e3o do PDT no Cear\u00e1. A movimenta\u00e7\u00e3o que vinha ocorrendo no diret\u00f3rio estadual gerava um acirramento ainda maior no partido. Queremos pacificar&#8221;, disse.<\/p>\n<p>O post <a rel=\"nofollow noopener\" href=\"https:\/\/wscom.com.br\/pdt-intervem-em-diretorio-do-ceara-para-impedir-cid-gomes-de-assumir-comando\/\" target=\"_blank\">PDT interv\u00e9m em diret\u00f3rio do Cear\u00e1 para impedir Cid Gomes de assumir comando<\/a> apareceu primeiro em <a rel=\"nofollow noopener\" href=\"https:\/\/wscom.com.br\/\" target=\"_blank\">WSCOM<\/a>.<\/p>\n","protected":false},"excerpt":{"rendered":"<p>A comiss\u00e3o executiva do PDT decidiu nesta segunda-feira (3) que a dire\u00e7\u00e3o nacional da legenda ficar\u00e1 respons\u00e1vel pela gest\u00e3o do partido at\u00e9 dezembro deste ano, quando acaba o atual mandato no diret\u00f3rio. Foram sete votos favor\u00e1veis e tr\u00eas absten\u00e7\u00f5es na decis\u00e3o. De acordo com informa\u00e7\u00f5es publicadas no\u00a0jornal O Globo, ex-ministro Ciro Gomes e o senador [\u2026]<\/p>\n<p>O post <a rel=\"nofollow\" href=\"https:\/\/wscom.com.br\/pdt-intervem-em-diretorio-do-ceara-para-impedir-cid-gomes-de-assumir-comando\/\">PDT interv\u00e9m em diret\u00f3rio do Cear\u00e1 para impedir Cid Gomes de assumir comando<\/a> apareceu primeiro em <a rel=\"nofollow\" href=\"https:\/\/wscom.com.br\/\">WSCOM<\/a>.<\/p>\n","protected":false},"author":49,"featured_media":0,"comment_status":"closed","ping_status":"closed","sticky":false,"template":"","format":"standard","meta":{"advgb_blocks_editor_width":"","advgb_blocks_columns_visual_guide":"","footnotes":""},"categories":[4650,5635,5809,34,4093,47],"tags":[35],"class_list":["post-23954","post","type-post","status-publish","format-standard","hentry","category-cid-gomes","category-ciro-gomes","category-diretorio-do-ceara","category-g1","category-pdt","category-politica","tag-g1"],"author_meta":{"display_name":"Cristiane Cavalcante","author_link":"https:\/\/sindaopcpb.org.br\/author\/cristiane-cavalcante\/"},"featured_img":null,"coauthors":[],"tax_additional":{"categories":{"linked":["<a href=\"https:\/\/sindaopcpb.org.br\/cid-gomes\/\" class=\"advgb-post-tax-term\">Cid Gomes<\/a>","<a href=\"https:\/\/sindaopcpb.org.br\/ciro-gomes\/\" class=\"advgb-post-tax-term\">Ciro Gomes<\/a>","<a href=\"https:\/\/sindaopcpb.org.br\/diretorio-do-ceara\/\" class=\"advgb-post-tax-term\">diret\u00f3rio do Cear\u00e1<\/a>","<a href=\"https:\/\/sindaopcpb.org.br\/g1\/\" class=\"advgb-post-tax-term\">G1<\/a>","<a href=\"https:\/\/sindaopcpb.org.br\/pdt\/\" class=\"advgb-post-tax-term\">PDT<\/a>","<a href=\"https:\/\/sindaopcpb.org.br\/politica\/\" class=\"advgb-post-tax-term\">POLITICA<\/a>"],"unlinked":["<span class=\"advgb-post-tax-term\">Cid Gomes<\/span>","<span class=\"advgb-post-tax-term\">Ciro Gomes<\/span>","<span class=\"advgb-post-tax-term\">diret\u00f3rio do Cear\u00e1<\/span>","<span class=\"advgb-post-tax-term\">G1<\/span>","<span class=\"advgb-post-tax-term\">PDT<\/span>","<span class=\"advgb-post-tax-term\">POLITICA<\/span>"]},"tags":{"linked":["<a href=\"https:\/\/sindaopcpb.org.br\/politica\/\" class=\"advgb-post-tax-term\">g1<\/a>"],"unlinked":["<span class=\"advgb-post-tax-term\">g1<\/span>"]}},"comment_count":"0","relative_dates":{"created":"Publicado 3 anos atr\u00e1s","modified":"Atualizado 3 anos atr\u00e1s"},"absolute_dates":{"created":"Publicado em 4 de julho de 2023","modified":"Atualizado em 4 de julho de 2023"},"absolute_dates_time":{"created":"Publicado em 4 de julho de 2023 12:42","modified":"Atualizado em 4 de julho de 2023 12:42"},"featured_img_caption":"","series_order":"","_links":{"self":[{"href":"https:\/\/sindaopcpb.org.br\/index.php\/wp-json\/wp\/v2\/posts\/23954","targetHints":{"allow":["GET"]}}],"collection":[{"href":"https:\/\/sindaopcpb.org.br\/index.php\/wp-json\/wp\/v2\/posts"}],"about":[{"href":"https:\/\/sindaopcpb.org.br\/index.php\/wp-json\/wp\/v2\/types\/post"}],"author":[{"embeddable":true,"href":"https:\/\/sindaopcpb.org.br\/index.php\/wp-json\/wp\/v2\/users\/49"}],"replies":[{"embeddable":true,"href":"https:\/\/sindaopcpb.org.br\/index.php\/wp-json\/wp\/v2\/comments?post=23954"}],"version-history":[{"count":1,"href":"https:\/\/sindaopcpb.org.br\/index.php\/wp-json\/wp\/v2\/posts\/23954\/revisions"}],"predecessor-version":[{"id":23955,"href":"https:\/\/sindaopcpb.org.br\/index.php\/wp-json\/wp\/v2\/posts\/23954\/revisions\/23955"}],"wp:attachment":[{"href":"https:\/\/sindaopcpb.org.br\/index.php\/wp-json\/wp\/v2\/media?parent=23954"}],"wp:term":[{"taxonomy":"category","embeddable":true,"href":"https:\/\/sindaopcpb.org.br\/index.php\/wp-json\/wp\/v2\/categories?post=23954"},{"taxonomy":"post_tag","embeddable":true,"href":"https:\/\/sindaopcpb.org.br\/index.php\/wp-json\/wp\/v2\/tags?post=23954"}],"curies":[{"name":"wp","href":"https:\/\/api.w.org\/{rel}","templated":true}]}}