{"id":23952,"date":"2023-07-04T12:49:56","date_gmt":"2023-07-04T15:49:56","guid":{"rendered":"https:\/\/wpa.wscom.com.br\/?p=909849"},"modified":"2023-07-04T12:49:56","modified_gmt":"2023-07-04T15:49:56","slug":"pl-votara-contra-reforma-tributaria-do-pt-na-camara-do-deputados-diz-bolsonaro","status":"publish","type":"post","link":"https:\/\/sindaopcpb.org.br\/index.php\/2023\/07\/04\/pl-votara-contra-reforma-tributaria-do-pt-na-camara-do-deputados-diz-bolsonaro\/","title":{"rendered":"PL votar\u00e1 contra \u201creforma tribut\u00e1ria do PT\u201d na C\u00e2mara do Deputados , diz Bolsonaro"},"content":{"rendered":"<p>O Partido Liberal (PL) votar\u00e1 contra a proposta de reforma tribut\u00e1ria na C\u00e2mara dos Deputados. A informa\u00e7\u00e3o foi dada pelo ex-presidente Jair Bolsonaro (PL), em nota divulgada nesta ter\u00e7a-feira (4\/7). Segundo Bolsonaro, tornado ineleg\u00edvel pelo Tribunal Superior Eleitoral (TSE) na semana passada, todos os 99 deputados do partido devem seguir a orienta\u00e7\u00e3o.<\/p>\n<p>&#8220;Do exposto, o presidente do Partido Liberal [Valdemar Costa Neto] e seu l\u00edder na C\u00e2mara dos Deputados [Altineu C\u00f4rtes] encaminhar\u00e3o, junto aos seus 99 deputados, pela rejei\u00e7\u00e3o total da PEC da Reforma Tribut\u00e1ria&#8221;, escreveu o ex-presidente em suas redes sociais, ap\u00f3s elencar pontos que considera negativo na proposta em debate.<\/p>\n<p>E prosseguiu: &#8220;A atual reforma tribut\u00e1ria do PT vai na contram\u00e3o do que fizemos. Caso tivesse um m\u00ednimo de coer\u00eancia, o atual governo deveria manter a nossa pol\u00edtica econ\u00f4mica que deu certo: menos impostos, mais arrecada\u00e7\u00e3o&#8221;, disse Bolsonaro.<\/p>\n<h2>Aumento de impostos<\/h2>\n<p>Ineleg\u00edvel por oito anos, Bolsonaro j\u00e1 declarou que &#8220;n\u00e3o est\u00e1 morto&#8221; politicamente e que pretende atuar como &#8220;cabo eleitoral&#8221; de seu partido. Ele enfrenta uma s\u00e9rie de outras den\u00fancias no TSE, que podem estender o per\u00edodo de inelegibilidade, e \u00e9 investigado na esfera criminal.<\/p>\n<p>&#8220;Nessa atual proposta o PT aumenta de forma absurda os impostos da cesta b\u00e1sica (arroz, a\u00e7\u00facar, \u00f3leo, batata, feij\u00e3o, farinha, etc.), cria um imposto seletivo para refrigerantes, produtos a\u00e7ucarados, carnes e bebidas alco\u00f3licas, entre outros&#8221;, disse Bolsonaro. &#8220;A PEC retira ainda a capacidade de investimento dos estados e subtrai recursos dos munic\u00edpios. Agregue-se a isso o fantasma da taxa\u00e7\u00e3o do Pix e o imposto sobre heran\u00e7a, os quais somos radicalmente contra&#8221;, completou.<\/p>\n<p>A Caixa Econ\u00f4mica Federal chegou a anunciar a taxa\u00e7\u00e3o do Pix para empresas, mas voltou atr\u00e1s por determina\u00e7\u00e3o do governo federal.<\/p>\n<p>A reforma tribut\u00e1ria est\u00e1 entre os projetos contidos no esfor\u00e7o concentrado da C\u00e2mara dos Deputados nesta semana, junto com o Projeto de Lei (PL) sobre o voto de qualidade do Conselho Administrativo de Recursos Fiscais (Carf) e o novo arcabou\u00e7o fiscal. Ela sofre resist\u00eancia ainda, por\u00e9m, de prefeitos e governadores, al\u00e9m de setores como o de servi\u00e7os. A expectativa \u00e9 que a reforma seja votada ainda nesta semana.<\/p>\n<p>O post <a rel=\"nofollow noopener\" href=\"https:\/\/wscom.com.br\/pl-votara-contra-reforma-tributaria-do-pt-na-camara-do-deputados-diz-bolsonaro\/\" target=\"_blank\">PL votar\u00e1 contra &#8220;reforma tribut\u00e1ria do PT&#8221; na C\u00e2mara do Deputados , diz Bolsonaro<\/a> apareceu primeiro em <a rel=\"nofollow noopener\" href=\"https:\/\/wscom.com.br\/\" target=\"_blank\">WSCOM<\/a>.<\/p>\n","protected":false},"excerpt":{"rendered":"<p>O Partido Liberal (PL) votar\u00e1 contra a proposta de reforma tribut\u00e1ria na C\u00e2mara dos Deputados. A informa\u00e7\u00e3o foi dada pelo ex-presidente Jair Bolsonaro (PL), em nota divulgada nesta ter\u00e7a-feira (4\/7). Segundo Bolsonaro, tornado ineleg\u00edvel pelo Tribunal Superior Eleitoral (TSE) na semana passada, todos os 99 deputados do partido devem seguir a orienta\u00e7\u00e3o. \u201cDo exposto, o [\u2026]<\/p>\n<p>O post <a rel=\"nofollow\" href=\"https:\/\/wscom.com.br\/pl-votara-contra-reforma-tributaria-do-pt-na-camara-do-deputados-diz-bolsonaro\/\">PL votar\u00e1 contra \u201creforma tribut\u00e1ria do PT\u201d na C\u00e2mara do Deputados , diz Bolsonaro<\/a> apareceu primeiro em <a rel=\"nofollow\" href=\"https:\/\/wscom.com.br\/\">WSCOM<\/a>.<\/p>\n","protected":false},"author":49,"featured_media":0,"comment_status":"closed","ping_status":"closed","sticky":false,"template":"","format":"standard","meta":{"advgb_blocks_editor_width":"","advgb_blocks_columns_visual_guide":"","footnotes":""},"categories":[509,5808,34,110,510,47,191],"tags":[35],"class_list":["post-23952","post","type-post","status-publish","format-standard","hentry","category-bolsonaro","category-camara-do-deputados","category-g1","category-lula","category-pl","category-politica","category-reforma-tributaria","tag-g1"],"author_meta":{"display_name":"Cristiane Cavalcante","author_link":"https:\/\/sindaopcpb.org.br\/author\/cristiane-cavalcante\/"},"featured_img":null,"coauthors":[],"tax_additional":{"categories":{"linked":["<a href=\"https:\/\/sindaopcpb.org.br\/bolsonaro\/\" class=\"advgb-post-tax-term\">bolsonaro<\/a>","<a href=\"https:\/\/sindaopcpb.org.br\/camara-do-deputados\/\" class=\"advgb-post-tax-term\">C\u00e2mara do Deputados<\/a>","<a href=\"https:\/\/sindaopcpb.org.br\/g1\/\" class=\"advgb-post-tax-term\">G1<\/a>","<a href=\"https:\/\/sindaopcpb.org.br\/lula\/\" class=\"advgb-post-tax-term\">Lula<\/a>","<a href=\"https:\/\/sindaopcpb.org.br\/pl\/\" class=\"advgb-post-tax-term\">pl<\/a>","<a href=\"https:\/\/sindaopcpb.org.br\/politica\/\" class=\"advgb-post-tax-term\">POLITICA<\/a>","<a href=\"https:\/\/sindaopcpb.org.br\/reforma-tributaria\/\" class=\"advgb-post-tax-term\">reforma tribut\u00e1ria<\/a>"],"unlinked":["<span class=\"advgb-post-tax-term\">bolsonaro<\/span>","<span class=\"advgb-post-tax-term\">C\u00e2mara do Deputados<\/span>","<span class=\"advgb-post-tax-term\">G1<\/span>","<span class=\"advgb-post-tax-term\">Lula<\/span>","<span class=\"advgb-post-tax-term\">pl<\/span>","<span class=\"advgb-post-tax-term\">POLITICA<\/span>","<span class=\"advgb-post-tax-term\">reforma tribut\u00e1ria<\/span>"]},"tags":{"linked":["<a href=\"https:\/\/sindaopcpb.org.br\/reforma-tributaria\/\" class=\"advgb-post-tax-term\">g1<\/a>"],"unlinked":["<span class=\"advgb-post-tax-term\">g1<\/span>"]}},"comment_count":"0","relative_dates":{"created":"Publicado 3 anos atr\u00e1s","modified":"Atualizado 3 anos atr\u00e1s"},"absolute_dates":{"created":"Publicado em 4 de julho de 2023","modified":"Atualizado em 4 de julho de 2023"},"absolute_dates_time":{"created":"Publicado em 4 de julho de 2023 12:49","modified":"Atualizado em 4 de julho de 2023 12:49"},"featured_img_caption":"","series_order":"","_links":{"self":[{"href":"https:\/\/sindaopcpb.org.br\/index.php\/wp-json\/wp\/v2\/posts\/23952","targetHints":{"allow":["GET"]}}],"collection":[{"href":"https:\/\/sindaopcpb.org.br\/index.php\/wp-json\/wp\/v2\/posts"}],"about":[{"href":"https:\/\/sindaopcpb.org.br\/index.php\/wp-json\/wp\/v2\/types\/post"}],"author":[{"embeddable":true,"href":"https:\/\/sindaopcpb.org.br\/index.php\/wp-json\/wp\/v2\/users\/49"}],"replies":[{"embeddable":true,"href":"https:\/\/sindaopcpb.org.br\/index.php\/wp-json\/wp\/v2\/comments?post=23952"}],"version-history":[{"count":1,"href":"https:\/\/sindaopcpb.org.br\/index.php\/wp-json\/wp\/v2\/posts\/23952\/revisions"}],"predecessor-version":[{"id":23953,"href":"https:\/\/sindaopcpb.org.br\/index.php\/wp-json\/wp\/v2\/posts\/23952\/revisions\/23953"}],"wp:attachment":[{"href":"https:\/\/sindaopcpb.org.br\/index.php\/wp-json\/wp\/v2\/media?parent=23952"}],"wp:term":[{"taxonomy":"category","embeddable":true,"href":"https:\/\/sindaopcpb.org.br\/index.php\/wp-json\/wp\/v2\/categories?post=23952"},{"taxonomy":"post_tag","embeddable":true,"href":"https:\/\/sindaopcpb.org.br\/index.php\/wp-json\/wp\/v2\/tags?post=23952"}],"curies":[{"name":"wp","href":"https:\/\/api.w.org\/{rel}","templated":true}]}}