{"id":23948,"date":"2023-07-04T12:16:00","date_gmt":"2023-07-04T15:16:00","guid":{"rendered":"https:\/\/www.infomoney.com.br\/?p=2178248"},"modified":"2023-07-04T12:16:00","modified_gmt":"2023-07-04T15:16:00","slug":"lira-diz-que-nao-ha-compromisso-de-votar-carf-nesta-terca","status":"publish","type":"post","link":"https:\/\/sindaopcpb.org.br\/index.php\/2023\/07\/04\/lira-diz-que-nao-ha-compromisso-de-votar-carf-nesta-terca\/","title":{"rendered":"Lira diz que n\u00e3o h\u00e1 compromisso de votar Carf nesta ter\u00e7a"},"content":{"rendered":"<p><img loading=\"lazy\" width=\"300\" height=\"200\" src=\"https:\/\/www.infomoney.com.br\/wp-content\/uploads\/2022\/07\/img20220621184844363MED-1.jpg?fit=300%2C200&amp;quality=70&amp;strip=all\" class=\"attachment-medium size-medium wp-post-image\" alt=\"\" decoding=\"async\" style=\"float:right; margin:0 0 10px 10px;\" srcset=\"https:\/\/www.infomoney.com.br\/wp-content\/uploads\/2022\/07\/img20220621184844363MED-1.jpg?w=1000&amp;quality=70&amp;strip=all 1000w, https:\/\/www.infomoney.com.br\/wp-content\/uploads\/2022\/07\/img20220621184844363MED-1.jpg?w=300&amp;quality=70&amp;strip=all 300w, https:\/\/www.infomoney.com.br\/wp-content\/uploads\/2022\/07\/img20220621184844363MED-1.jpg?w=768&amp;quality=70&amp;strip=all 768w, https:\/\/www.infomoney.com.br\/wp-content\/uploads\/2022\/07\/img20220621184844363MED-1.jpg?w=150&amp;quality=70&amp;strip=all 150w\" sizes=\"auto, (max-width: 300px) 100vw, 300px\" data-attachment-id=\"1883904\" data-permalink=\"https:\/\/www.infomoney.com.br\/politica\/pec-dos-auxilios-ganha-tramitacao-especial-para-passar-na-camara-antes-do-recesso\/attachment\/img20220621184844363med-1\/\" data-orig-file=\"https:\/\/www.infomoney.com.br\/wp-content\/uploads\/2022\/07\/img20220621184844363MED-1.jpg?fit=1000%2C667&amp;quality=70&amp;strip=all\" data-orig-size=\"1000,667\" data-comments-opened=\"1\" data-image-meta=\"{&quot;aperture&quot;:&quot;0&quot;,&quot;credit&quot;:&quot;&quot;,&quot;camera&quot;:&quot;&quot;,&quot;caption&quot;:&quot;&quot;,&quot;created_timestamp&quot;:&quot;0&quot;,&quot;copyright&quot;:&quot;&quot;,&quot;focal_length&quot;:&quot;0&quot;,&quot;iso&quot;:&quot;0&quot;,&quot;shutter_speed&quot;:&quot;0&quot;,&quot;title&quot;:&quot;&quot;,&quot;orientation&quot;:&quot;0&quot;}\" data-image-title=\"Arthur Lira\" data-image-description=\"\" data-image-caption=\"&lt;p&gt;O presidente da C\u00e2mara dos Deputados, Arthur Lira (PP-AL), durante sess\u00e3o plen\u00e1ria (Marina Ramos\/C\u00e2mara dos Deputados).&lt;\/p&gt;\n\" data-medium-file=\"https:\/\/www.infomoney.com.br\/wp-content\/uploads\/2022\/07\/img20220621184844363MED-1.jpg?fit=300%2C200&amp;quality=70&amp;strip=all\" data-large-file=\"https:\/\/www.infomoney.com.br\/wp-content\/uploads\/2022\/07\/img20220621184844363MED-1.jpg?fit=1000%2C667&amp;quality=70&amp;strip=all\" title=\"\"><\/p>\n<p>O primeiro dia de &#8220;esfor\u00e7o concentrado&#8221; na C\u00e2mara dos Deputados para a vota\u00e7\u00e3o de pautas econ\u00f4micas n\u00e3o foi exatamente como o esperado. A ideia inicial que vinha sendo trabalhada era votar na segunda-feira (3), o projeto de lei que retoma o &#8220;voto de qualidade&#8221; no Conselho Administrativo de Recursos Fiscais (Carf), para poder abrir caminho para outros temas cruciais, como a reforma tribut\u00e1ria, pudessem ser votados at\u00e9 a sexta-feira. Mas, com qu\u00f3rum baixo e sem consenso sobre o texto, a vota\u00e7\u00e3o do projeto do Carf ficou para esta ter\u00e7a-feira (4).<\/p>\n<p>Nem o pr\u00f3prio presidente da C\u00e2mara, Arthur Lira (PP-AL), por\u00e9m, garantiu que a vota\u00e7\u00e3o desse projeto ser\u00e1 feita hoje. O relator do texto, deputado Beto Pereira (PSDB-MS), apresentou ontem seu parecer. A partir de agora, ele deve fazer uma rodada de conversas com as bancadas partid\u00e1rias para negociar pontos da proposta.<\/p>\n<p>&#8220;N\u00e3o tem esse compromisso (de votar o projeto do Carf nesta ter\u00e7a). Vamos ver. O relator ficou de conversar com as bancadas. \u00c9 um assunto sens\u00edvel para o Pa\u00eds, para o governo e para os grandes contribuintes&#8221;, disse Lira. O presidente da Casa ponderou que o Congresso sempre tem resist\u00eancias \u00e0 Receita e disse que o texto precisa ser equilibrado.<\/p>\n<p>O Carf \u00e9 o tribunal que julga conflitos tribut\u00e1rios, como a aplica\u00e7\u00e3o de multas pela Receita Federal. O voto de qualidade desempatava os julgamentos a favor do governo, mas foi extinto em 2020 pelo Congresso, quando passou a valer o desempate a favor do contribuinte. Em janeiro deste ano, o governo retomou o instrumento por meio de Medida Provis\u00f3ria (MP), como parte de um esfor\u00e7o do ministro da Fazenda, Fernando Haddad, para aumentar as receitas e, dessa forma, melhorar a situa\u00e7\u00e3o das contas p\u00fablicas.<\/p>\n<p>A MP caducou sem ser votada, mas o governo, ent\u00e3o, enviou projeto de lei com o mesmo conte\u00fado. Apesar da dificuldade de se chegar a um consenso sobre o Carf, Lira est\u00e1 decidido a aprovar a mat\u00e9ria, classificada por ele como uma das prioridades da Casa nesta semana. Haddad chegou a ligar para parlamentares para convenc\u00ea-los a aprovar a proposta.<\/p>\n<p>O relator manteve em seu parecer a retomada &#8220;voto de qualidade&#8221;, ou seja, com desempate a favor da Receita Federal nos julgamentos do \u00f3rg\u00e3o, mas excluiu as multas cobradas aos contribuintes em caso de derrota, como estabelecido pelo acordo firmado entre o governo e a Ordem dos Advogados do Brasil (OAB).<\/p>\n<p>The post <a rel=\"nofollow noopener\" href=\"https:\/\/www.infomoney.com.br\/politica\/lira-diz-que-nao-ha-compromisso-de-votar-carf-nesta-terca\/\" target=\"_blank\">Lira diz que n\u00e3o h\u00e1 compromisso de votar Carf nesta ter\u00e7a<\/a> appeared first on <a rel=\"nofollow noopener\" href=\"https:\/\/www.infomoney.com.br\/\" target=\"_blank\">InfoMoney<\/a>.<\/p>\n","protected":false},"excerpt":{"rendered":"<p><img loading=\"lazy\" decoding=\"async\" width=\"300\" height=\"200\" src=\"https:\/\/www.infomoney.com.br\/wp-content\/uploads\/2022\/07\/img20220621184844363MED-1.jpg?fit=300%2C200&amp;quality=70&amp;strip=all\" class=\"attachment-medium size-medium wp-post-image\" alt=\"\" data-attachment-id=\"1883904\" data-permalink=\"https:\/\/www.infomoney.com.br\/politica\/pec-dos-auxilios-ganha-tramitacao-especial-para-passar-na-camara-antes-do-recesso\/attachment\/img20220621184844363med-1\/\" data-orig-file=\"https:\/\/www.infomoney.com.br\/wp-content\/uploads\/2022\/07\/img20220621184844363MED-1.jpg?fit=1000%2C667&amp;quality=70&amp;strip=all\" data-orig-size=\"1000,667\" data-comments-opened=\"1\" data-image-meta='{\"aperture\":\"0\",\"credit\":\"\",\"camera\":\"\",\"caption\":\"\",\"created_timestamp\":\"0\",\"copyright\":\"\",\"focal_length\":\"0\",\"iso\":\"0\",\"shutter_speed\":\"0\",\"title\":\"\",\"orientation\":\"0\"}' data-image-title=\"Arthur Lira\" data-image-description=\"\" data-image-caption=\"&lt;p&gt;O presidente da C\u00e2mara dos Deputados, Arthur Lira (PP-AL), durante sess\u00e3o plen\u00e1ria (Marina Ramos\/C\u00e2mara dos Deputados).&lt;\/p&gt;\n\" data-medium-file=\"https:\/\/www.infomoney.com.br\/wp-content\/uploads\/2022\/07\/img20220621184844363MED-1.jpg?fit=300%2C200&amp;quality=70&amp;strip=all\" data-large-file=\"https:\/\/www.infomoney.com.br\/wp-content\/uploads\/2022\/07\/img20220621184844363MED-1.jpg?fit=1000%2C667&amp;quality=70&amp;strip=all\">Relator, deputado Beto Pereira, apresentou parecer e deve fazer uma rodada de conversas com as bancadas partid\u00e1rias para negociar pontos da proposta<\/p>\n<p>The post <a rel=\"nofollow\" href=\"https:\/\/www.infomoney.com.br\/politica\/lira-diz-que-nao-ha-compromisso-de-votar-carf-nesta-terca\/\">Lira diz que n\u00e3o h\u00e1 compromisso de votar Carf nesta ter\u00e7a<\/a> appeared first on <a rel=\"nofollow\" href=\"https:\/\/www.infomoney.com.br\/\">InfoMoney<\/a>.<\/p>\n","protected":false},"author":43,"featured_media":0,"comment_status":"closed","ping_status":"closed","sticky":false,"template":"","format":"standard","meta":{"advgb_blocks_editor_width":"","advgb_blocks_columns_visual_guide":"","footnotes":""},"categories":[275,276,469,34,47],"tags":[35,50],"class_list":["post-23948","post","type-post","status-publish","format-standard","hentry","category-arthur-lira","category-camara-dos-deputados","category-carf","category-g1","category-politica","tag-g1","tag-projeto-de-lei"],"author_meta":{"display_name":"Estad\u00e3o Conte\u00fado","author_link":"https:\/\/sindaopcpb.org.br\/author\/estadao-conteudo\/"},"featured_img":null,"coauthors":[],"tax_additional":{"categories":{"linked":["<a href=\"https:\/\/sindaopcpb.org.br\/arthur-lira\/\" class=\"advgb-post-tax-term\">Arthur Lira<\/a>","<a href=\"https:\/\/sindaopcpb.org.br\/camara-dos-deputados\/\" class=\"advgb-post-tax-term\">C\u00e2mara dos Deputados<\/a>","<a href=\"https:\/\/sindaopcpb.org.br\/carf\/\" class=\"advgb-post-tax-term\">Carf<\/a>","<a href=\"https:\/\/sindaopcpb.org.br\/g1\/\" class=\"advgb-post-tax-term\">G1<\/a>","<a href=\"https:\/\/sindaopcpb.org.br\/politica\/\" class=\"advgb-post-tax-term\">POLITICA<\/a>"],"unlinked":["<span class=\"advgb-post-tax-term\">Arthur Lira<\/span>","<span class=\"advgb-post-tax-term\">C\u00e2mara dos Deputados<\/span>","<span class=\"advgb-post-tax-term\">Carf<\/span>","<span class=\"advgb-post-tax-term\">G1<\/span>","<span class=\"advgb-post-tax-term\">POLITICA<\/span>"]},"tags":{"linked":["<a href=\"https:\/\/sindaopcpb.org.br\/politica\/\" class=\"advgb-post-tax-term\">g1<\/a>","<a href=\"https:\/\/sindaopcpb.org.br\/politica\/\" class=\"advgb-post-tax-term\">projeto de lei<\/a>"],"unlinked":["<span class=\"advgb-post-tax-term\">g1<\/span>","<span class=\"advgb-post-tax-term\">projeto de lei<\/span>"]}},"comment_count":"0","relative_dates":{"created":"Publicado 3 anos atr\u00e1s","modified":"Atualizado 3 anos atr\u00e1s"},"absolute_dates":{"created":"Publicado em 4 de julho de 2023","modified":"Atualizado em 4 de julho de 2023"},"absolute_dates_time":{"created":"Publicado em 4 de julho de 2023 12:16","modified":"Atualizado em 4 de julho de 2023 12:16"},"featured_img_caption":"","series_order":"","_links":{"self":[{"href":"https:\/\/sindaopcpb.org.br\/index.php\/wp-json\/wp\/v2\/posts\/23948","targetHints":{"allow":["GET"]}}],"collection":[{"href":"https:\/\/sindaopcpb.org.br\/index.php\/wp-json\/wp\/v2\/posts"}],"about":[{"href":"https:\/\/sindaopcpb.org.br\/index.php\/wp-json\/wp\/v2\/types\/post"}],"author":[{"embeddable":true,"href":"https:\/\/sindaopcpb.org.br\/index.php\/wp-json\/wp\/v2\/users\/43"}],"replies":[{"embeddable":true,"href":"https:\/\/sindaopcpb.org.br\/index.php\/wp-json\/wp\/v2\/comments?post=23948"}],"version-history":[{"count":1,"href":"https:\/\/sindaopcpb.org.br\/index.php\/wp-json\/wp\/v2\/posts\/23948\/revisions"}],"predecessor-version":[{"id":23949,"href":"https:\/\/sindaopcpb.org.br\/index.php\/wp-json\/wp\/v2\/posts\/23948\/revisions\/23949"}],"wp:attachment":[{"href":"https:\/\/sindaopcpb.org.br\/index.php\/wp-json\/wp\/v2\/media?parent=23948"}],"wp:term":[{"taxonomy":"category","embeddable":true,"href":"https:\/\/sindaopcpb.org.br\/index.php\/wp-json\/wp\/v2\/categories?post=23948"},{"taxonomy":"post_tag","embeddable":true,"href":"https:\/\/sindaopcpb.org.br\/index.php\/wp-json\/wp\/v2\/tags?post=23948"}],"curies":[{"name":"wp","href":"https:\/\/api.w.org\/{rel}","templated":true}]}}