{"id":23869,"date":"2023-07-04T08:13:02","date_gmt":"2023-07-04T11:13:02","guid":{"rendered":"https:\/\/wpa.wscom.com.br\/?p=909770"},"modified":"2023-07-04T08:13:02","modified_gmt":"2023-07-04T11:13:02","slug":"lula-assume-presidencia-do-mercosul-nesta-terca-feira-acordo-com-a-ue-e-uma-das-prioridades-do-bloco-sul-americano","status":"publish","type":"post","link":"https:\/\/sindaopcpb.org.br\/index.php\/2023\/07\/04\/lula-assume-presidencia-do-mercosul-nesta-terca-feira-acordo-com-a-ue-e-uma-das-prioridades-do-bloco-sul-americano\/","title":{"rendered":"Lula assume presid\u00eancia do Mercosul nesta ter\u00e7a-feira; acordo com a UE \u00e9 uma das prioridades do bloco sul-americano"},"content":{"rendered":"<p>O presidente Luiz In\u00e1cio Lula da Silva recebe, nesta ter\u00e7a-feira (4), o comando do Mercosul. A presid\u00eancia tempor\u00e1ria do grupo \u2014 formado por Brasil, Argentina, Uruguai e Paraguai \u2014 ter\u00e1 dura\u00e7\u00e3o de seis meses e a grande expectativa \u00e9 pela conclus\u00e3o do acordo Mercosul-Uni\u00e3o Europeia. A lideran\u00e7a vai ser transferida durante a 62\u00aa C\u00fapula do Mercosul e Pa\u00edses Associados, em Puerto Iguaz\u00fa, na Argentina.<\/p>\n<p>O acordo comercial foi fechado em 2019 durante o governo do ex-presidente Jair Bolsonaro ap\u00f3s 20 anos de negocia\u00e7\u00f5es. Por\u00e9m, h\u00e1 partes do tratado em negocia\u00e7\u00e3o. O governo brasileiro j\u00e1 anunciou querer concluir este ano os ajustes.<\/p>\n<p>Um documento adicional enviado pela Uni\u00e3o Europeia no in\u00edcio de 2023 ainda est\u00e1 em fase de revis\u00e3o entre os pa\u00edses dos dois blocos e h\u00e1 diverg\u00eancias. Entre os entraves, est\u00e1 a quest\u00e3o ambiental, liderada pela Fran\u00e7a.<\/p>\n<p>Os detalhes da proposta ser\u00e3o apresentados no encontro, mas o governo n\u00e3o os detalhou e afirmou que por serem &#8220;acordos muito delicados, t\u00eam exigido um trabalho de coordena\u00e7\u00e3o interna muito intenso&#8221;.<\/p>\n<p>A reuni\u00e3o marcada para a ter\u00e7a\u00a0tamb\u00e9m contar\u00e1 com a presen\u00e7a do presidente da Argentina, Alberto Fern\u00e1ndez, o presidente do Paraguai, M\u00e1rio Abdo Ben\u00edtez, e do presidente do Uruguai, Luiz Lacalle Pou.<\/p>\n<p>A previs\u00e3o \u00e9 que Lula chegue na noite desta segunda-feira (3) ao pa\u00eds vizinho. Conforme o governo federal, o &#8220;evento \u00e9 um ponto importante na reconstru\u00e7\u00e3o das rela\u00e7\u00f5es diplom\u00e1ticas e parcerias com vizinhos mais pr\u00f3ximos&#8221;.<\/p>\n<p>Nesta segunda, conforme o governo federal, s\u00e3o feitas as \u00faltimas reuni\u00f5es preliminares da c\u00fapula, com o Conselho de Mercado Comum (CMC) do Mercosul e depois entre ministros das Rela\u00e7\u00f5es Exteriores e da Economia e presidentes de bancos centrais do bloco.<\/p>\n<p>As atividades s\u00e3o realizadas em Porto Igua\u00e7u, cidade argentina que faz fronteira com o Brasil atrav\u00e9s de\u00a0Foz do Igua\u00e7u, no oeste do Paran\u00e1.<\/p>\n<p>Na cidade brasileira, a agenda de Lula prev\u00ea, \u00e0 tarde, cerim\u00f4nia de assinatura de retomada de obras no estado, entre elas as relativas \u00e0 Universidade Federal da Integra\u00e7\u00e3o Latino-Americana (Unila) e que ser\u00e3o financiadas pela Itaipu.<\/p>\n<p>Al\u00e9m disso, Lula participa do evento onde ser\u00e1 empossada a nova reitora da Unila, Diana Araujo Pereira.<\/p>\n<p>Assuntos da c\u00fapula<br \/>\nNo encontro entre os pa\u00edses membros devem ser debatidos temas como sa\u00fade, educa\u00e7\u00e3o, prote\u00e7\u00e3o \u00e0s mulheres e aos povos ind\u00edgenas, al\u00e9m do acordo com a Uni\u00e3o Europeia.<\/p>\n<p>A previs\u00e3o \u00e9 de que tamb\u00e9m ser\u00e3o discutidos assuntos como poss\u00edvel tratado com a Associa\u00e7\u00e3o Europeia de Com\u00e9rcio Livre (AECL) e outro com Singapura.<\/p>\n<h2><strong>Sobre o Mercosul<\/strong><\/h2>\n<p>Fundado em 1991, o Mercado Comum do Sul (Mercosul) surgiu com o objetivo de redemocratizar e reaproximar pa\u00edses latino americanos.<\/p>\n<p>O Tratado de Assun\u00e7\u00e3o (1991), tratado que deu in\u00edcio ao bloco, estabeleceu modelo de integra\u00e7\u00e3o para a forma\u00e7\u00e3o de um mercado comum, com livre circula\u00e7\u00e3o interna de bens, servi\u00e7os e produtos, com a ado\u00e7\u00e3o de uma pol\u00edtica comercial comum e tamb\u00e9m de pol\u00edticas setoriais, entre os pa\u00edses mebros.<\/p>\n<p>Os pa\u00edses do Mercosul correspondem atualmente a 67% do Produto Interno Bruto (PIB) em 2021 e mesma porcentagem de territ\u00f3rio da Am\u00e9rica do Sul. A popula\u00e7\u00e3o corresponde a 62% do total do continente sul-americano.<\/p>\n<p>O post <a rel=\"nofollow noopener\" href=\"https:\/\/wscom.com.br\/lula-assume-presidencia-do-mercosul-nesta-terca-feira-acordo-com-a-ue-e-uma-das-prioridades-do-bloco-sul-americano\/\" target=\"_blank\">Lula assume presid\u00eancia do Mercosul nesta ter\u00e7a-feira; acordo com a UE \u00e9 uma das prioridades do bloco sul-americano<\/a> apareceu primeiro em <a rel=\"nofollow noopener\" href=\"https:\/\/wscom.com.br\/\" target=\"_blank\">WSCOM<\/a>.<\/p>\n","protected":false},"excerpt":{"rendered":"<p>O presidente Luiz In\u00e1cio Lula da Silva recebe, nesta ter\u00e7a-feira (4), o comando do Mercosul. A presid\u00eancia tempor\u00e1ria do grupo \u2014 formado por Brasil, Argentina, Uruguai e Paraguai \u2014 ter\u00e1 dura\u00e7\u00e3o de seis meses e a grande expectativa \u00e9 pela conclus\u00e3o do acordo Mercosul-Uni\u00e3o Europeia. A lideran\u00e7a vai ser transferida durante a 62\u00aa C\u00fapula do [\u2026]<\/p>\n<p>O post <a rel=\"nofollow\" href=\"https:\/\/wscom.com.br\/lula-assume-presidencia-do-mercosul-nesta-terca-feira-acordo-com-a-ue-e-uma-das-prioridades-do-bloco-sul-americano\/\">Lula assume presid\u00eancia do Mercosul nesta ter\u00e7a-feira; acordo com a UE \u00e9 uma das prioridades do bloco sul-americano<\/a> apareceu primeiro em <a rel=\"nofollow\" href=\"https:\/\/wscom.com.br\/\">WSCOM<\/a>.<\/p>\n","protected":false},"author":49,"featured_media":0,"comment_status":"closed","ping_status":"closed","sticky":false,"template":"","format":"standard","meta":{"advgb_blocks_editor_width":"","advgb_blocks_columns_visual_guide":"","footnotes":""},"categories":[34,110,1473,47,1474],"tags":[35],"class_list":["post-23869","post","type-post","status-publish","format-standard","hentry","category-g1","category-lula","category-mercosul","category-politica","category-uniao-europeia","tag-g1"],"author_meta":{"display_name":"Cristiane Cavalcante","author_link":"https:\/\/sindaopcpb.org.br\/author\/cristiane-cavalcante\/"},"featured_img":null,"coauthors":[],"tax_additional":{"categories":{"linked":["<a href=\"https:\/\/sindaopcpb.org.br\/g1\/\" class=\"advgb-post-tax-term\">G1<\/a>","<a href=\"https:\/\/sindaopcpb.org.br\/lula\/\" class=\"advgb-post-tax-term\">Lula<\/a>","<a href=\"https:\/\/sindaopcpb.org.br\/mercosul\/\" class=\"advgb-post-tax-term\">Mercosul<\/a>","<a href=\"https:\/\/sindaopcpb.org.br\/politica\/\" class=\"advgb-post-tax-term\">POLITICA<\/a>","<a href=\"https:\/\/sindaopcpb.org.br\/uniao-europeia\/\" class=\"advgb-post-tax-term\">Uni\u00e3o Europeia<\/a>"],"unlinked":["<span class=\"advgb-post-tax-term\">G1<\/span>","<span class=\"advgb-post-tax-term\">Lula<\/span>","<span class=\"advgb-post-tax-term\">Mercosul<\/span>","<span class=\"advgb-post-tax-term\">POLITICA<\/span>","<span class=\"advgb-post-tax-term\">Uni\u00e3o Europeia<\/span>"]},"tags":{"linked":["<a href=\"https:\/\/sindaopcpb.org.br\/uniao-europeia\/\" class=\"advgb-post-tax-term\">g1<\/a>"],"unlinked":["<span class=\"advgb-post-tax-term\">g1<\/span>"]}},"comment_count":"0","relative_dates":{"created":"Publicado 3 anos atr\u00e1s","modified":"Atualizado 3 anos atr\u00e1s"},"absolute_dates":{"created":"Publicado em 4 de julho de 2023","modified":"Atualizado em 4 de julho de 2023"},"absolute_dates_time":{"created":"Publicado em 4 de julho de 2023 08:13","modified":"Atualizado em 4 de julho de 2023 08:13"},"featured_img_caption":"","series_order":"","_links":{"self":[{"href":"https:\/\/sindaopcpb.org.br\/index.php\/wp-json\/wp\/v2\/posts\/23869","targetHints":{"allow":["GET"]}}],"collection":[{"href":"https:\/\/sindaopcpb.org.br\/index.php\/wp-json\/wp\/v2\/posts"}],"about":[{"href":"https:\/\/sindaopcpb.org.br\/index.php\/wp-json\/wp\/v2\/types\/post"}],"author":[{"embeddable":true,"href":"https:\/\/sindaopcpb.org.br\/index.php\/wp-json\/wp\/v2\/users\/49"}],"replies":[{"embeddable":true,"href":"https:\/\/sindaopcpb.org.br\/index.php\/wp-json\/wp\/v2\/comments?post=23869"}],"version-history":[{"count":1,"href":"https:\/\/sindaopcpb.org.br\/index.php\/wp-json\/wp\/v2\/posts\/23869\/revisions"}],"predecessor-version":[{"id":23870,"href":"https:\/\/sindaopcpb.org.br\/index.php\/wp-json\/wp\/v2\/posts\/23869\/revisions\/23870"}],"wp:attachment":[{"href":"https:\/\/sindaopcpb.org.br\/index.php\/wp-json\/wp\/v2\/media?parent=23869"}],"wp:term":[{"taxonomy":"category","embeddable":true,"href":"https:\/\/sindaopcpb.org.br\/index.php\/wp-json\/wp\/v2\/categories?post=23869"},{"taxonomy":"post_tag","embeddable":true,"href":"https:\/\/sindaopcpb.org.br\/index.php\/wp-json\/wp\/v2\/tags?post=23869"}],"curies":[{"name":"wp","href":"https:\/\/api.w.org\/{rel}","templated":true}]}}