{"id":23867,"date":"2023-07-04T07:00:47","date_gmt":"2023-07-04T10:00:47","guid":{"rendered":"https:\/\/www.infomoney.com.br\/?p=2177786"},"modified":"2023-07-04T07:00:47","modified_gmt":"2023-07-04T10:00:47","slug":"pl-do-carf-tem-boas-chances-de-aprovacao-no-congresso-ainda-em-2023-dizem-analistas","status":"publish","type":"post","link":"https:\/\/sindaopcpb.org.br\/index.php\/2023\/07\/04\/pl-do-carf-tem-boas-chances-de-aprovacao-no-congresso-ainda-em-2023-dizem-analistas\/","title":{"rendered":"PL do Carf tem boas chances de aprova\u00e7\u00e3o no Congresso ainda em 2023, dizem analistas"},"content":{"rendered":"<p><img loading=\"lazy\" width=\"300\" height=\"200\" src=\"https:\/\/www.infomoney.com.br\/wp-content\/uploads\/2023\/05\/img20230523205237179MED.jpg?fit=300%2C200&amp;quality=70&amp;strip=all\" class=\"attachment-medium size-medium wp-post-image\" alt=\"\" decoding=\"async\" style=\"float:right; margin:0 0 10px 10px;\" srcset=\"https:\/\/www.infomoney.com.br\/wp-content\/uploads\/2023\/05\/img20230523205237179MED.jpg?w=1000&amp;quality=70&amp;strip=all 1000w, https:\/\/www.infomoney.com.br\/wp-content\/uploads\/2023\/05\/img20230523205237179MED.jpg?w=300&amp;quality=70&amp;strip=all 300w, https:\/\/www.infomoney.com.br\/wp-content\/uploads\/2023\/05\/img20230523205237179MED.jpg?w=768&amp;quality=70&amp;strip=all 768w, https:\/\/www.infomoney.com.br\/wp-content\/uploads\/2023\/05\/img20230523205237179MED.jpg?w=150&amp;quality=70&amp;strip=all 150w\" sizes=\"auto, (max-width: 300px) 100vw, 300px\" data-attachment-id=\"2146736\" data-permalink=\"https:\/\/www.infomoney.com.br\/politica\/apesar-de-vitoria-em-arcabouco-fiscal-lula-patina-em-articulacao-politica-no-congresso-e-enfrenta-riscos-com-medidas-provisorias\/attachment\/img20230523205237179med\/\" data-orig-file=\"https:\/\/www.infomoney.com.br\/wp-content\/uploads\/2023\/05\/img20230523205237179MED.jpg?fit=1000%2C667&amp;quality=70&amp;strip=all\" data-orig-size=\"1000,667\" data-comments-opened=\"0\" data-image-meta=\"{&quot;aperture&quot;:&quot;0&quot;,&quot;credit&quot;:&quot;&quot;,&quot;camera&quot;:&quot;&quot;,&quot;caption&quot;:&quot;&quot;,&quot;created_timestamp&quot;:&quot;0&quot;,&quot;copyright&quot;:&quot;&quot;,&quot;focal_length&quot;:&quot;0&quot;,&quot;iso&quot;:&quot;0&quot;,&quot;shutter_speed&quot;:&quot;0&quot;,&quot;title&quot;:&quot;&quot;,&quot;orientation&quot;:&quot;0&quot;}\" data-image-title=\"Plen\u00e1rio da C\u00e2mara dos Deputados\" data-image-description=\"\" data-image-caption=\"&lt;p&gt;O plen\u00e1rio da C\u00e2mara dos Deputados durante sess\u00e3o Deliberativa Extraordin\u00e1ria (Foto: Pablo Valadares\/C\u00e2mara dos Deputados)&lt;\/p&gt;\n\" data-medium-file=\"https:\/\/www.infomoney.com.br\/wp-content\/uploads\/2023\/05\/img20230523205237179MED.jpg?fit=300%2C200&amp;quality=70&amp;strip=all\" data-large-file=\"https:\/\/www.infomoney.com.br\/wp-content\/uploads\/2023\/05\/img20230523205237179MED.jpg?fit=1000%2C667&amp;quality=70&amp;strip=all\" title=\"\"><\/p>\n<p>Tratada pelo governo do presidente Luiz In\u00e1cio Lula da Silva (PT) como um dos mecanismos de recupera\u00e7\u00e3o da base fiscal do Estado, o projeto de lei que restabelece o chamado &#8220;voto de qualidade&#8221; por representantes da Fazenda Nacional no Conselho Administrativo de Recursos Fiscais (Carf) em caso de empate nas decis\u00f5es (PL 2384\/2023) tem boas chances de aprova\u00e7\u00e3o no Congresso Nacional.<\/p>\n<p>\u00c9 o que avaliam analistas pol\u00edticos consultados na 46\u00aa edi\u00e7\u00e3o do <strong>Bar\u00f4metro do Poder<\/strong>,\u00a0levantamento feito mensalmente pelo\u00a0<strong>InfoMoney<\/strong>\u00a0com consultorias e analistas independentes sobre alguns dos principais temas em discuss\u00e3o na pol\u00edtica nacional.\u00a0<a href=\"https:\/\/www.infomoney.com.br\/wp-content\/uploads\/2023\/07\/INF_barometro_46_Junho2023-1.pdf\" rel=\"nofollow noopener\" target=\"_blank\">Acesse \u00e0 \u00edntegra clicando aqui<\/a>.<\/p>\n<p>O estudo, realizado entre os dias 28 e 30 de junho, mostra que, 71% dos analistas pol\u00edticos consultados avaliam como alta ou muito alta a probabilidade de o texto ser aprovado pelas duas casas legislativas ainda em 2023. Outros 29% veem chance moderada de avan\u00e7o da mat\u00e9ria.<\/p>\n<p>Considerando uma escala de 1 (muito baixa) a 5 (muito alta), a probabilidade m\u00e9dia atribu\u00edda pelos especialistas para a aprova\u00e7\u00e3o do projeto no parlamento neste ano \u00e9 de 3,86.<\/p>\n<p><img loading=\"lazy\" data-attachment-id=\"2177799\" data-permalink=\"https:\/\/www.infomoney.com.br\/politica\/pl-do-carf-tem-boas-chances-de-aprovacao-no-congresso-ainda-em-2023-dizem-analistas\/attachment\/barometro-do-poder-0307b\/\" data-orig-file=\"https:\/\/www.infomoney.com.br\/wp-content\/uploads\/2023\/07\/Barometro-do-Poder-0307B.png?fit=1426%2C796&amp;quality=70&amp;strip=all\" data-orig-size=\"1426,796\" data-comments-opened=\"0\" data-image-meta=\"{&quot;aperture&quot;:&quot;0&quot;,&quot;credit&quot;:&quot;&quot;,&quot;camera&quot;:&quot;&quot;,&quot;caption&quot;:&quot;&quot;,&quot;created_timestamp&quot;:&quot;0&quot;,&quot;copyright&quot;:&quot;&quot;,&quot;focal_length&quot;:&quot;0&quot;,&quot;iso&quot;:&quot;0&quot;,&quot;shutter_speed&quot;:&quot;0&quot;,&quot;title&quot;:&quot;&quot;,&quot;orientation&quot;:&quot;0&quot;}\" data-image-title=\"Barometro-do-Poder-0307B\" data-image-description=\"\" data-image-caption=\"\" data-medium-file=\"https:\/\/www.infomoney.com.br\/wp-content\/uploads\/2023\/07\/Barometro-do-Poder-0307B.png?fit=300%2C167&amp;quality=70&amp;strip=all\" data-large-file=\"https:\/\/www.infomoney.com.br\/wp-content\/uploads\/2023\/07\/Barometro-do-Poder-0307B.png?fit=1280%2C715&amp;quality=70&amp;strip=all\" decoding=\"async\" class=\"img-fluid alignnone size-full wp-image-2177799\" src=\"https:\/\/www.infomoney.com.br\/wp-content\/uploads\/2023\/07\/Barometro-do-Poder-0307B.png?quality=70&#038;resize=1024%2C572&#038;%23038;strip=all\" alt=\"\" width=\"1024\" height=\"572\" srcset=\"https:\/\/www.infomoney.com.br\/wp-content\/uploads\/2023\/07\/Barometro-do-Poder-0307B.png?w=1426&amp;quality=70&amp;strip=all 1426w, https:\/\/www.infomoney.com.br\/wp-content\/uploads\/2023\/07\/Barometro-do-Poder-0307B.png?w=300&amp;quality=70&amp;strip=all 300w, https:\/\/www.infomoney.com.br\/wp-content\/uploads\/2023\/07\/Barometro-do-Poder-0307B.png?w=768&amp;quality=70&amp;strip=all 768w, https:\/\/www.infomoney.com.br\/wp-content\/uploads\/2023\/07\/Barometro-do-Poder-0307B.png?w=1280&amp;quality=70&amp;strip=all 1280w, https:\/\/www.infomoney.com.br\/wp-content\/uploads\/2023\/07\/Barometro-do-Poder-0307B.png?w=360&amp;quality=70&amp;strip=all 360w, https:\/\/www.infomoney.com.br\/wp-content\/uploads\/2023\/07\/Barometro-do-Poder-0307B.png?w=755&amp;quality=70&amp;strip=all 755w, https:\/\/www.infomoney.com.br\/wp-content\/uploads\/2023\/07\/Barometro-do-Poder-0307B.png?w=150&amp;quality=70&amp;strip=all 150w\" sizes=\"auto, (max-width: 1000px) 100vw, 1000px\" data-recalc-dims=\"1\" title=\"\"><\/p>\n<p>O PL do Carf foi encaminhado pelo Poder Executivo para substituir uma Medida Provis\u00f3ria (MPV 1160\/2023) de mesmo teor, que perdeu a validade em 2 de junho sem sequer ter tido comiss\u00e3o mista instalada pelo Congresso Nacional. A mat\u00e9ria patinou no parlamento em meio a resist\u00eancias de setores ao texto e sobretudo \u00e0 disputa entre as duas casas legislativas em torno do rito de tramita\u00e7\u00e3o das MPVs.<\/p>\n<p>Agora, o projeto de lei, que tramita em regime de urg\u00eancia e j\u00e1 tranca a pauta do plen\u00e1rio, figura na lista de mat\u00e9rias priorit\u00e1rias da C\u00e2mara dos Deputados a serem votadas antes do recesso parlamentar \u2012 que come\u00e7a em 17 de julho.<\/p>\n<p>O projeto original encaminhado pelo Poder Executivo busca restabelecer o chamado &#8220;voto de qualidade&#8221; em casos de empate em julgamentos no \u00e2mbito do Carf \u2012\u00a0a \u00faltima inst\u00e2ncia administrativa das puni\u00e7\u00f5es da Receita Federal. O dispositivo deixou de ser utilizado ap\u00f3s o Congresso Nacional aprovar a Lei n\u00ba 10.522\/2022, em que ficava garantida a vantagem do contribuinte nessas situa\u00e7\u00f5es.<\/p>\n<p>Em mensagem que acompanhou a pe\u00e7a legislativa, integrantes do governo alegam que &#8220;a proclama\u00e7\u00e3o do resultado favor\u00e1vel ao contribuinte no caso de empate de votos , provocou a revers\u00e3o do entendimento do tribunal em grandes temas tribut\u00e1rios&#8221;.<\/p>\n<p>Eles argumentam que, nos tr\u00eas anos que antecederam a nova legisla\u00e7\u00e3o, a Fazenda Nacional havia logrado \u00eaxito em processos decididos por voto de qualidade que envolveram cerca de R$ 177 bilh\u00f5es. E consideram que, com o empate favorecendo os contribuintes, cerca de R$ 59 bilh\u00f5es deixar\u00e3o de ser exigidos a favor da Uni\u00e3o.<\/p>\n<p>O governo lembra, ainda, que o preju\u00edzo que pode ser maior, considerando regra que determina que decis\u00e3o administrativa irreform\u00e1vel a favor do contribuinte extingue definitivamente o cr\u00e9dito tribut\u00e1rio \u2012 ao contr\u00e1rio do que ocorre em caso de derrota do contribuinte, que pode ingressar na Justi\u00e7a.<\/p>\n<p>O projeto original tamb\u00e9m abre possibilidade para a Receita Federal disponibilizar m\u00e9todos preventivos para a autorregulariza\u00e7\u00e3o de obriga\u00e7\u00f5es principais ou acess\u00f3rias relativas a tributos por ela administrados e estabelecer programas de conformidade para prevenir conflitos e assegurar o di\u00e1logo e a compreens\u00e3o de diverg\u00eancias acerca da aplica\u00e7\u00e3o da legisla\u00e7\u00e3o tribut\u00e1ria.<\/p>\n<p>Pelo texto, o \u00f3rg\u00e3o estabelecer\u00e1 classifica\u00e7\u00e3o de contribuintes, de acordo com o grau de conformidade tribut\u00e1ria e aduaneira, com base em crit\u00e9rios de regularidade cadastral, regularidade no recolhimento dos tributos devidos, ader\u00eancia entre escritura\u00e7\u00f5es ou declara\u00e7\u00f5es e os atos praticados pelo contribuinte e exatid\u00e3o das informa\u00e7\u00f5es prestadas.<\/p>\n<p>O projeto tamb\u00e9m amplia o montante para enquadramento de processos administrativos no rol de contenciosos de pequeno valor, que, pela lei podem ter julgamento realizado em \u00faltima inst\u00e2ncia por \u00f3rg\u00e3o colegiado da Delegacia da Receita Federal do Brasil de Julgamento da Secretaria Especial da Receita Federal, observados o contradit\u00f3rio, a ampla defesa e a vincula\u00e7\u00e3o aos entendimentos do Carf.<\/p>\n<p>Atualmente a regra vale apenas para contenciosos cujos valores n\u00e3o superem 60 sal\u00e1rios m\u00ednimos. O governo quer elevar para 1 mil sal\u00e1rios m\u00ednimos, mas enfrenta resist\u00eancias entre parlamentares e representantes de empres\u00e1rios. Pelos c\u00e1lculos da equipe econ\u00f4mica, a amplia\u00e7\u00e3o do limite de al\u00e7ada poderia reduzir em cerca de 70% a quantidade de processos encaminhados ao Carf, o que poderia reduzir o tempo m\u00e9dio para o \u00f3rg\u00e3o entrar no fluxo para 2,27 anos.<\/p>\n<p>O relator da mat\u00e9ria na C\u00e2mara dos Deputados, deputado Beto Pereira (PSDB-MS), divulgou, nesta segunda-feira (3), seu parecer ao projeto. Entre as novidades presentes est\u00e1 um acordo firmado entre o ministro da Fazenda, Fernando Haddad (PT), e a Ordem dos Advogados do Brasil (OAB).<\/p>\n<p>Pelo entendimento, se o representante do Fisco garantir a vit\u00f3ria da Uni\u00e3o atrav\u00e9s do &#8220;voto de qualidade&#8221;, o contribuinte ter\u00e1 que pagar o valor total da d\u00edvida, mas ficar\u00e1 isento de multa de of\u00edcio e de responder a processos penais por fraude. E caso opte por quitar o d\u00e9bito sem questionar na Justi\u00e7a, ficar\u00e1 isento dos juros e poder\u00e1 faz\u00ea-lo em at\u00e9 12 parcelas, inclusive com uso de cr\u00e9ditos de preju\u00edzo fiscal e da Contribui\u00e7\u00e3o Social sobre o Lucro L\u00edquido (CSLL).<\/p>\n<p>O texto tamb\u00e9m traz a previs\u00e3o da chamada &#8220;den\u00fancia espont\u00e2nea&#8221;, que cria condi\u00e7\u00f5es especiais para que o contribuinte n\u00e3o autuado possa regularizar sua situa\u00e7\u00e3o \u2012 mecanismo comparado a um Refis, que cr\u00edticos alegam que pode estimular a inadimpl\u00eancia.<\/p>\n<p>O parlamentar tamb\u00e9m incluiu dispositivo que abre a possibilidade de parcelamento dos d\u00e9bitos pelo contribuinte em at\u00e9 60 parcelas mensais, com desconto gradual nos juros a depender do prazo.<\/p>\n<p>Apesar das mudan\u00e7as j\u00e1 feitas ao texto, o relator n\u00e3o descarta novos ajustes para a constru\u00e7\u00e3o de um entendimento junto aos parlamentares at\u00e9 a vota\u00e7\u00e3o em plen\u00e1rio. Uma vez aprovado pela maioria simples dos deputados, o projeto ainda precisa passar por an\u00e1lise do Senado Federal.<\/p>\n<p>The post <a rel=\"nofollow noopener\" href=\"https:\/\/www.infomoney.com.br\/politica\/pl-do-carf-tem-boas-chances-de-aprovacao-no-congresso-ainda-em-2023-dizem-analistas\/\" target=\"_blank\">PL do Carf tem boas chances de aprova\u00e7\u00e3o no Congresso ainda em 2023, dizem analistas<\/a> appeared first on <a rel=\"nofollow noopener\" href=\"https:\/\/www.infomoney.com.br\/\" target=\"_blank\">InfoMoney<\/a>.<\/p>\n","protected":false},"excerpt":{"rendered":"<p><img loading=\"lazy\" decoding=\"async\" width=\"300\" height=\"200\" src=\"https:\/\/www.infomoney.com.br\/wp-content\/uploads\/2023\/05\/img20230523205237179MED.jpg?fit=300%2C200&amp;quality=70&amp;strip=all\" class=\"attachment-medium size-medium wp-post-image\" alt=\"\" data-attachment-id=\"2146736\" data-permalink=\"https:\/\/www.infomoney.com.br\/politica\/apesar-de-vitoria-em-arcabouco-fiscal-lula-patina-em-articulacao-politica-no-congresso-e-enfrenta-riscos-com-medidas-provisorias\/attachment\/img20230523205237179med\/\" data-orig-file=\"https:\/\/www.infomoney.com.br\/wp-content\/uploads\/2023\/05\/img20230523205237179MED.jpg?fit=1000%2C667&amp;quality=70&amp;strip=all\" data-orig-size=\"1000,667\" data-comments-opened=\"0\" data-image-meta='{\"aperture\":\"0\",\"credit\":\"\",\"camera\":\"\",\"caption\":\"\",\"created_timestamp\":\"0\",\"copyright\":\"\",\"focal_length\":\"0\",\"iso\":\"0\",\"shutter_speed\":\"0\",\"title\":\"\",\"orientation\":\"0\"}' data-image-title=\"Plen\u00e1rio da C\u00e2mara dos Deputados\" data-image-description=\"\" data-image-caption=\"&lt;p&gt;O plen\u00e1rio da C\u00e2mara dos Deputados durante sess\u00e3o Deliberativa Extraordin\u00e1ria (Foto: Pablo Valadares\/C\u00e2mara dos Deputados)&lt;\/p&gt;\n\" data-medium-file=\"https:\/\/www.infomoney.com.br\/wp-content\/uploads\/2023\/05\/img20230523205237179MED.jpg?fit=300%2C200&amp;quality=70&amp;strip=all\" data-large-file=\"https:\/\/www.infomoney.com.br\/wp-content\/uploads\/2023\/05\/img20230523205237179MED.jpg?fit=1000%2C667&amp;quality=70&amp;strip=all\">Considerando uma escala de 1 a 5, especialistas consultados pelo InfoMoney atribuem probabilidade de 3,86 de o texto avan\u00e7ar no parlamento ainda neste ano<\/p>\n<p>The post <a rel=\"nofollow\" href=\"https:\/\/www.infomoney.com.br\/politica\/pl-do-carf-tem-boas-chances-de-aprovacao-no-congresso-ainda-em-2023-dizem-analistas\/\">PL do Carf tem boas chances de aprova\u00e7\u00e3o no Congresso ainda em 2023, dizem analistas<\/a> appeared first on <a rel=\"nofollow\" href=\"https:\/\/www.infomoney.com.br\/\">InfoMoney<\/a>.<\/p>\n","protected":false},"author":52,"featured_media":0,"comment_status":"closed","ping_status":"closed","sticky":false,"template":"","format":"standard","meta":{"advgb_blocks_editor_width":"","advgb_blocks_columns_visual_guide":"","footnotes":""},"categories":[2112,276,469,359,69,109,34,47],"tags":[35],"class_list":["post-23867","post","type-post","status-publish","format-standard","hentry","category-barometro-do-poder","category-camara-dos-deputados","category-carf","category-congresso-nacional","category-economia","category-fernando-haddad","category-g1","category-politica","tag-g1"],"author_meta":{"display_name":"Marcos Mortari","author_link":"https:\/\/sindaopcpb.org.br\/author\/marcos-mortari\/"},"featured_img":null,"coauthors":[],"tax_additional":{"categories":{"linked":["<a href=\"https:\/\/sindaopcpb.org.br\/barometro-do-poder\/\" class=\"advgb-post-tax-term\">Bar\u00f4metro do Poder<\/a>","<a href=\"https:\/\/sindaopcpb.org.br\/camara-dos-deputados\/\" class=\"advgb-post-tax-term\">C\u00e2mara dos Deputados<\/a>","<a href=\"https:\/\/sindaopcpb.org.br\/carf\/\" class=\"advgb-post-tax-term\">Carf<\/a>","<a href=\"https:\/\/sindaopcpb.org.br\/congresso-nacional\/\" class=\"advgb-post-tax-term\">Congresso Nacional<\/a>","<a href=\"https:\/\/sindaopcpb.org.br\/economia\/\" class=\"advgb-post-tax-term\">Economia<\/a>","<a href=\"https:\/\/sindaopcpb.org.br\/fernando-haddad\/\" class=\"advgb-post-tax-term\">FERNANDO HADDAD<\/a>","<a href=\"https:\/\/sindaopcpb.org.br\/g1\/\" class=\"advgb-post-tax-term\">G1<\/a>","<a href=\"https:\/\/sindaopcpb.org.br\/politica\/\" class=\"advgb-post-tax-term\">POLITICA<\/a>"],"unlinked":["<span class=\"advgb-post-tax-term\">Bar\u00f4metro do Poder<\/span>","<span class=\"advgb-post-tax-term\">C\u00e2mara dos Deputados<\/span>","<span class=\"advgb-post-tax-term\">Carf<\/span>","<span class=\"advgb-post-tax-term\">Congresso Nacional<\/span>","<span class=\"advgb-post-tax-term\">Economia<\/span>","<span class=\"advgb-post-tax-term\">FERNANDO HADDAD<\/span>","<span class=\"advgb-post-tax-term\">G1<\/span>","<span class=\"advgb-post-tax-term\">POLITICA<\/span>"]},"tags":{"linked":["<a href=\"https:\/\/sindaopcpb.org.br\/politica\/\" class=\"advgb-post-tax-term\">g1<\/a>"],"unlinked":["<span class=\"advgb-post-tax-term\">g1<\/span>"]}},"comment_count":"0","relative_dates":{"created":"Publicado 3 anos atr\u00e1s","modified":"Atualizado 3 anos atr\u00e1s"},"absolute_dates":{"created":"Publicado em 4 de julho de 2023","modified":"Atualizado em 4 de julho de 2023"},"absolute_dates_time":{"created":"Publicado em 4 de julho de 2023 07:00","modified":"Atualizado em 4 de julho de 2023 07:00"},"featured_img_caption":"","series_order":"","_links":{"self":[{"href":"https:\/\/sindaopcpb.org.br\/index.php\/wp-json\/wp\/v2\/posts\/23867","targetHints":{"allow":["GET"]}}],"collection":[{"href":"https:\/\/sindaopcpb.org.br\/index.php\/wp-json\/wp\/v2\/posts"}],"about":[{"href":"https:\/\/sindaopcpb.org.br\/index.php\/wp-json\/wp\/v2\/types\/post"}],"author":[{"embeddable":true,"href":"https:\/\/sindaopcpb.org.br\/index.php\/wp-json\/wp\/v2\/users\/52"}],"replies":[{"embeddable":true,"href":"https:\/\/sindaopcpb.org.br\/index.php\/wp-json\/wp\/v2\/comments?post=23867"}],"version-history":[{"count":1,"href":"https:\/\/sindaopcpb.org.br\/index.php\/wp-json\/wp\/v2\/posts\/23867\/revisions"}],"predecessor-version":[{"id":23868,"href":"https:\/\/sindaopcpb.org.br\/index.php\/wp-json\/wp\/v2\/posts\/23867\/revisions\/23868"}],"wp:attachment":[{"href":"https:\/\/sindaopcpb.org.br\/index.php\/wp-json\/wp\/v2\/media?parent=23867"}],"wp:term":[{"taxonomy":"category","embeddable":true,"href":"https:\/\/sindaopcpb.org.br\/index.php\/wp-json\/wp\/v2\/categories?post=23867"},{"taxonomy":"post_tag","embeddable":true,"href":"https:\/\/sindaopcpb.org.br\/index.php\/wp-json\/wp\/v2\/tags?post=23867"}],"curies":[{"name":"wp","href":"https:\/\/api.w.org\/{rel}","templated":true}]}}