{"id":23863,"date":"2023-07-03T19:35:25","date_gmt":"2023-07-03T22:35:25","guid":{"rendered":"https:\/\/g1.globo.com\/pb\/paraiba\/noticia\/2023\/07\/03\/homem-e-executado-a-tiros-no-distrito-mecanico-de-joao-pessoa-nesta-segunda-feira-3.ghtml"},"modified":"2023-07-03T19:35:25","modified_gmt":"2023-07-03T22:35:25","slug":"homem-e-executado-a-tiros-no-distrito-mecanico-de-joao-pessoa-nesta-segunda-feira-3","status":"publish","type":"post","link":"https:\/\/sindaopcpb.org.br\/index.php\/2023\/07\/03\/homem-e-executado-a-tiros-no-distrito-mecanico-de-joao-pessoa-nesta-segunda-feira-3\/","title":{"rendered":"Homem \u00e9 executado a tiros no Distrito Mec\u00e2nico de Jo\u00e3o Pessoa nesta segunda-feira (3)"},"content":{"rendered":"   <img src=\"https:\/\/s2.glbimg.com\/mY8Ts-Zpy3FjAX8do0wFIEG9HK8=\/i.s3.glbimg.com\/v1\/AUTH_59edd422c0c84a879bd37670ae4f538a\/internal_photos\/bs\/2023\/v\/f\/BB8OWUR2AVLBLCmsA7hw\/frame-distritomecanico.jpg\" \/><br \/>     Com os tiros, outras duas pessoas foram feridas. Execu\u00e7\u00e3o em Jo\u00e3o Pessoa deixa uma pessoa morta e duas feridas\nTV Cabo Branco\/Reprodu\u00e7\u00e3o\nUm homem de 20 anos foi morto no fim da tarde desta segunda-feira (3) numa execu\u00e7\u00e3o realizada no Distrito Mec\u00e2nico de Jo\u00e3o Pessoa. A v\u00edtima foi identificada como sendo Victor Hugo e familiares informaram \u00e0 Pol\u00edcia Civil da Para\u00edba que ele tinha passagem pela pol\u00edcia e j\u00e1 tinha cumprido pena em pres\u00eddio da capital paraibana. A suspeita \u00e9 a de que se trata de um acerto de contas.\nDe acordo com testemunhas, um carro se aproximou do local do crime e homens que estava dentro do ve\u00edculo come\u00e7aram a atirar sem nenhum di\u00e1logo pr\u00e9vio. Com os tiros, outras duas pessoas foram atingidas. Um adolescente de 16 anos, que estava em companhia do homem que morreu, e um mec\u00e2nico idoso que foi v\u00edtima de bala perdida.\nO adolescente foi encaminhado para o Hospital de Emerg\u00eancia e Trauma de Jo\u00e3o Pessoa. Passou por cirurgia e segue internado na unidade hospitalar. J\u00e1 o destino do idoso \u00e9 incerto. A delegada Josenice Andrade disse que ele tinha sido levado para o Hospital Edson Ramalho, mas o hospital n\u00e3o confirmou a informa\u00e7\u00e3o.\nDuas horas depois do tiroteio, a Pol\u00edcia Militar da Para\u00edba localizou o ve\u00edculo usado para o crime. Iniciou uma persegui\u00e7\u00e3o e acabou prendendo dois suspeitos, que foram levados para a Central de Pol\u00edcia de Jo\u00e3o Pessoa.\nAs pris\u00f5es aconteceram no Jardim Planalto. E, ap\u00f3s as deten\u00e7\u00f5es, a pol\u00edcia descobriu que o carro havia sido roubado com o objetivo espec\u00edfico de cometer a execu\u00e7\u00e3o.\nV\u00eddeos mais assistidos da Para\u00edba  ","protected":false},"excerpt":{"rendered":"<p>        Com os tiros, outras duas pessoas foram feridas. Execu\u00e7\u00e3o em Jo\u00e3o Pessoa deixa uma pessoa morta e duas feridas<br \/>\nTV Cabo Branco\/Reprodu\u00e7\u00e3o<br \/>\nUm homem de 20 anos foi morto no fim da tarde desta segunda-feira (3) numa execu\u00e7\u00e3o realizada no Distrito M&#8230;<\/p>\n","protected":false},"author":2,"featured_media":0,"comment_status":"closed","ping_status":"closed","sticky":false,"template":"","format":"standard","meta":{"advgb_blocks_editor_width":"","advgb_blocks_columns_visual_guide":"","footnotes":""},"categories":[34],"tags":[35],"class_list":["post-23863","post","type-post","status-publish","format-standard","hentry","category-g1","tag-g1"],"author_meta":{"display_name":"g1 &gt; Para\u00edba","author_link":"https:\/\/sindaopcpb.org.br\/author\/g1-paraiba\/"},"featured_img":null,"coauthors":[],"tax_additional":{"categories":{"linked":["<a href=\"https:\/\/sindaopcpb.org.br\/g1\/\" class=\"advgb-post-tax-term\">G1<\/a>"],"unlinked":["<span class=\"advgb-post-tax-term\">G1<\/span>"]},"tags":{"linked":["<a href=\"https:\/\/sindaopcpb.org.br\/g1\/\" class=\"advgb-post-tax-term\">g1<\/a>"],"unlinked":["<span class=\"advgb-post-tax-term\">g1<\/span>"]}},"comment_count":"0","relative_dates":{"created":"Publicado 3 anos atr\u00e1s","modified":"Atualizado 3 anos atr\u00e1s"},"absolute_dates":{"created":"Publicado em 3 de julho de 2023","modified":"Atualizado em 3 de julho de 2023"},"absolute_dates_time":{"created":"Publicado em 3 de julho de 2023 19:35","modified":"Atualizado em 3 de julho de 2023 19:35"},"featured_img_caption":"","series_order":"","_links":{"self":[{"href":"https:\/\/sindaopcpb.org.br\/index.php\/wp-json\/wp\/v2\/posts\/23863","targetHints":{"allow":["GET"]}}],"collection":[{"href":"https:\/\/sindaopcpb.org.br\/index.php\/wp-json\/wp\/v2\/posts"}],"about":[{"href":"https:\/\/sindaopcpb.org.br\/index.php\/wp-json\/wp\/v2\/types\/post"}],"author":[{"embeddable":true,"href":"https:\/\/sindaopcpb.org.br\/index.php\/wp-json\/wp\/v2\/users\/2"}],"replies":[{"embeddable":true,"href":"https:\/\/sindaopcpb.org.br\/index.php\/wp-json\/wp\/v2\/comments?post=23863"}],"version-history":[{"count":1,"href":"https:\/\/sindaopcpb.org.br\/index.php\/wp-json\/wp\/v2\/posts\/23863\/revisions"}],"predecessor-version":[{"id":23864,"href":"https:\/\/sindaopcpb.org.br\/index.php\/wp-json\/wp\/v2\/posts\/23863\/revisions\/23864"}],"wp:attachment":[{"href":"https:\/\/sindaopcpb.org.br\/index.php\/wp-json\/wp\/v2\/media?parent=23863"}],"wp:term":[{"taxonomy":"category","embeddable":true,"href":"https:\/\/sindaopcpb.org.br\/index.php\/wp-json\/wp\/v2\/categories?post=23863"},{"taxonomy":"post_tag","embeddable":true,"href":"https:\/\/sindaopcpb.org.br\/index.php\/wp-json\/wp\/v2\/tags?post=23863"}],"curies":[{"name":"wp","href":"https:\/\/api.w.org\/{rel}","templated":true}]}}