{"id":23857,"date":"2023-07-03T17:48:21","date_gmt":"2023-07-03T20:48:21","guid":{"rendered":"https:\/\/g1.globo.com\/pb\/paraiba\/noticia\/2023\/07\/03\/prefeitura-de-dona-ines-abre-inscricoes-para-concurso-salarios-chegam-a-r-11-mil.ghtml"},"modified":"2023-07-03T17:48:21","modified_gmt":"2023-07-03T20:48:21","slug":"prefeitura-de-dona-ines-abre-inscricoes-para-concurso-salarios-chegam-a-r-11-mil","status":"publish","type":"post","link":"https:\/\/sindaopcpb.org.br\/index.php\/2023\/07\/03\/prefeitura-de-dona-ines-abre-inscricoes-para-concurso-salarios-chegam-a-r-11-mil\/","title":{"rendered":"Prefeitura de Dona In\u00eas abre inscri\u00e7\u00f5es para concurso; sal\u00e1rios chegam a R$ 11 mil"},"content":{"rendered":"   <img src=\"https:\/\/s2.glbimg.com\/mPVmnW-vOn8uT88BcsfE5g9rFLA=\/i.s3.glbimg.com\/v1\/AUTH_59edd422c0c84a879bd37670ae4f538a\/internal_photos\/bs\/2021\/s\/A\/cWVnLWQXiHiMonOaTnNg\/cref.png\" \/><br \/>     Sal\u00e1rios variam de R$ 1.320 a R$ 11 mil. S\u00e3o oferecidas 92 vagas para n\u00edvel fundamental, m\u00e9dio\/t\u00e9cnico, superior e magist\u00e9rio. Edital de concurso da Prefeitura de Dona In\u00eas \u00e9 publicado \nDivulga\u00e7\u00e3o\nA prefeitura do munic\u00edpio de Dona In\u00eas, por meio da Comiss\u00e3o Permanente de Concursos (Cpcon) da Universidade Estadual da Para\u00edba (UEPB), divulgou edital de concurso p\u00fablico nesta segunda-feira (3). S\u00e3o oferecidas 92 vagas, sendo 22 para o n\u00edvel fundamental, 25 para o n\u00edvel m\u00e9dio e t\u00e9cnico, 26 para n\u00edvel superior, e ainda 19 vagas para o magist\u00e9rio.\nConfira edital de concurso p\u00fablico da prefeitura de Dona In\u00eas\nA inscri\u00e7\u00f5es est\u00e3o abertas de 3 de julho a 6 de agosto no portal da Cpcon e o valor da taxa de inscri\u00e7\u00e3o correspondente \u00e0 op\u00e7\u00e3o do cargo: n\u00edvel fundamental (R$ 75), m\u00e9dio\/t\u00e9cnico (R$ 95), superior e superior \u2013 magist\u00e9rio (R$ 115).\nOs sal\u00e1rios variam de R$ 1.320 a R$ 11 mil, e a divulga\u00e7\u00e3o do resultado final est\u00e1 previsto para o dia 31 de outubro de 2023.\u00a0O concurso p\u00fablico ter\u00e1 validade de dois anos, podendo ser prorrogado por igual per\u00edodo.\nCargos e vagas dispon\u00edveis\nN\u00edvel fundamental completo\nAgente de limpeza (4) + vagas PCD (1)\nAuxiliar de servi\u00e7os gerais (4) + vagas PCD (1)\nCozinheira (8) + vagas PCD (2)\nOperador de m\u00e1quinas (2)\nN\u00edvel m\u00e9dio\/t\u00e9cnico\nAgente administrativo (2)\nAgente comunit\u00e1rio de sa\u00fade - \u00e1rea 1 (1)\nAgente comunit\u00e1rio de sa\u00fade - \u00e1rea 4 (1)\nAgente de combate \u00e0s endemias (1)\nAgente da guarda municipal (4)\nAtendente de consult\u00f3rio dent\u00e1rio (4)\nMotorista de servi\u00e7o de sa\u00fade (2)\nMotorista de transporte escolar (2)\nMonitor - escolar (4) + vagas PCD (1)\nOperador de sistema de inform\u00e1tica (1)\nT\u00e9cnico de enfermagem (2)\nN\u00edvel superior\nAssistente administrativo (1)\nAssistente social (1)\nAuditor fiscal de tributos (1)\nAuditor de controle interno (1)\nCoordenador pedag\u00f3gico (1)\nEnfermeiro (3)\nFiscal de obras (1)\nFisioterapeuta (1)\nFonoaudi\u00f3logo (1)\nM\u00e9dico plantonista (4) + vagas PCD (1)\nM\u00e9dico de s\u00e1ude da fam\u00edlia (4) + vagas PCD (1)\nOdont\u00f3logo - cirurgi\u00e3o dentista (3)\nPsic\u00f3logo (1)\nN\u00edvel superior - magist\u00e9rio\nProfessor A n\u00edvel I (4) + vagas PCD (1)\nProfessor A n\u00edvel II (4) + vagas PCD (1)\nProfessor B n\u00edvel I - licenciatura em artes (1)\nProfessor B n\u00edvel I - licenciatura em portugu\u00eas (1)\nProfessor B n\u00edvel I - licenciatura em ci\u00eancias (1)\nProfessor B n\u00edvel I - licenciatura em hist\u00f3ria (1)\nProfessor B n\u00edvel I - licenciatura em ingl\u00eas (1)\nProfessor B n\u00edvel I - licenciatura em matem\u00e1tica (1)\nSupervisor escolar (1)\nPsicopedagogo (1)\nProvas\nO concurso ser\u00e1 realizado em duas fases. Na primeira fase, os candidatos para todos os cargos devem fazer a prova escrita objetiva, de carater eliminat\u00f3rio e classificat\u00f3rio. O exame est\u00e1 previsto para o dia 17 de setembro de 2023.\nJ\u00e1 a segunda fase corresponde a prova pr\u00e1tica para cargos espec\u00edficos. A prova de Dire\u00e7\u00e3o Veicular \u00e9 de car\u00e1ter eliminat\u00f3rio e classificat\u00f3rio, para os cargos de Motorista de Servi\u00e7o de Sa\u00fade, Motorista de Transporte Escolar e Operador de Equipamentos Rodovi\u00e1rios.\nO Teste de Aptid\u00e3o F\u00edsica tamb\u00e9m \u00e9 de car\u00e1ter eliminat\u00f3rio e classificat\u00f3rio, para o cargo de Agente da Guarda Municipal.\nA avalia\u00e7\u00e3o de T\u00edtulos \u00e9 de car\u00e1ter classificat\u00f3rio para os cargos:\nAgente de limpeza\nAuxiliar de Servi\u00e7os Gerais\nCozinheira\nProfessor A N\u00edvel \u2013 I\nProfessor A N\u00edvel \u2013 II\nProfessor B N\u00edvel \u2013 1 (Licenciatura em Artes)\nProfessor B N\u00edvel \u2013 1 (Licenciatura em Portugu\u00eas)\nProfessor B N\u00edvel \u2013 1 (Licenciatura em Educa\u00e7\u00e3o F\u00edsica)\nProfessor B N\u00edvel \u2013 1 (Licenciatura em Ci\u00eancias)\nProfessor B N\u00edvel \u2013 1 (Licenciatura em Hist\u00f3ria)\nProfessor B N\u00edvel \u2013 1 (Licenciatura em Ingl\u00eas)\nProfessor B N\u00edvel \u2013 1 (Licenciatura em Matem\u00e1tica)\nSupervisor Escolar\nPsicopedagogo\nV\u00eddeos mais assistidos do g1 Para\u00edba  ","protected":false},"excerpt":{"rendered":"<p>        Sal\u00e1rios variam de R$ 1.320 a R$ 11 mil. S\u00e3o oferecidas 92 vagas para n\u00edvel fundamental, m\u00e9dio\/t\u00e9cnico, superior e magist\u00e9rio. Edital de concurso da Prefeitura de Dona In\u00eas \u00e9 publicado<br \/>\nDivulga\u00e7\u00e3o<br \/>\nA prefeitura do munic\u00edpio de Dona In\u00eas, por mei&#8230;<\/p>\n","protected":false},"author":2,"featured_media":0,"comment_status":"closed","ping_status":"closed","sticky":false,"template":"","format":"standard","meta":{"advgb_blocks_editor_width":"","advgb_blocks_columns_visual_guide":"","footnotes":""},"categories":[34],"tags":[35],"class_list":["post-23857","post","type-post","status-publish","format-standard","hentry","category-g1","tag-g1"],"author_meta":{"display_name":"g1 &gt; Para\u00edba","author_link":"https:\/\/sindaopcpb.org.br\/author\/g1-paraiba\/"},"featured_img":null,"coauthors":[],"tax_additional":{"categories":{"linked":["<a href=\"https:\/\/sindaopcpb.org.br\/g1\/\" class=\"advgb-post-tax-term\">G1<\/a>"],"unlinked":["<span class=\"advgb-post-tax-term\">G1<\/span>"]},"tags":{"linked":["<a href=\"https:\/\/sindaopcpb.org.br\/g1\/\" class=\"advgb-post-tax-term\">g1<\/a>"],"unlinked":["<span class=\"advgb-post-tax-term\">g1<\/span>"]}},"comment_count":"0","relative_dates":{"created":"Publicado 3 anos atr\u00e1s","modified":"Atualizado 3 anos atr\u00e1s"},"absolute_dates":{"created":"Publicado em 3 de julho de 2023","modified":"Atualizado em 3 de julho de 2023"},"absolute_dates_time":{"created":"Publicado em 3 de julho de 2023 17:48","modified":"Atualizado em 3 de julho de 2023 17:48"},"featured_img_caption":"","series_order":"","_links":{"self":[{"href":"https:\/\/sindaopcpb.org.br\/index.php\/wp-json\/wp\/v2\/posts\/23857","targetHints":{"allow":["GET"]}}],"collection":[{"href":"https:\/\/sindaopcpb.org.br\/index.php\/wp-json\/wp\/v2\/posts"}],"about":[{"href":"https:\/\/sindaopcpb.org.br\/index.php\/wp-json\/wp\/v2\/types\/post"}],"author":[{"embeddable":true,"href":"https:\/\/sindaopcpb.org.br\/index.php\/wp-json\/wp\/v2\/users\/2"}],"replies":[{"embeddable":true,"href":"https:\/\/sindaopcpb.org.br\/index.php\/wp-json\/wp\/v2\/comments?post=23857"}],"version-history":[{"count":1,"href":"https:\/\/sindaopcpb.org.br\/index.php\/wp-json\/wp\/v2\/posts\/23857\/revisions"}],"predecessor-version":[{"id":23858,"href":"https:\/\/sindaopcpb.org.br\/index.php\/wp-json\/wp\/v2\/posts\/23857\/revisions\/23858"}],"wp:attachment":[{"href":"https:\/\/sindaopcpb.org.br\/index.php\/wp-json\/wp\/v2\/media?parent=23857"}],"wp:term":[{"taxonomy":"category","embeddable":true,"href":"https:\/\/sindaopcpb.org.br\/index.php\/wp-json\/wp\/v2\/categories?post=23857"},{"taxonomy":"post_tag","embeddable":true,"href":"https:\/\/sindaopcpb.org.br\/index.php\/wp-json\/wp\/v2\/tags?post=23857"}],"curies":[{"name":"wp","href":"https:\/\/api.w.org\/{rel}","templated":true}]}}