{"id":23851,"date":"2023-07-03T17:57:05","date_gmt":"2023-07-03T20:57:05","guid":{"rendered":"https:\/\/wpa.wscom.com.br\/?p=909726"},"modified":"2023-07-03T17:57:05","modified_gmt":"2023-07-03T20:57:05","slug":"lula-confirma-pac-3-com-investimentos-em-ferrovias-portos-e-aeroportos-e-lancamento-do-luz-para-todos-e-agua-para-todos","status":"publish","type":"post","link":"https:\/\/sindaopcpb.org.br\/index.php\/2023\/07\/03\/lula-confirma-pac-3-com-investimentos-em-ferrovias-portos-e-aeroportos-e-lancamento-do-luz-para-todos-e-agua-para-todos\/","title":{"rendered":"Lula confirma PAC 3 com investimentos em ferrovias, portos e aeroportos e lan\u00e7amento do \u2018Luz Para Todos\u2019 e \u2018\u00c1gua Para Todos\u2019"},"content":{"rendered":"<p>O presidente Luiz In\u00e1cio Lula da Silva (PT) voltou a afirmar, nesta segunda-feira (3), que a terceira edi\u00e7\u00e3o do Programa de Acelera\u00e7\u00e3o do Crescimento (o PAC, marca de suas gest\u00f5es anteriores) ser\u00e1 lan\u00e7ada pelo governo federal ainda em julho.<\/p>\n<p>O an\u00fancio foi feito durante cerim\u00f4nia de lan\u00e7amento das obras da Ferrovia de Integra\u00e7\u00e3o Oeste-Leste, em Ilh\u00e9us (BA). Em seu discurso, Lula disse que, al\u00e9m do novo programa de desenvolvimento e infraestrutura, ser\u00e3o lan\u00e7ados os programas \u00c1gua Para Todos e Luz Para Todos, mas n\u00e3o indicou datas para cada a\u00e7\u00e3o.<\/p>\n<p>Segundo o mandat\u00e1rio, o novo PAC vai abranger principalmente obras de infraestrutura, como investimentos em ferrovias, portos e aeroportos, al\u00e9m de unidades habitacionais contempladas pelo Minha Casa, Minha Vida.<\/p>\n<p>\u201cN\u00f3s vamos agora, em julho, lan\u00e7ar um programa de desenvolvimento outra vez. Vai ser PAC n\u00ba 3. Em que a gente vai discutir ferrovias, portos, aeroportos. O Minha Casa Minha Vida vai voltar com 2 milh\u00f5es de casas para a gente construir. A gente vai voltar com o \u00c1gua para Todos, o Luz Para Todos\u201d, disse.<\/p>\n<p>No discurso, Lula reafirmou o compromisso do governo com o crescimento econ\u00f4mico e disse \u00e0 plateia formada por empres\u00e1rios e aliados pol\u00edticos que, se o pa\u00eds tivesse mantido o ritmo de desenvolvimento alcan\u00e7ado em suas gest\u00f5es anteriores, atualmente ocuparia o posto de 4\u00aa economia global.<\/p>\n<p>O presidente, que voltou a disparar cr\u00edticas \u00e0 gest\u00e3o de seu antecessor, Jair Bolsonaro (PL), defendeu que, para atrair investidores e retomar o desenvolvimento, o pa\u00eds precisa de estabilidade, credibilidade e previsibilidade no cen\u00e1rio pol\u00edtico e econ\u00f4mico \u2012 trip\u00e9 citado com frequ\u00eancia por ele durante a campanha eleitoral de 2022.<\/p>\n<p>Ao citar a necessidade de haver seguran\u00e7a jur\u00eddica para recuperar a credibilidade junto aos empres\u00e1rios, Lula disse que \u00e9 preciso \u201ccolocar no papel e cumprir para que ningu\u00e9m seja pego de surpresa\u201d.<\/p>\n<div id=\"div-gpt-ad-1679417074230-0\"><\/div>\n<p>O mandat\u00e1rio tamb\u00e9m defendeu em sua fala que o pa\u00eds volte a gerar empregos e produzir itens que passou a importar ao longo dos \u00faltimos anos, citando o exemplo de trilhos para a constru\u00e7\u00e3o de ferrovias.<\/p>\n<p>\u201c\u00c9 uma vergonha um pa\u00eds do tamanho do Brasil, que quer ter uma malha ferrovi\u00e1ria para facilitar o transporte da riqueza, ter que importar trilho de outro pa\u00eds, com a quantidade de min\u00e9rio de ferro que temos e a quantidade de sider\u00fargicas que temos\u201d, criticou.<\/p>\n<div id=\"div-gpt-ad-1679417160666-0\"><\/div>\n<p>\u201c\u00c9 de interesse da soberania nacional a gente fazer essa ferrovia e outras no pa\u00eds, para que a gente possa ter esse pa\u00eds competitivo com qualquer outro pa\u00eds do mundo. O Brasil ser\u00e1 do tamanho que a gente quiser que ele seja\u201d, pontuou.<\/p>\n<p>Planejada para melhorar o escoamento da produ\u00e7\u00e3o de min\u00e9rio de ferro e de gr\u00e3os, a Ferrovia Oeste-Leste conta com mais de 1,5 mil quil\u00f4metros de extens\u00e3o e ir\u00e1 ligar o estado da Bahia ao Tocantins. A conclus\u00e3o das obras est\u00e1 prevista pelos respons\u00e1veis para 2027, mas Lula pressiona para que a entrega ocorra ainda durante seu mandato, que vai at\u00e9 31 de dezembro de 2026.<\/p>\n<p>O post <a rel=\"nofollow noopener\" href=\"https:\/\/wscom.com.br\/lula-confirma-pac-3-com-investimentos-em-ferrovias-portos-e-aeroportos-e-lancamento-do-luz-para-todos-e-agua-para-todos\/\" target=\"_blank\">Lula confirma PAC 3 com investimentos em ferrovias, portos e aeroportos e lan\u00e7amento do &#8216;Luz Para Todos&#8217; e &#8216;\u00c1gua Para Todos&#8217;<\/a> apareceu primeiro em <a rel=\"nofollow noopener\" href=\"https:\/\/wscom.com.br\/\" target=\"_blank\">WSCOM<\/a>.<\/p>\n","protected":false},"excerpt":{"rendered":"<p>O presidente Luiz In\u00e1cio Lula da Silva (PT) voltou a afirmar, nesta segunda-feira (3), que a terceira edi\u00e7\u00e3o do Programa de Acelera\u00e7\u00e3o do Crescimento (o PAC, marca de suas gest\u00f5es anteriores) ser\u00e1 lan\u00e7ada pelo governo federal ainda em julho. O an\u00fancio foi feito durante cerim\u00f4nia de lan\u00e7amento das obras da Ferrovia de Integra\u00e7\u00e3o Oeste-Leste, em [\u2026]<\/p>\n<p>O post <a rel=\"nofollow\" href=\"https:\/\/wscom.com.br\/lula-confirma-pac-3-com-investimentos-em-ferrovias-portos-e-aeroportos-e-lancamento-do-luz-para-todos-e-agua-para-todos\/\">Lula confirma PAC 3 com investimentos em ferrovias, portos e aeroportos e lan\u00e7amento do \u2018Luz Para Todos\u2019 e \u2018\u00c1gua Para Todos\u2019<\/a> apareceu primeiro em <a rel=\"nofollow\" href=\"https:\/\/wscom.com.br\/\">WSCOM<\/a>.<\/p>\n","protected":false},"author":50,"featured_media":0,"comment_status":"closed","ping_status":"closed","sticky":false,"template":"","format":"standard","meta":{"advgb_blocks_editor_width":"","advgb_blocks_columns_visual_guide":"","footnotes":""},"categories":[34,187,110,343,47],"tags":[35],"class_list":["post-23851","post","type-post","status-publish","format-standard","hentry","category-g1","category-governo-federal","category-lula","category-pac","category-politica","tag-g1"],"author_meta":{"display_name":"Wallyson","author_link":"https:\/\/sindaopcpb.org.br\/author\/wallyson\/"},"featured_img":null,"coauthors":[],"tax_additional":{"categories":{"linked":["<a href=\"https:\/\/sindaopcpb.org.br\/g1\/\" class=\"advgb-post-tax-term\">G1<\/a>","<a href=\"https:\/\/sindaopcpb.org.br\/governo-federal\/\" class=\"advgb-post-tax-term\">Governo Federal<\/a>","<a href=\"https:\/\/sindaopcpb.org.br\/lula\/\" class=\"advgb-post-tax-term\">Lula<\/a>","<a href=\"https:\/\/sindaopcpb.org.br\/pac\/\" class=\"advgb-post-tax-term\">pac<\/a>","<a href=\"https:\/\/sindaopcpb.org.br\/politica\/\" class=\"advgb-post-tax-term\">POLITICA<\/a>"],"unlinked":["<span class=\"advgb-post-tax-term\">G1<\/span>","<span class=\"advgb-post-tax-term\">Governo Federal<\/span>","<span class=\"advgb-post-tax-term\">Lula<\/span>","<span class=\"advgb-post-tax-term\">pac<\/span>","<span class=\"advgb-post-tax-term\">POLITICA<\/span>"]},"tags":{"linked":["<a href=\"https:\/\/sindaopcpb.org.br\/politica\/\" class=\"advgb-post-tax-term\">g1<\/a>"],"unlinked":["<span class=\"advgb-post-tax-term\">g1<\/span>"]}},"comment_count":"0","relative_dates":{"created":"Publicado 3 anos atr\u00e1s","modified":"Atualizado 3 anos atr\u00e1s"},"absolute_dates":{"created":"Publicado em 3 de julho de 2023","modified":"Atualizado em 3 de julho de 2023"},"absolute_dates_time":{"created":"Publicado em 3 de julho de 2023 17:57","modified":"Atualizado em 3 de julho de 2023 17:57"},"featured_img_caption":"","series_order":"","_links":{"self":[{"href":"https:\/\/sindaopcpb.org.br\/index.php\/wp-json\/wp\/v2\/posts\/23851","targetHints":{"allow":["GET"]}}],"collection":[{"href":"https:\/\/sindaopcpb.org.br\/index.php\/wp-json\/wp\/v2\/posts"}],"about":[{"href":"https:\/\/sindaopcpb.org.br\/index.php\/wp-json\/wp\/v2\/types\/post"}],"author":[{"embeddable":true,"href":"https:\/\/sindaopcpb.org.br\/index.php\/wp-json\/wp\/v2\/users\/50"}],"replies":[{"embeddable":true,"href":"https:\/\/sindaopcpb.org.br\/index.php\/wp-json\/wp\/v2\/comments?post=23851"}],"version-history":[{"count":1,"href":"https:\/\/sindaopcpb.org.br\/index.php\/wp-json\/wp\/v2\/posts\/23851\/revisions"}],"predecessor-version":[{"id":23852,"href":"https:\/\/sindaopcpb.org.br\/index.php\/wp-json\/wp\/v2\/posts\/23851\/revisions\/23852"}],"wp:attachment":[{"href":"https:\/\/sindaopcpb.org.br\/index.php\/wp-json\/wp\/v2\/media?parent=23851"}],"wp:term":[{"taxonomy":"category","embeddable":true,"href":"https:\/\/sindaopcpb.org.br\/index.php\/wp-json\/wp\/v2\/categories?post=23851"},{"taxonomy":"post_tag","embeddable":true,"href":"https:\/\/sindaopcpb.org.br\/index.php\/wp-json\/wp\/v2\/tags?post=23851"}],"curies":[{"name":"wp","href":"https:\/\/api.w.org\/{rel}","templated":true}]}}