{"id":23845,"date":"2023-07-03T14:18:26","date_gmt":"2023-07-03T17:18:26","guid":{"rendered":"https:\/\/g1.globo.com\/pop-arte\/cinema\/noticia\/2023\/07\/03\/tais-araujo-vai-interpretar-nossa-senhora-em-o-auto-da-compadecida-2.ghtml"},"modified":"2023-07-03T14:18:26","modified_gmt":"2023-07-03T17:18:26","slug":"tais-araujo-vai-interpretar-nossa-senhora-em-o-auto-da-compadecida-2","status":"publish","type":"post","link":"https:\/\/sindaopcpb.org.br\/index.php\/2023\/07\/03\/tais-araujo-vai-interpretar-nossa-senhora-em-o-auto-da-compadecida-2\/","title":{"rendered":"Ta\u00eds Araujo vai interpretar Nossa Senhora em &#8216;O Auto da Compadecida 2&#8217;"},"content":{"rendered":"   <img src=\"https:\/\/s2.glbimg.com\/lP6XGA65OthXX80Bz1o7IH00hak=\/i.s3.glbimg.com\/v1\/AUTH_59edd422c0c84a879bd37670ae4f538a\/internal_photos\/bs\/2022\/q\/9\/cgMAysQ3W5OECUuA3x4w\/emmy-internacional-2022-tais-araujo.jpg\" \/><br \/>     Vers\u00e3o da santa foi interpretada por Fernanda Montenegro no primeiro filme, de 2000. Continua\u00e7\u00e3o dirigida por Guel Arraes e Fl\u00e1via Lacerda tem estreia prevista para 2024. Ta\u00eds Araujo fala sobre papel em 'O Auto da Compadecida 2'\nTa\u00eds Araujo vai interpretar uma nova vers\u00e3o de Nossa Senhora em \"O Auto da Compadecida 2\". No primeiro filme, de 2000, o papel ficou marcado pela atua\u00e7\u00e3o de Fernanda Montenegro.\nDe acordo com comunicado da produ\u00e7\u00e3o divulgado nesta segunda-feira (3), a atriz de 93 anos n\u00e3o pode repetir o trabalho por \"incompatibilidade de agenda\".\nA continua\u00e7\u00e3o, com estreia prevista para 2024, vai ser dirigida por Guel Arraes, diretor do primeiro, e Fl\u00e1via Lacerda. O elenco conta com o retorno de Matheus Nachtergaele, como Jo\u00e3o Grilo, e Selton Mello, como Chic\u00f3.\nTais Araujo chega ao Emmy Internacional 2022\nCharles Sykes\/Invision\/AP\n\"N\u00f3s falamos tanto que ningu\u00e9m \u00e9 insubstitu\u00edvel, mas Fernanda Montenegro \u00e9. Gra\u00e7as a Deus temos muitas 'Nossas Senhoras', e interpretar essa nova vers\u00e3o da Compadecida ser\u00e1 certamente uma celebra\u00e7\u00e3o a elas\", afirma Araujo em v\u00eddeo.\nO primeiro filme, lan\u00e7ado em 2000, foi o longa brasileiro mais assistido no pa\u00eds naquele ano. Antes, ele foi lan\u00e7ado na TV em formato de miniss\u00e9rie em 1999.\nFernanda Montenegro e Maur\u00edcio Gon\u00e7alves em 'O Auto da Compadecida', de 1999\nGlobo  ","protected":false},"excerpt":{"rendered":"<p>        Vers\u00e3o da santa foi interpretada por Fernanda Montenegro no primeiro filme, de 2000. Continua\u00e7\u00e3o dirigida por Guel Arraes e Fl\u00e1via Lacerda tem estreia prevista para 2024. Ta\u00eds Araujo fala sobre papel em &#8216;O Auto da Compadecida 2&#8217;<br \/>\nTa\u00eds Araujo vai&#8230;<\/p>\n","protected":false},"author":2,"featured_media":0,"comment_status":"closed","ping_status":"closed","sticky":false,"template":"","format":"standard","meta":{"advgb_blocks_editor_width":"","advgb_blocks_columns_visual_guide":"","footnotes":""},"categories":[34],"tags":[35],"class_list":["post-23845","post","type-post","status-publish","format-standard","hentry","category-g1","tag-g1"],"author_meta":{"display_name":"g1 &gt; Para\u00edba","author_link":"https:\/\/sindaopcpb.org.br\/author\/g1-paraiba\/"},"featured_img":null,"coauthors":[],"tax_additional":{"categories":{"linked":["<a href=\"https:\/\/sindaopcpb.org.br\/g1\/\" class=\"advgb-post-tax-term\">G1<\/a>"],"unlinked":["<span class=\"advgb-post-tax-term\">G1<\/span>"]},"tags":{"linked":["<a href=\"https:\/\/sindaopcpb.org.br\/g1\/\" class=\"advgb-post-tax-term\">g1<\/a>"],"unlinked":["<span class=\"advgb-post-tax-term\">g1<\/span>"]}},"comment_count":"0","relative_dates":{"created":"Publicado 3 anos atr\u00e1s","modified":"Atualizado 3 anos atr\u00e1s"},"absolute_dates":{"created":"Publicado em 3 de julho de 2023","modified":"Atualizado em 3 de julho de 2023"},"absolute_dates_time":{"created":"Publicado em 3 de julho de 2023 14:18","modified":"Atualizado em 3 de julho de 2023 14:18"},"featured_img_caption":"","series_order":"","_links":{"self":[{"href":"https:\/\/sindaopcpb.org.br\/index.php\/wp-json\/wp\/v2\/posts\/23845","targetHints":{"allow":["GET"]}}],"collection":[{"href":"https:\/\/sindaopcpb.org.br\/index.php\/wp-json\/wp\/v2\/posts"}],"about":[{"href":"https:\/\/sindaopcpb.org.br\/index.php\/wp-json\/wp\/v2\/types\/post"}],"author":[{"embeddable":true,"href":"https:\/\/sindaopcpb.org.br\/index.php\/wp-json\/wp\/v2\/users\/2"}],"replies":[{"embeddable":true,"href":"https:\/\/sindaopcpb.org.br\/index.php\/wp-json\/wp\/v2\/comments?post=23845"}],"version-history":[{"count":1,"href":"https:\/\/sindaopcpb.org.br\/index.php\/wp-json\/wp\/v2\/posts\/23845\/revisions"}],"predecessor-version":[{"id":23846,"href":"https:\/\/sindaopcpb.org.br\/index.php\/wp-json\/wp\/v2\/posts\/23845\/revisions\/23846"}],"wp:attachment":[{"href":"https:\/\/sindaopcpb.org.br\/index.php\/wp-json\/wp\/v2\/media?parent=23845"}],"wp:term":[{"taxonomy":"category","embeddable":true,"href":"https:\/\/sindaopcpb.org.br\/index.php\/wp-json\/wp\/v2\/categories?post=23845"},{"taxonomy":"post_tag","embeddable":true,"href":"https:\/\/sindaopcpb.org.br\/index.php\/wp-json\/wp\/v2\/tags?post=23845"}],"curies":[{"name":"wp","href":"https:\/\/api.w.org\/{rel}","templated":true}]}}