{"id":23837,"date":"2023-07-03T16:45:09","date_gmt":"2023-07-03T19:45:09","guid":{"rendered":"https:\/\/g1.globo.com\/pb\/paraiba\/noticia\/2023\/07\/03\/salao-do-artesanato-de-campina-ultrapassa-r-2-milhoes-em-vendas.ghtml"},"modified":"2023-07-03T16:45:09","modified_gmt":"2023-07-03T19:45:09","slug":"salao-do-artesanato-de-campina-ultrapassa-r-2-milhoes-em-vendas","status":"publish","type":"post","link":"https:\/\/sindaopcpb.org.br\/index.php\/2023\/07\/03\/salao-do-artesanato-de-campina-ultrapassa-r-2-milhoes-em-vendas\/","title":{"rendered":"Sal\u00e3o do Artesanato de Campina ultrapassa R$ 2 milh\u00f5es em vendas"},"content":{"rendered":"   <img src=\"https:\/\/s2.glbimg.com\/LUO8kFH0dQc3ubHUl-aOZCeMQqU=\/i.s3.glbimg.com\/v1\/AUTH_59edd422c0c84a879bd37670ae4f538a\/internal_photos\/bs\/2023\/U\/O\/hZ3DyrR8Of6zTAuAm5ig\/salao-do-artesanato.jpeg\" \/><br \/>     Cerca de 500 artes\u00e3os participaram do 36\u00b0 Sal\u00e3o do Artesanato Paraibano. Sal\u00e3o do Artesanato de Campina Grande registra mais de R$ 2 milh\u00f5es em vendas. \nReprodu\u00e7\u00e3o: Secom\/Governo da Para\u00edba\nO 36\u00b0 Sal\u00e3o do Artesanato Paraibano de Campina Grande registrou mais de R$ 2 milh\u00f5es em vendas e mais que dobrou a estimativa do Governo do Estado, que esperava um volume em torno de R$ 1 milh\u00e3o. O evento foi realizado de 8 de junho at\u00e9 esse domingo (2)\nNa edi\u00e7\u00e3o de 2022, tamb\u00e9m em Campina Grande, o Sal\u00e3o registrou ao fim do evento R$ 1.090.719,46 em vendas. \nDe acordo com avalia\u00e7\u00e3o do Governo da Para\u00edba, alguns dos fatores que contribu\u00edram para o sucesso foi a localiza\u00e7\u00e3o estrat\u00e9gica escolhida para o evento, na entrada de Campina Grande, e o plano de divulga\u00e7\u00e3o. Nesta edi\u00e7\u00e3o, o Sal\u00e3o homenageou a Feira Central do munic\u00edpio, com o tema \u201cTudo Vira Arte na Feira de Campina\". \nCerca de 500 artes\u00e3os participaram do 36\u00b0 Sal\u00e3o do Artesanato Paraibano, durante as festividades juninas, que levaram \u00e0 popula\u00e7\u00e3o da Para\u00edba e turistas a consumir produtos criativos e artesanais. O evento tamb\u00e9m contou com uma programa\u00e7\u00e3o cultural, que valorizou artistas da terra.\nV\u00eddeos mais assistidos do g1 Para\u00edba  ","protected":false},"excerpt":{"rendered":"<p>        Cerca de 500 artes\u00e3os participaram do 36\u00b0 Sal\u00e3o do Artesanato Paraibano. Sal\u00e3o do Artesanato de Campina Grande registra mais de R$ 2 milh\u00f5es em vendas.<br \/>\nReprodu\u00e7\u00e3o: Secom\/Governo da Para\u00edba<br \/>\nO 36\u00b0 Sal\u00e3o do Artesanato Paraibano de Campina Grande &#8230;<\/p>\n","protected":false},"author":2,"featured_media":0,"comment_status":"closed","ping_status":"closed","sticky":false,"template":"","format":"standard","meta":{"advgb_blocks_editor_width":"","advgb_blocks_columns_visual_guide":"","footnotes":""},"categories":[34],"tags":[35],"class_list":["post-23837","post","type-post","status-publish","format-standard","hentry","category-g1","tag-g1"],"author_meta":{"display_name":"g1 &gt; Para\u00edba","author_link":"https:\/\/sindaopcpb.org.br\/author\/g1-paraiba\/"},"featured_img":null,"coauthors":[],"tax_additional":{"categories":{"linked":["<a href=\"https:\/\/sindaopcpb.org.br\/g1\/\" class=\"advgb-post-tax-term\">G1<\/a>"],"unlinked":["<span class=\"advgb-post-tax-term\">G1<\/span>"]},"tags":{"linked":["<a href=\"https:\/\/sindaopcpb.org.br\/g1\/\" class=\"advgb-post-tax-term\">g1<\/a>"],"unlinked":["<span class=\"advgb-post-tax-term\">g1<\/span>"]}},"comment_count":"0","relative_dates":{"created":"Publicado 3 anos atr\u00e1s","modified":"Atualizado 3 anos atr\u00e1s"},"absolute_dates":{"created":"Publicado em 3 de julho de 2023","modified":"Atualizado em 3 de julho de 2023"},"absolute_dates_time":{"created":"Publicado em 3 de julho de 2023 16:45","modified":"Atualizado em 3 de julho de 2023 16:45"},"featured_img_caption":"","series_order":"","_links":{"self":[{"href":"https:\/\/sindaopcpb.org.br\/index.php\/wp-json\/wp\/v2\/posts\/23837","targetHints":{"allow":["GET"]}}],"collection":[{"href":"https:\/\/sindaopcpb.org.br\/index.php\/wp-json\/wp\/v2\/posts"}],"about":[{"href":"https:\/\/sindaopcpb.org.br\/index.php\/wp-json\/wp\/v2\/types\/post"}],"author":[{"embeddable":true,"href":"https:\/\/sindaopcpb.org.br\/index.php\/wp-json\/wp\/v2\/users\/2"}],"replies":[{"embeddable":true,"href":"https:\/\/sindaopcpb.org.br\/index.php\/wp-json\/wp\/v2\/comments?post=23837"}],"version-history":[{"count":1,"href":"https:\/\/sindaopcpb.org.br\/index.php\/wp-json\/wp\/v2\/posts\/23837\/revisions"}],"predecessor-version":[{"id":23838,"href":"https:\/\/sindaopcpb.org.br\/index.php\/wp-json\/wp\/v2\/posts\/23837\/revisions\/23838"}],"wp:attachment":[{"href":"https:\/\/sindaopcpb.org.br\/index.php\/wp-json\/wp\/v2\/media?parent=23837"}],"wp:term":[{"taxonomy":"category","embeddable":true,"href":"https:\/\/sindaopcpb.org.br\/index.php\/wp-json\/wp\/v2\/categories?post=23837"},{"taxonomy":"post_tag","embeddable":true,"href":"https:\/\/sindaopcpb.org.br\/index.php\/wp-json\/wp\/v2\/tags?post=23837"}],"curies":[{"name":"wp","href":"https:\/\/api.w.org\/{rel}","templated":true}]}}