{"id":23821,"date":"2023-07-03T14:50:00","date_gmt":"2023-07-03T17:50:00","guid":{"rendered":"https:\/\/www.infomoney.com.br\/?p=2177118"},"modified":"2023-07-03T14:50:00","modified_gmt":"2023-07-03T17:50:00","slug":"reforma-tributaria-sp-quer-voto-proporcional-a-populacao-dos-estados-no-conselho-federativo","status":"publish","type":"post","link":"https:\/\/sindaopcpb.org.br\/index.php\/2023\/07\/03\/reforma-tributaria-sp-quer-voto-proporcional-a-populacao-dos-estados-no-conselho-federativo\/","title":{"rendered":"Reforma Tribut\u00e1ria: SP quer voto proporcional \u00e0 popula\u00e7\u00e3o dos Estados no Conselho Federativo"},"content":{"rendered":"<p><img loading=\"lazy\" width=\"300\" height=\"197\" src=\"https:\/\/www.infomoney.com.br\/wp-content\/uploads\/2019\/06\/tarcisio-gomes-de-freitas-.jpg?fit=300%2C197&amp;quality=70&amp;strip=all\" class=\"attachment-medium size-medium wp-post-image\" alt=\"\" decoding=\"async\" style=\"float:right; margin:0 0 10px 10px;\" srcset=\"https:\/\/www.infomoney.com.br\/wp-content\/uploads\/2019\/06\/tarcisio-gomes-de-freitas-.jpg?w=900&amp;quality=70&amp;strip=all 900w, https:\/\/www.infomoney.com.br\/wp-content\/uploads\/2019\/06\/tarcisio-gomes-de-freitas-.jpg?w=300&amp;quality=70&amp;strip=all 300w, https:\/\/www.infomoney.com.br\/wp-content\/uploads\/2019\/06\/tarcisio-gomes-de-freitas-.jpg?w=768&amp;quality=70&amp;strip=all 768w, https:\/\/www.infomoney.com.br\/wp-content\/uploads\/2019\/06\/tarcisio-gomes-de-freitas-.jpg?w=150&amp;quality=70&amp;strip=all 150w\" sizes=\"auto, (max-width: 300px) 100vw, 300px\" data-attachment-id=\"54745\" data-permalink=\"https:\/\/www.infomoney.com.br\/?attachment_id=54745\" data-orig-file=\"https:\/\/www.infomoney.com.br\/wp-content\/uploads\/2019\/06\/tarcisio-gomes-de-freitas-.jpg?fit=900%2C590&amp;quality=70&amp;strip=all\" data-orig-size=\"900,590\" data-comments-opened=\"1\" data-image-meta=\"{&quot;aperture&quot;:&quot;0&quot;,&quot;credit&quot;:&quot;&quot;,&quot;camera&quot;:&quot;&quot;,&quot;caption&quot;:&quot;&quot;,&quot;created_timestamp&quot;:&quot;0&quot;,&quot;copyright&quot;:&quot;&quot;,&quot;focal_length&quot;:&quot;0&quot;,&quot;iso&quot;:&quot;0&quot;,&quot;shutter_speed&quot;:&quot;0&quot;,&quot;title&quot;:&quot;&quot;,&quot;orientation&quot;:&quot;0&quot;}\" data-image-title=\"tarcisio-gomes-de-freitas-\" data-image-description=\"\" data-image-caption=\"\" data-medium-file=\"https:\/\/www.infomoney.com.br\/wp-content\/uploads\/2019\/06\/tarcisio-gomes-de-freitas-.jpg?fit=300%2C197&amp;quality=70&amp;strip=all\" data-large-file=\"https:\/\/www.infomoney.com.br\/wp-content\/uploads\/2019\/06\/tarcisio-gomes-de-freitas-.jpg?fit=900%2C590&amp;quality=70&amp;strip=all\" title=\"\"><\/p>\n<p>O governador de S\u00e3o Paulo, Tarc\u00edsio de Freitas (Republicanos), prop\u00f4s que o peso de cada voto no Conselho Federativo da reforma tribut\u00e1ria seja proporcional \u00e0 popula\u00e7\u00e3o dos entes estaduais e municipais. A proposta foi apresentada na noite deste domingo (2), \u00e0 bancada federal paulista, em jantar no Pal\u00e1cio dos Bandeirantes, sede do governo estadual.<\/p>\n<p>A sugest\u00e3o do governador pode dar maior poder decis\u00f3rio ao Estado, que \u00e9 o mais populoso, nas delibera\u00e7\u00f5es do Conselho Federativo. S\u00e3o Paulo tem 44,4 milh\u00f5es de habitantes, o que equivale a 21,9% da popula\u00e7\u00e3o nacional, segundo dados do Censo 2022 do IBGE. A capital paulista tamb\u00e9m \u00e9 a cidade mais populosa do Pa\u00eds, com 11,45 milh\u00f5es de habitantes.<\/p>\n<p>Pelo parecer preliminar da reforma apresentado pelo relator, Aguinaldo Ribeiro (PP-PB), o Conselho Federativo ficaria respons\u00e1vel por gerir a arrecada\u00e7\u00e3o do IBS (imposto sobre consumo que ficaria a cargo dos Estados e munic\u00edpios). Tarc\u00edsio, contudo, reclamou do que considera uma concentra\u00e7\u00e3o de poder excessiva no \u00f3rg\u00e3o. Na avalia\u00e7\u00e3o do governador, a proposta tira autonomia dos Estados para definir a aplica\u00e7\u00e3o dos recursos recolhidos com a tributa\u00e7\u00e3o.<\/p>\n<p>Al\u00e9m de dar um peso maior a SP nas delibera\u00e7\u00f5es, o governador quer reduzir o poder do Conselho. A proposta \u00e9 que o imposto arrecadado seja direcionado ao Estado de origem da mercadoria, e que a partilha dos recursos para os Estados de destino do bem ou servi\u00e7o seja feita por meio de uma C\u00e2mara de Compensa\u00e7\u00e3o que trate de opera\u00e7\u00f5es interestaduais.<\/p>\n<p>&#8220;Controle direto do Estado sobre sua fonte de receita, com operacionaliza\u00e7\u00e3o mais simples do que o processo de centraliza\u00e7\u00e3o e partilha integral da receita&#8221;, diz a apresenta\u00e7\u00e3o feita no domingo pelo secret\u00e1rio de Fazenda de SP, Samuel Kinoshita. No material apresentado no jantar, o representante de Tarc\u00edsio diz que a proposta original de Aguinaldo pode atribuir ao Conselho poderes acima dos governadores.<\/p>\n<p>The post <a rel=\"nofollow noopener\" href=\"https:\/\/www.infomoney.com.br\/politica\/reforma-tributaria-sp-quer-voto-proporcional-a-populacao-dos-estados-no-conselho-federativo\/\" target=\"_blank\">Reforma Tribut\u00e1ria: SP quer voto proporcional \u00e0 popula\u00e7\u00e3o dos Estados no Conselho Federativo<\/a> appeared first on <a rel=\"nofollow noopener\" href=\"https:\/\/www.infomoney.com.br\/\" target=\"_blank\">InfoMoney<\/a>.<\/p>\n","protected":false},"excerpt":{"rendered":"<p><img loading=\"lazy\" decoding=\"async\" width=\"300\" height=\"197\" src=\"https:\/\/www.infomoney.com.br\/wp-content\/uploads\/2019\/06\/tarcisio-gomes-de-freitas-.jpg?fit=300%2C197&amp;quality=70&amp;strip=all\" class=\"attachment-medium size-medium wp-post-image\" alt=\"\" data-attachment-id=\"54745\" data-permalink=\"https:\/\/www.infomoney.com.br\/?attachment_id=54745\" data-orig-file=\"https:\/\/www.infomoney.com.br\/wp-content\/uploads\/2019\/06\/tarcisio-gomes-de-freitas-.jpg?fit=900%2C590&amp;quality=70&amp;strip=all\" data-orig-size=\"900,590\" data-comments-opened=\"1\" data-image-meta='{\"aperture\":\"0\",\"credit\":\"\",\"camera\":\"\",\"caption\":\"\",\"created_timestamp\":\"0\",\"copyright\":\"\",\"focal_length\":\"0\",\"iso\":\"0\",\"shutter_speed\":\"0\",\"title\":\"\",\"orientation\":\"0\"}' data-image-title=\"tarcisio-gomes-de-freitas-\" data-image-description=\"\" data-image-caption=\"\" data-medium-file=\"https:\/\/www.infomoney.com.br\/wp-content\/uploads\/2019\/06\/tarcisio-gomes-de-freitas-.jpg?fit=300%2C197&amp;quality=70&amp;strip=all\" data-large-file=\"https:\/\/www.infomoney.com.br\/wp-content\/uploads\/2019\/06\/tarcisio-gomes-de-freitas-.jpg?fit=900%2C590&amp;quality=70&amp;strip=all\">Proposta elaborada pelo governador Tarc\u00edsio de Freitas pode dar maior poder decis\u00f3rio ao Estado, que \u00e9 o mais populoso<\/p>\n<p>The post <a rel=\"nofollow\" href=\"https:\/\/www.infomoney.com.br\/politica\/reforma-tributaria-sp-quer-voto-proporcional-a-populacao-dos-estados-no-conselho-federativo\/\">Reforma Tribut\u00e1ria: SP quer voto proporcional \u00e0 popula\u00e7\u00e3o dos Estados no Conselho Federativo<\/a> appeared first on <a rel=\"nofollow\" href=\"https:\/\/www.infomoney.com.br\/\">InfoMoney<\/a>.<\/p>\n","protected":false},"author":43,"featured_media":0,"comment_status":"closed","ping_status":"closed","sticky":false,"template":"","format":"standard","meta":{"advgb_blocks_editor_width":"","advgb_blocks_columns_visual_guide":"","footnotes":""},"categories":[4293,34,556,47,191,424,367],"tags":[35],"class_list":["post-23821","post","type-post","status-publish","format-standard","hentry","category-estados","category-g1","category-impostos","category-politica","category-reforma-tributaria","category-sao-paulo","category-tarcisio-de-freitas","tag-g1"],"author_meta":{"display_name":"Estad\u00e3o Conte\u00fado","author_link":"https:\/\/sindaopcpb.org.br\/author\/estadao-conteudo\/"},"featured_img":null,"coauthors":[],"tax_additional":{"categories":{"linked":["<a href=\"https:\/\/sindaopcpb.org.br\/estados\/\" class=\"advgb-post-tax-term\">Estados<\/a>","<a href=\"https:\/\/sindaopcpb.org.br\/g1\/\" class=\"advgb-post-tax-term\">G1<\/a>","<a href=\"https:\/\/sindaopcpb.org.br\/impostos\/\" class=\"advgb-post-tax-term\">Impostos<\/a>","<a href=\"https:\/\/sindaopcpb.org.br\/politica\/\" class=\"advgb-post-tax-term\">POLITICA<\/a>","<a href=\"https:\/\/sindaopcpb.org.br\/reforma-tributaria\/\" class=\"advgb-post-tax-term\">reforma tribut\u00e1ria<\/a>","<a href=\"https:\/\/sindaopcpb.org.br\/sao-paulo\/\" class=\"advgb-post-tax-term\">S\u00e3o Paulo<\/a>","<a href=\"https:\/\/sindaopcpb.org.br\/tarcisio-de-freitas\/\" class=\"advgb-post-tax-term\">Tarc\u00edsio de Freitas<\/a>"],"unlinked":["<span class=\"advgb-post-tax-term\">Estados<\/span>","<span class=\"advgb-post-tax-term\">G1<\/span>","<span class=\"advgb-post-tax-term\">Impostos<\/span>","<span class=\"advgb-post-tax-term\">POLITICA<\/span>","<span class=\"advgb-post-tax-term\">reforma tribut\u00e1ria<\/span>","<span class=\"advgb-post-tax-term\">S\u00e3o Paulo<\/span>","<span class=\"advgb-post-tax-term\">Tarc\u00edsio de Freitas<\/span>"]},"tags":{"linked":["<a href=\"https:\/\/sindaopcpb.org.br\/tarcisio-de-freitas\/\" class=\"advgb-post-tax-term\">g1<\/a>"],"unlinked":["<span class=\"advgb-post-tax-term\">g1<\/span>"]}},"comment_count":"0","relative_dates":{"created":"Publicado 3 anos atr\u00e1s","modified":"Atualizado 3 anos atr\u00e1s"},"absolute_dates":{"created":"Publicado em 3 de julho de 2023","modified":"Atualizado em 3 de julho de 2023"},"absolute_dates_time":{"created":"Publicado em 3 de julho de 2023 14:50","modified":"Atualizado em 3 de julho de 2023 14:50"},"featured_img_caption":"","series_order":"","_links":{"self":[{"href":"https:\/\/sindaopcpb.org.br\/index.php\/wp-json\/wp\/v2\/posts\/23821","targetHints":{"allow":["GET"]}}],"collection":[{"href":"https:\/\/sindaopcpb.org.br\/index.php\/wp-json\/wp\/v2\/posts"}],"about":[{"href":"https:\/\/sindaopcpb.org.br\/index.php\/wp-json\/wp\/v2\/types\/post"}],"author":[{"embeddable":true,"href":"https:\/\/sindaopcpb.org.br\/index.php\/wp-json\/wp\/v2\/users\/43"}],"replies":[{"embeddable":true,"href":"https:\/\/sindaopcpb.org.br\/index.php\/wp-json\/wp\/v2\/comments?post=23821"}],"version-history":[{"count":1,"href":"https:\/\/sindaopcpb.org.br\/index.php\/wp-json\/wp\/v2\/posts\/23821\/revisions"}],"predecessor-version":[{"id":23822,"href":"https:\/\/sindaopcpb.org.br\/index.php\/wp-json\/wp\/v2\/posts\/23821\/revisions\/23822"}],"wp:attachment":[{"href":"https:\/\/sindaopcpb.org.br\/index.php\/wp-json\/wp\/v2\/media?parent=23821"}],"wp:term":[{"taxonomy":"category","embeddable":true,"href":"https:\/\/sindaopcpb.org.br\/index.php\/wp-json\/wp\/v2\/categories?post=23821"},{"taxonomy":"post_tag","embeddable":true,"href":"https:\/\/sindaopcpb.org.br\/index.php\/wp-json\/wp\/v2\/tags?post=23821"}],"curies":[{"name":"wp","href":"https:\/\/api.w.org\/{rel}","templated":true}]}}