{"id":23819,"date":"2023-07-03T14:54:00","date_gmt":"2023-07-03T17:54:00","guid":{"rendered":"https:\/\/www.infomoney.com.br\/?p=2177102"},"modified":"2023-07-03T14:54:00","modified_gmt":"2023-07-03T17:54:00","slug":"guilherme-mello-estamos-revisando-cenario-e-crescimento-do-pib-em-2023-ficara-entre-25-e-3","status":"publish","type":"post","link":"https:\/\/sindaopcpb.org.br\/index.php\/2023\/07\/03\/guilherme-mello-estamos-revisando-cenario-e-crescimento-do-pib-em-2023-ficara-entre-25-e-3\/","title":{"rendered":"Guilherme Mello: estamos revisando cen\u00e1rio e crescimento do PIB em 2023, ficar\u00e1 entre 2,5% e 3%"},"content":{"rendered":"<p><img loading=\"lazy\" width=\"300\" height=\"200\" src=\"https:\/\/www.infomoney.com.br\/wp-content\/uploads\/2023\/05\/52687581875_e146b1acd1_c.jpg?fit=300%2C200&amp;quality=70&amp;strip=all\" class=\"attachment-medium size-medium wp-post-image\" alt=\"\" decoding=\"async\" style=\"float:right; margin:0 0 10px 10px;\" srcset=\"https:\/\/www.infomoney.com.br\/wp-content\/uploads\/2023\/05\/52687581875_e146b1acd1_c.jpg?w=799&amp;quality=70&amp;strip=all 799w, https:\/\/www.infomoney.com.br\/wp-content\/uploads\/2023\/05\/52687581875_e146b1acd1_c.jpg?w=300&amp;quality=70&amp;strip=all 300w, https:\/\/www.infomoney.com.br\/wp-content\/uploads\/2023\/05\/52687581875_e146b1acd1_c.jpg?w=768&amp;quality=70&amp;strip=all 768w, https:\/\/www.infomoney.com.br\/wp-content\/uploads\/2023\/05\/52687581875_e146b1acd1_c.jpg?w=150&amp;quality=70&amp;strip=all 150w\" sizes=\"auto, (max-width: 300px) 100vw, 300px\" data-attachment-id=\"2145329\" data-permalink=\"https:\/\/www.infomoney.com.br\/politica\/mercado-ainda-nao-incorporou-conjunto-de-medidas-do-governo-para-o-crescimento-diz-guilherme-mello\/attachment\/52687581875_e146b1acd1_c\/\" data-orig-file=\"https:\/\/www.infomoney.com.br\/wp-content\/uploads\/2023\/05\/52687581875_e146b1acd1_c.jpg?fit=799%2C533&amp;quality=70&amp;strip=all\" data-orig-size=\"799,533\" data-comments-opened=\"0\" data-image-meta=\"{&quot;aperture&quot;:&quot;0&quot;,&quot;credit&quot;:&quot;Washington Costa&quot;,&quot;camera&quot;:&quot;&quot;,&quot;caption&quot;:&quot;&quot;,&quot;created_timestamp&quot;:&quot;0&quot;,&quot;copyright&quot;:&quot;Ministerio da Fazenda&quot;,&quot;focal_length&quot;:&quot;0&quot;,&quot;iso&quot;:&quot;0&quot;,&quot;shutter_speed&quot;:&quot;0&quot;,&quot;title&quot;:&quot;&quot;,&quot;orientation&quot;:&quot;0&quot;}\" data-image-title=\"Guilherme Mello\" data-image-description=\"\" data-image-caption=\"&lt;p&gt;O secret\u00e1rio de Pol\u00edtica Econ\u00f4mica do Minist\u00e9rio da Fazenda, Guilherme Mello (Foto: Washington Costa\/MF)&lt;\/p&gt;\n\" data-medium-file=\"https:\/\/www.infomoney.com.br\/wp-content\/uploads\/2023\/05\/52687581875_e146b1acd1_c.jpg?fit=300%2C200&amp;quality=70&amp;strip=all\" data-large-file=\"https:\/\/www.infomoney.com.br\/wp-content\/uploads\/2023\/05\/52687581875_e146b1acd1_c.jpg?fit=799%2C533&amp;quality=70&amp;strip=all\" title=\"\"><\/p>\n<p>O secret\u00e1rio de Pol\u00edtica Econ\u00f4mica do Minist\u00e9rio da Fazenda, Guilherme Mello, disse nesta segunda-feira, 3, que a pasta est\u00e1 revisando os cen\u00e1rios de crescimento e estima que o PIB avan\u00e7ar\u00e1 entre 2,5% e 3% em 2023. Ele representou o ministro da Fazenda, Fernando Haddad, na reuni\u00e3o de instala\u00e7\u00e3o da Comiss\u00e3o Tem\u00e1tica de Assuntos Econ\u00f4micos do Conselh\u00e3o.<\/p>\n<p>&#8220;Nossa previs\u00e3o inicial era de 2%, enquanto mercado esperava menos de 1%. Mas este cen\u00e1rio ser\u00e1 revisado para cima. Estamos mais pr\u00f3ximos da realidade de crescimento de 2,5% a 3% esse ano&#8221;, afirmou.<\/p>\n<p>O Boletim Focus divulgado hoje voltou a mostrar aumento na proje\u00e7\u00e3o de crescimento econ\u00f4mico para este ano, mas, desta vez, marginal. A mediana para a alta do PIB em 2023 subiu de 2,18% para 2,19%, contra 1,68% h\u00e1 um m\u00eas.<\/p>\n<p>Mello trabalha com a revis\u00e3o das expectativas no Focus. Aos conselheiros, o secret\u00e1rio afirmou que o cen\u00e1rio econ\u00f4mico melhorou, com infla\u00e7\u00e3o em queda e juros longos reduzindo e taxa de c\u00e2mbio pr\u00f3xima do equil\u00edbrio, o que aponta para retomada dos investimentos.<\/p>\n<p>O secret\u00e1rio disse que essa melhoria no cen\u00e1rio \u00e9 importante para a harmoniza\u00e7\u00e3o da pol\u00edtica macroecon\u00f4mica. &#8220;Estamos fazendo um trabalho muito duro no fiscal&#8221;, disse, citando a\u00e7\u00f5es de reconstru\u00e7\u00e3o da base fiscal, o novo arcabou\u00e7o e mudan\u00e7as microecon\u00f4micas, como o marco das garantias.<\/p>\n<p>Na avalia\u00e7\u00e3o de Mello, essas a\u00e7\u00f5es, em conjunto com a mudan\u00e7a no sistema de meta de infla\u00e7\u00e3o, de ano-calend\u00e1rio para cont\u00ednua, informado pelo Conselho Monet\u00e1rio Nacional (CMN) na semana passada, ajudar\u00e3o a harmonizar as pol\u00edticas fiscal e monet\u00e1ria, o que refletir\u00e1 na taxa de juros.<\/p>\n<p>Ele ainda comentou sobre outras a\u00e7\u00f5es que vir\u00e3o, como o novo plano de investimentos p\u00fablico e privado, a ser lan\u00e7ado, e o plano de neoindustrializa\u00e7\u00e3o.<\/p>\n<p>The post <a rel=\"nofollow noopener\" href=\"https:\/\/www.infomoney.com.br\/politica\/guilherme-mello-estamos-revisando-cenario-e-crescimento-do-pib-em-2023-ficara-entre-25-e-3\/\" target=\"_blank\">Guilherme Mello: estamos revisando cen\u00e1rio e crescimento do PIB em 2023, ficar\u00e1 entre 2,5% e 3%<\/a> appeared first on <a rel=\"nofollow noopener\" href=\"https:\/\/www.infomoney.com.br\/\" target=\"_blank\">InfoMoney<\/a>.<\/p>\n","protected":false},"excerpt":{"rendered":"<p><img loading=\"lazy\" decoding=\"async\" width=\"300\" height=\"200\" src=\"https:\/\/www.infomoney.com.br\/wp-content\/uploads\/2023\/05\/52687581875_e146b1acd1_c.jpg?fit=300%2C200&amp;quality=70&amp;strip=all\" class=\"attachment-medium size-medium wp-post-image\" alt=\"\" data-attachment-id=\"2145329\" data-permalink=\"https:\/\/www.infomoney.com.br\/politica\/mercado-ainda-nao-incorporou-conjunto-de-medidas-do-governo-para-o-crescimento-diz-guilherme-mello\/attachment\/52687581875_e146b1acd1_c\/\" data-orig-file=\"https:\/\/www.infomoney.com.br\/wp-content\/uploads\/2023\/05\/52687581875_e146b1acd1_c.jpg?fit=799%2C533&amp;quality=70&amp;strip=all\" data-orig-size=\"799,533\" data-comments-opened=\"0\" data-image-meta='{\"aperture\":\"0\",\"credit\":\"Washington Costa\",\"camera\":\"\",\"caption\":\"\",\"created_timestamp\":\"0\",\"copyright\":\"Ministerio da Fazenda\",\"focal_length\":\"0\",\"iso\":\"0\",\"shutter_speed\":\"0\",\"title\":\"\",\"orientation\":\"0\"}' data-image-title=\"Guilherme Mello\" data-image-description=\"\" data-image-caption=\"&lt;p&gt;O secret\u00e1rio de Pol\u00edtica Econ\u00f4mica do Minist\u00e9rio da Fazenda, Guilherme Mello (Foto: Washington Costa\/MF)&lt;\/p&gt;\n\" data-medium-file=\"https:\/\/www.infomoney.com.br\/wp-content\/uploads\/2023\/05\/52687581875_e146b1acd1_c.jpg?fit=300%2C200&amp;quality=70&amp;strip=all\" data-large-file=\"https:\/\/www.infomoney.com.br\/wp-content\/uploads\/2023\/05\/52687581875_e146b1acd1_c.jpg?fit=799%2C533&amp;quality=70&amp;strip=all\">Secret\u00e1rio afirmou que infla\u00e7\u00e3o em queda, juros longos reduzindo e taxa de c\u00e2mbio pr\u00f3xima do equil\u00edbrio apontam para a retomada de investimentos<\/p>\n<p>The post <a rel=\"nofollow\" href=\"https:\/\/www.infomoney.com.br\/politica\/guilherme-mello-estamos-revisando-cenario-e-crescimento-do-pib-em-2023-ficara-entre-25-e-3\/\">Guilherme Mello: estamos revisando cen\u00e1rio e crescimento do PIB em 2023, ficar\u00e1 entre 2,5% e 3%<\/a> appeared first on <a rel=\"nofollow\" href=\"https:\/\/www.infomoney.com.br\/\">InfoMoney<\/a>.<\/p>\n","protected":false},"author":43,"featured_media":0,"comment_status":"closed","ping_status":"closed","sticky":false,"template":"","format":"standard","meta":{"advgb_blocks_editor_width":"","advgb_blocks_columns_visual_guide":"","footnotes":""},"categories":[3050,34,280,130,1909,47],"tags":[35],"class_list":["post-23819","post","type-post","status-publish","format-standard","hentry","category-crescimento","category-g1","category-guilherme-mello","category-ministerio-da-fazenda","category-pib","category-politica","tag-g1"],"author_meta":{"display_name":"Estad\u00e3o Conte\u00fado","author_link":"https:\/\/sindaopcpb.org.br\/author\/estadao-conteudo\/"},"featured_img":null,"coauthors":[],"tax_additional":{"categories":{"linked":["<a href=\"https:\/\/sindaopcpb.org.br\/crescimento\/\" class=\"advgb-post-tax-term\">crescimento<\/a>","<a href=\"https:\/\/sindaopcpb.org.br\/g1\/\" class=\"advgb-post-tax-term\">G1<\/a>","<a href=\"https:\/\/sindaopcpb.org.br\/guilherme-mello\/\" class=\"advgb-post-tax-term\">Guilherme Mello<\/a>","<a href=\"https:\/\/sindaopcpb.org.br\/ministerio-da-fazenda\/\" class=\"advgb-post-tax-term\">Minist\u00e9rio da Fazenda<\/a>","<a href=\"https:\/\/sindaopcpb.org.br\/pib\/\" class=\"advgb-post-tax-term\">PIB<\/a>","<a href=\"https:\/\/sindaopcpb.org.br\/politica\/\" class=\"advgb-post-tax-term\">POLITICA<\/a>"],"unlinked":["<span class=\"advgb-post-tax-term\">crescimento<\/span>","<span class=\"advgb-post-tax-term\">G1<\/span>","<span class=\"advgb-post-tax-term\">Guilherme Mello<\/span>","<span class=\"advgb-post-tax-term\">Minist\u00e9rio da Fazenda<\/span>","<span class=\"advgb-post-tax-term\">PIB<\/span>","<span class=\"advgb-post-tax-term\">POLITICA<\/span>"]},"tags":{"linked":["<a href=\"https:\/\/sindaopcpb.org.br\/politica\/\" class=\"advgb-post-tax-term\">g1<\/a>"],"unlinked":["<span class=\"advgb-post-tax-term\">g1<\/span>"]}},"comment_count":"0","relative_dates":{"created":"Publicado 3 anos atr\u00e1s","modified":"Atualizado 3 anos atr\u00e1s"},"absolute_dates":{"created":"Publicado em 3 de julho de 2023","modified":"Atualizado em 3 de julho de 2023"},"absolute_dates_time":{"created":"Publicado em 3 de julho de 2023 14:54","modified":"Atualizado em 3 de julho de 2023 14:54"},"featured_img_caption":"","series_order":"","_links":{"self":[{"href":"https:\/\/sindaopcpb.org.br\/index.php\/wp-json\/wp\/v2\/posts\/23819","targetHints":{"allow":["GET"]}}],"collection":[{"href":"https:\/\/sindaopcpb.org.br\/index.php\/wp-json\/wp\/v2\/posts"}],"about":[{"href":"https:\/\/sindaopcpb.org.br\/index.php\/wp-json\/wp\/v2\/types\/post"}],"author":[{"embeddable":true,"href":"https:\/\/sindaopcpb.org.br\/index.php\/wp-json\/wp\/v2\/users\/43"}],"replies":[{"embeddable":true,"href":"https:\/\/sindaopcpb.org.br\/index.php\/wp-json\/wp\/v2\/comments?post=23819"}],"version-history":[{"count":1,"href":"https:\/\/sindaopcpb.org.br\/index.php\/wp-json\/wp\/v2\/posts\/23819\/revisions"}],"predecessor-version":[{"id":23820,"href":"https:\/\/sindaopcpb.org.br\/index.php\/wp-json\/wp\/v2\/posts\/23819\/revisions\/23820"}],"wp:attachment":[{"href":"https:\/\/sindaopcpb.org.br\/index.php\/wp-json\/wp\/v2\/media?parent=23819"}],"wp:term":[{"taxonomy":"category","embeddable":true,"href":"https:\/\/sindaopcpb.org.br\/index.php\/wp-json\/wp\/v2\/categories?post=23819"},{"taxonomy":"post_tag","embeddable":true,"href":"https:\/\/sindaopcpb.org.br\/index.php\/wp-json\/wp\/v2\/tags?post=23819"}],"curies":[{"name":"wp","href":"https:\/\/api.w.org\/{rel}","templated":true}]}}