{"id":23797,"date":"2023-07-03T13:15:26","date_gmt":"2023-07-03T16:15:26","guid":{"rendered":"https:\/\/www.infomoney.com.br\/?p=2177127"},"modified":"2023-07-03T13:15:26","modified_gmt":"2023-07-03T16:15:26","slug":"lula-anuncia-pac-iii-em-julho-com-foco-em-investimentos-em-ferrovias-portos-e-aeroportos","status":"publish","type":"post","link":"https:\/\/sindaopcpb.org.br\/index.php\/2023\/07\/03\/lula-anuncia-pac-iii-em-julho-com-foco-em-investimentos-em-ferrovias-portos-e-aeroportos\/","title":{"rendered":"Lula anuncia PAC III em julho, com foco em investimentos em ferrovias, portos e aeroportos"},"content":{"rendered":"<p><img loading=\"lazy\" width=\"300\" height=\"225\" src=\"https:\/\/www.infomoney.com.br\/wp-content\/uploads\/2023\/03\/mais_medicos-23.jpg?fit=300%2C225&amp;quality=70&amp;strip=all\" class=\"attachment-medium size-medium wp-post-image\" alt=\"\" decoding=\"async\" style=\"float:right; margin:0 0 10px 10px;\" srcset=\"https:\/\/www.infomoney.com.br\/wp-content\/uploads\/2023\/03\/mais_medicos-23.jpg?w=1024&amp;quality=70&amp;strip=all 1024w, https:\/\/www.infomoney.com.br\/wp-content\/uploads\/2023\/03\/mais_medicos-23.jpg?w=300&amp;quality=70&amp;strip=all 300w, https:\/\/www.infomoney.com.br\/wp-content\/uploads\/2023\/03\/mais_medicos-23.jpg?w=768&amp;quality=70&amp;strip=all 768w, https:\/\/www.infomoney.com.br\/wp-content\/uploads\/2023\/03\/mais_medicos-23.jpg?w=150&amp;quality=70&amp;strip=all 150w\" sizes=\"auto, (max-width: 300px) 100vw, 300px\" data-attachment-id=\"2086818\" data-permalink=\"https:\/\/www.infomoney.com.br\/mais_medicos-23\/\" data-orig-file=\"https:\/\/www.infomoney.com.br\/wp-content\/uploads\/2023\/03\/mais_medicos-23.jpg?fit=1024%2C768&amp;quality=70&amp;strip=all\" data-orig-size=\"1024,768\" data-comments-opened=\"0\" data-image-meta=\"{&quot;aperture&quot;:&quot;4.5&quot;,&quot;credit&quot;:&quot;Lula Marques\\\/ Ag\\u00eancia Brasil&quot;,&quot;camera&quot;:&quot;Canon EOS-1D X&quot;,&quot;caption&quot;:&quot;Bras\\u00edlia (DF) 20\\\/03\\\/2023 Presidente da Rep\\u00fablica, Luiz In\\u00e1cio Lula da Silva, e a ministra da Sa\\u00fade, N\\u00edsia Trindade, durante solenidade que anunciou a retomada do programa Mais M\\u00e9dicos para o Brasil.&quot;,&quot;created_timestamp&quot;:&quot;1679316540&quot;,&quot;copyright&quot;:&quot;Ag\\u00eancia Brasil\\\/EBC&quot;,&quot;focal_length&quot;:&quot;300&quot;,&quot;iso&quot;:&quot;2500&quot;,&quot;shutter_speed&quot;:&quot;0.005&quot;,&quot;title&quot;:&quot;&quot;,&quot;orientation&quot;:&quot;0&quot;}\" data-image-title=\"mais_medicos-23\" data-image-description=\"\" data-image-caption=\"&lt;p&gt;Bras\u00edlia (DF) 20\/03\/2023 Presidente da Rep\u00fablica, Luiz In\u00e1cio Lula da Silva, e a ministra da Sa\u00fade, N\u00edsia Trindade, durante solenidade que anunciou a retomada do programa Mais M\u00e9dicos para o Brasil.&lt;\/p&gt;\n\" data-medium-file=\"https:\/\/www.infomoney.com.br\/wp-content\/uploads\/2023\/03\/mais_medicos-23.jpg?fit=300%2C225&amp;quality=70&amp;strip=all\" data-large-file=\"https:\/\/www.infomoney.com.br\/wp-content\/uploads\/2023\/03\/mais_medicos-23.jpg?fit=1024%2C768&amp;quality=70&amp;strip=all\" title=\"\"><\/p>\n<p>O presidente <strong>Luiz In\u00e1cio Lula da Silva (PT)<\/strong> voltou a afirmar, nesta segunda-feira (3), que a terceira edi\u00e7\u00e3o do Programa de Acelera\u00e7\u00e3o do Crescimento (o PAC, marca de suas gest\u00f5es anteriores) ser\u00e1 lan\u00e7ada pelo governo federal ainda em julho.<\/p>\n<p>O an\u00fancio foi feito durante cerim\u00f4nia de lan\u00e7amento das obras da Ferrovia de Integra\u00e7\u00e3o Oeste-Leste, em Ilh\u00e9us (BA). Em seu discurso, Lula disse que, al\u00e9m do novo programa de desenvolvimento e infraestrutura, ser\u00e3o lan\u00e7ados os programas \u00c1gua Para Todos e Luz Para Todos, mas n\u00e3o indicou datas para cada a\u00e7\u00e3o.<\/p>\n<p>Segundo o mandat\u00e1rio, o novo PAC vai abranger principalmente obras de infraestrutura, como investimentos em ferrovias, portos e aeroportos, al\u00e9m de unidades habitacionais contempladas pelo Minha Casa, Minha Vida.<\/p>\n<p>&#8220;N\u00f3s vamos agora, em julho, lan\u00e7ar um programa de desenvolvimento outra vez. Vai ser PAC n\u00ba 3. Em que a gente vai discutir ferrovias, portos, aeroportos. O Minha Casa Minha Vida vai voltar com 2 milh\u00f5es de casas para a gente construir. A gente vai voltar com o \u00c1gua para Todos, o Luz Para Todos&#8221;, disse.<\/p>\n<p>No discurso, Lula reafirmou o compromisso do governo com o crescimento econ\u00f4mico e disse \u00e0 plateia formada por empres\u00e1rios e aliados pol\u00edticos que, se o pa\u00eds tivesse mantido o ritmo de desenvolvimento alcan\u00e7ado em suas gest\u00f5es anteriores, atualmente ocuparia o posto de 4\u00aa economia global.<\/p>\n<p>O presidente, que voltou a disparar cr\u00edticas \u00e0 gest\u00e3o de seu antecessor, Jair Bolsonaro (PL), defendeu que, para atrair investidores e retomar o desenvolvimento, o pa\u00eds precisa de estabilidade, credibilidade e previsibilidade no cen\u00e1rio pol\u00edtico e econ\u00f4mico \u2012 trip\u00e9 citado com frequ\u00eancia por ele durante a campanha eleitoral de 2022.<\/p>\n<p>Ao citar a necessidade de haver seguran\u00e7a jur\u00eddica para recuperar a credibilidade junto aos empres\u00e1rios, Lula disse que \u00e9 preciso &#8220;colocar no papel e cumprir para que ningu\u00e9m seja pego de surpresa&#8221;.<\/p>\n<p>O mandat\u00e1rio tamb\u00e9m defendeu em sua fala que o pa\u00eds volte a gerar empregos e produzir itens que passou a importar ao longo dos \u00faltimos anos, citando o exemplo de trilhos para a constru\u00e7\u00e3o de ferrovias.<\/p>\n<p>&#8220;\u00c9 uma vergonha um pa\u00eds do tamanho do Brasil, que quer ter uma malha ferrovi\u00e1ria para facilitar o transporte da riqueza, ter que importar trilho de outro pa\u00eds, com a quantidade de min\u00e9rio de ferro que temos e a quantidade de sider\u00fargicas que temos&#8221;, criticou.<\/p>\n<p>&#8220;\u00c9 de interesse da soberania nacional a gente fazer essa ferrovia e outras no pa\u00eds, para que a gente possa ter esse pa\u00eds competitivo com qualquer outro pa\u00eds do mundo. O Brasil ser\u00e1 do tamanho que a gente quiser que ele seja&#8221;, pontuou.<\/p>\n<p>Planejada para melhorar o escoamento da produ\u00e7\u00e3o de min\u00e9rio de ferro e de gr\u00e3os, a Ferrovia Oeste-Leste conta com mais de 1,5 mil quil\u00f4metros de extens\u00e3o e ir\u00e1 ligar o estado da Bahia ao Tocantins. A conclus\u00e3o das obras est\u00e1 prevista pelos respons\u00e1veis para 2027, mas Lula pressiona para que a entrega ocorra ainda durante seu mandato, que vai at\u00e9 31 de dezembro de 2026.<\/p>\n<p>The post <a rel=\"nofollow noopener\" href=\"https:\/\/www.infomoney.com.br\/politica\/lula-anuncia-pac-iii-em-julho-com-foco-em-investimentos-em-ferrovias-portos-e-aeroportos\/\" target=\"_blank\">Lula anuncia PAC III em julho, com foco em investimentos em ferrovias, portos e aeroportos<\/a> appeared first on <a rel=\"nofollow noopener\" href=\"https:\/\/www.infomoney.com.br\/\" target=\"_blank\">InfoMoney<\/a>.<\/p>\n","protected":false},"excerpt":{"rendered":"<p><img loading=\"lazy\" decoding=\"async\" width=\"300\" height=\"225\" src=\"https:\/\/www.infomoney.com.br\/wp-content\/uploads\/2023\/03\/mais_medicos-23.jpg?fit=300%2C225&amp;quality=70&amp;strip=all\" class=\"attachment-medium size-medium wp-post-image\" alt=\"\" data-attachment-id=\"2086818\" data-permalink=\"https:\/\/www.infomoney.com.br\/mais_medicos-23\/\" data-orig-file=\"https:\/\/www.infomoney.com.br\/wp-content\/uploads\/2023\/03\/mais_medicos-23.jpg?fit=1024%2C768&amp;quality=70&amp;strip=all\" data-orig-size=\"1024,768\" data-comments-opened=\"0\" data-image-meta='{\"aperture\":\"4.5\",\"credit\":\"Lula Marques\\\/ Ag\\u00eancia Brasil\",\"camera\":\"Canon EOS-1D X\",\"caption\":\"Bras\\u00edlia (DF) 20\\\/03\\\/2023 Presidente da Rep\\u00fablica, Luiz In\\u00e1cio Lula da Silva, e a ministra da Sa\\u00fade, N\\u00edsia Trindade, durante solenidade que anunciou a retomada do programa Mais M\\u00e9dicos para o Brasil.\",\"created_timestamp\":\"1679316540\",\"copyright\":\"Ag\\u00eancia Brasil\\\/EBC\",\"focal_length\":\"300\",\"iso\":\"2500\",\"shutter_speed\":\"0.005\",\"title\":\"\",\"orientation\":\"0\"}' data-image-title=\"mais_medicos-23\" data-image-description=\"\" data-image-caption=\"&lt;p&gt;Bras\u00edlia (DF) 20\/03\/2023 Presidente da Rep\u00fablica, Luiz In\u00e1cio Lula da Silva, e a ministra da Sa\u00fade, N\u00edsia Trindade, durante solenidade que anunciou a retomada do programa Mais M\u00e9dicos para o Brasil.&lt;\/p&gt;\n\" data-medium-file=\"https:\/\/www.infomoney.com.br\/wp-content\/uploads\/2023\/03\/mais_medicos-23.jpg?fit=300%2C225&amp;quality=70&amp;strip=all\" data-large-file=\"https:\/\/www.infomoney.com.br\/wp-content\/uploads\/2023\/03\/mais_medicos-23.jpg?fit=1024%2C768&amp;quality=70&amp;strip=all\">\u00c0 plateia de pol\u00edticos e empres\u00e1rios, na Bahia, presidente defendeu estabilidade, credibilidade e previsibilidade no cen\u00e1rio pol\u00edtico e econ\u00f4mico<\/p>\n<p>The post <a rel=\"nofollow\" href=\"https:\/\/www.infomoney.com.br\/politica\/lula-anuncia-pac-iii-em-julho-com-foco-em-investimentos-em-ferrovias-portos-e-aeroportos\/\">Lula anuncia PAC III em julho, com foco em investimentos em ferrovias, portos e aeroportos<\/a> appeared first on <a rel=\"nofollow\" href=\"https:\/\/www.infomoney.com.br\/\">InfoMoney<\/a>.<\/p>\n","protected":false},"author":47,"featured_media":0,"comment_status":"closed","ping_status":"closed","sticky":false,"template":"","format":"standard","meta":{"advgb_blocks_editor_width":"","advgb_blocks_columns_visual_guide":"","footnotes":""},"categories":[34,341,5737,129,47,5738],"tags":[35],"class_list":["post-23797","post","type-post","status-publish","format-standard","hentry","category-g1","category-infraestrutura","category-logistica","category-luiz-inacio-lula-da-silva","category-politica","category-programa-de-aceleracao-do-crescimento","tag-g1"],"author_meta":{"display_name":"luispereira","author_link":"https:\/\/sindaopcpb.org.br\/author\/luispereira\/"},"featured_img":null,"coauthors":[],"tax_additional":{"categories":{"linked":["<a href=\"https:\/\/sindaopcpb.org.br\/g1\/\" class=\"advgb-post-tax-term\">G1<\/a>","<a href=\"https:\/\/sindaopcpb.org.br\/infraestrutura\/\" class=\"advgb-post-tax-term\">infraestrutura<\/a>","<a href=\"https:\/\/sindaopcpb.org.br\/logistica\/\" class=\"advgb-post-tax-term\">Log\u00edstica<\/a>","<a href=\"https:\/\/sindaopcpb.org.br\/luiz-inacio-lula-da-silva\/\" class=\"advgb-post-tax-term\">Luiz In\u00e1cio Lula da Silva<\/a>","<a href=\"https:\/\/sindaopcpb.org.br\/politica\/\" class=\"advgb-post-tax-term\">POLITICA<\/a>","<a href=\"https:\/\/sindaopcpb.org.br\/programa-de-aceleracao-do-crescimento\/\" class=\"advgb-post-tax-term\">Programa de Acelera\u00e7\u00e3o do Crescimento<\/a>"],"unlinked":["<span class=\"advgb-post-tax-term\">G1<\/span>","<span class=\"advgb-post-tax-term\">infraestrutura<\/span>","<span class=\"advgb-post-tax-term\">Log\u00edstica<\/span>","<span class=\"advgb-post-tax-term\">Luiz In\u00e1cio Lula da Silva<\/span>","<span class=\"advgb-post-tax-term\">POLITICA<\/span>","<span class=\"advgb-post-tax-term\">Programa de Acelera\u00e7\u00e3o do Crescimento<\/span>"]},"tags":{"linked":["<a href=\"https:\/\/sindaopcpb.org.br\/programa-de-aceleracao-do-crescimento\/\" class=\"advgb-post-tax-term\">g1<\/a>"],"unlinked":["<span class=\"advgb-post-tax-term\">g1<\/span>"]}},"comment_count":"0","relative_dates":{"created":"Publicado 3 anos atr\u00e1s","modified":"Atualizado 3 anos atr\u00e1s"},"absolute_dates":{"created":"Publicado em 3 de julho de 2023","modified":"Atualizado em 3 de julho de 2023"},"absolute_dates_time":{"created":"Publicado em 3 de julho de 2023 13:15","modified":"Atualizado em 3 de julho de 2023 13:15"},"featured_img_caption":"","series_order":"","_links":{"self":[{"href":"https:\/\/sindaopcpb.org.br\/index.php\/wp-json\/wp\/v2\/posts\/23797","targetHints":{"allow":["GET"]}}],"collection":[{"href":"https:\/\/sindaopcpb.org.br\/index.php\/wp-json\/wp\/v2\/posts"}],"about":[{"href":"https:\/\/sindaopcpb.org.br\/index.php\/wp-json\/wp\/v2\/types\/post"}],"author":[{"embeddable":true,"href":"https:\/\/sindaopcpb.org.br\/index.php\/wp-json\/wp\/v2\/users\/47"}],"replies":[{"embeddable":true,"href":"https:\/\/sindaopcpb.org.br\/index.php\/wp-json\/wp\/v2\/comments?post=23797"}],"version-history":[{"count":1,"href":"https:\/\/sindaopcpb.org.br\/index.php\/wp-json\/wp\/v2\/posts\/23797\/revisions"}],"predecessor-version":[{"id":23798,"href":"https:\/\/sindaopcpb.org.br\/index.php\/wp-json\/wp\/v2\/posts\/23797\/revisions\/23798"}],"wp:attachment":[{"href":"https:\/\/sindaopcpb.org.br\/index.php\/wp-json\/wp\/v2\/media?parent=23797"}],"wp:term":[{"taxonomy":"category","embeddable":true,"href":"https:\/\/sindaopcpb.org.br\/index.php\/wp-json\/wp\/v2\/categories?post=23797"},{"taxonomy":"post_tag","embeddable":true,"href":"https:\/\/sindaopcpb.org.br\/index.php\/wp-json\/wp\/v2\/tags?post=23797"}],"curies":[{"name":"wp","href":"https:\/\/api.w.org\/{rel}","templated":true}]}}