{"id":23775,"date":"2023-07-03T10:57:06","date_gmt":"2023-07-03T13:57:06","guid":{"rendered":"https:\/\/www.infomoney.com.br\/?p=2176949"},"modified":"2023-07-03T10:57:06","modified_gmt":"2023-07-03T13:57:06","slug":"secretarios-de-fazenda-dos-estados-reivindicam-alteracoes-na-reforma-tributaria","status":"publish","type":"post","link":"https:\/\/sindaopcpb.org.br\/index.php\/2023\/07\/03\/secretarios-de-fazenda-dos-estados-reivindicam-alteracoes-na-reforma-tributaria\/","title":{"rendered":"Secret\u00e1rios de Fazenda dos estados reivindicam altera\u00e7\u00f5es na reforma tribut\u00e1ria"},"content":{"rendered":"<p><img loading=\"lazy\" width=\"300\" height=\"199\" src=\"https:\/\/www.infomoney.com.br\/wp-content\/uploads\/2019\/06\/congresso-.jpg?fit=300%2C199&amp;quality=70&amp;strip=all\" class=\"attachment-medium size-medium wp-post-image\" alt=\"\" decoding=\"async\" style=\"float:right; margin:0 0 10px 10px;\" srcset=\"https:\/\/www.infomoney.com.br\/wp-content\/uploads\/2019\/06\/congresso-.jpg?w=754&amp;quality=70&amp;strip=all 754w, https:\/\/www.infomoney.com.br\/wp-content\/uploads\/2019\/06\/congresso-.jpg?w=300&amp;quality=70&amp;strip=all 300w, https:\/\/www.infomoney.com.br\/wp-content\/uploads\/2019\/06\/congresso-.jpg?w=150&amp;quality=70&amp;strip=all 150w\" sizes=\"auto, (max-width: 300px) 100vw, 300px\" data-attachment-id=\"55150\" data-permalink=\"https:\/\/www.infomoney.com.br\/congresso-2\/\" data-orig-file=\"https:\/\/www.infomoney.com.br\/wp-content\/uploads\/2019\/06\/congresso-.jpg?fit=754%2C500&amp;quality=70&amp;strip=all\" data-orig-size=\"754,500\" data-comments-opened=\"1\" data-image-meta=\"{&quot;aperture&quot;:&quot;0&quot;,&quot;credit&quot;:&quot;&quot;,&quot;camera&quot;:&quot;&quot;,&quot;caption&quot;:&quot;&quot;,&quot;created_timestamp&quot;:&quot;0&quot;,&quot;copyright&quot;:&quot;&quot;,&quot;focal_length&quot;:&quot;0&quot;,&quot;iso&quot;:&quot;0&quot;,&quot;shutter_speed&quot;:&quot;0&quot;,&quot;title&quot;:&quot;&quot;,&quot;orientation&quot;:&quot;0&quot;}\" data-image-title=\"congresso-\" data-image-description=\"\" data-image-caption=\"\" data-medium-file=\"https:\/\/www.infomoney.com.br\/wp-content\/uploads\/2019\/06\/congresso-.jpg?fit=300%2C199&amp;quality=70&amp;strip=all\" data-large-file=\"https:\/\/www.infomoney.com.br\/wp-content\/uploads\/2019\/06\/congresso-.jpg?fit=754%2C500&amp;quality=70&amp;strip=all\" title=\"\"><\/p>\n<p>Em reuni\u00e3o, na quinta-feira (29), com o relator da reforma tribut\u00e1ria, deputado Aguinaldo Ribeiro (PP-PB), os secret\u00e1rios de Fazenda dos estados fizeram v\u00e1rias reivindica\u00e7\u00f5es. Entre elas, o aumento dos repasses da Uni\u00e3o para o novo Fundo de Desenvolvimento Regional, dos atuais R$ 40 bilh\u00f5es anuais para R$ 75 bilh\u00f5es. O fundo pretende compensar os estados pelo fim da guerra fiscal.<\/p>\n<p>A guerra era travada com a redu\u00e7\u00e3o das al\u00edquotas de ICMS para atrair f\u00e1bricas. Como o ICMS ser\u00e1 extinto, o relator prop\u00f4s este fundo e mais um outro, tamb\u00e9m com recursos da Uni\u00e3o, para garantir os benef\u00edcios j\u00e1 concedidos at\u00e9 2032. Este segundo fundo teria recursos de R$ 160 bilh\u00f5es no total, mas o presidente do Comit\u00ea Nacional de Secret\u00e1rios Estaduais de Fazenda (Comsefaz), Carlos Eduardo Xavier, do Rio Grande do Norte, disse na reuni\u00e3o que o total \u00e9 insuficiente.<\/p>\n<h2><strong>Distribui\u00e7\u00e3o<\/strong><\/h2>\n<p>Ainda sobre o Fundo de Desenvolvimento Regional, os secret\u00e1rios pedem uma defini\u00e7\u00e3o sobre a distribui\u00e7\u00e3o dos recursos. Embora alguns estados sejam contr\u00e1rios, a sugest\u00e3o foi a de que os estados mais pobres recebam mais.<\/p>\n<p>\u201cFoi uma delibera\u00e7\u00e3o quase que un\u00e2nime que esse crit\u00e9rio de divis\u00e3o do fundo n\u00e3o seja delegado para uma lei complementar e esteja no texto constitucional, para dar seguran\u00e7a aos estados, mesmo com essa diverg\u00eancia\u201d, disse Xavier.<\/p>\n<p>De acordo com ele, a configura\u00e7\u00e3o dos fundos deve mudar porque os secret\u00e1rios tamb\u00e9m querem come\u00e7ar a transi\u00e7\u00e3o para os novos tributos junto com a Uni\u00e3o. A proposta do relator era que a Uni\u00e3o come\u00e7asse primeiro a testar a Contribui\u00e7\u00e3o sobre Bens e Servi\u00e7os (CBS) com uma al\u00edquota simb\u00f3lica, substituindo PIS e Cofins. J\u00e1 o Imposto sobre Bens e Servi\u00e7os, gerido por estados e munic\u00edpios, vai substituir ICMS e ISS.<\/p>\n<p>Xavier tamb\u00e9m falou em uma transi\u00e7\u00e3o da distribui\u00e7\u00e3o da arrecada\u00e7\u00e3o menor, de 26 anos, em vez dos 50 propostos por Aguinaldo Ribeiro. Essa transi\u00e7\u00e3o \u00e9 para evitar perdas bruscas de receitas com a cobran\u00e7a dos novos tributos no local de consumo e n\u00e3o no de produ\u00e7\u00e3o. Uma esp\u00e9cie de seguro, pago por todos, se encarregaria de redistribuir o dinheiro.<\/p>\n<p>Na reuni\u00e3o, os estados solicitaram a gest\u00e3o do novo Imposto Seletivo, que deve substituir principalmente o IPI. Ele deve ser usado para sobretaxar produtos nocivos \u00e0 sa\u00fade e ao meio ambiente. O deputado Aguinaldo Ribeiro disse que manteve no texto a distribui\u00e7\u00e3o de 60% do seletivo para estados e munic\u00edpios, como acontece hoje com o IPI, e acredita que a Uni\u00e3o n\u00e3o deve aceitar uma mudan\u00e7a.<\/p>\n<h2><strong>Vota\u00e7\u00e3o<\/strong><\/h2>\n<p>O presidente do Comsefaz, Carlos Eduardo Xavier, explicou que existem diverg\u00eancias sobre todas as propostas discutidas com o relator e que elas foram tiradas por maioria. Uma das principais diverg\u00eancias \u00e9 sobre a arrecada\u00e7\u00e3o centralizada dos tributos. O governador de Goi\u00e1s, Ronaldo Caiado, j\u00e1 disse que isso seria uma perda de autonomia para os estados.<\/p>\n<p>Segundo Aguinaldo Ribeiro, governadores, prefeitos e Uni\u00e3o t\u00eam que ser ouvidos novamente; por\u00e9m, o presidente da C\u00e2mara, Arthur Lira, n\u00e3o pretende adiar a vota\u00e7\u00e3o, prevista para a semana que vem.<\/p>\n<p>\u201cNotadamente, n\u00f3s vamos, nas pr\u00f3ximas horas, intensificar as conversas para definir calend\u00e1rio, todos estes pontos. Temos reuni\u00e3o com a Fazenda. Vamos cumprir aquilo que nos foi dado como calend\u00e1rio.\u201d<\/p>\n<p>The post <a rel=\"nofollow noopener\" href=\"https:\/\/www.infomoney.com.br\/politica\/secretarios-de-fazenda-dos-estados-reivindicam-alteracoes-na-reforma-tributaria\/\" target=\"_blank\">Secret\u00e1rios de Fazenda dos estados reivindicam altera\u00e7\u00f5es na reforma tribut\u00e1ria<\/a> appeared first on <a rel=\"nofollow noopener\" href=\"https:\/\/www.infomoney.com.br\/\" target=\"_blank\">InfoMoney<\/a>.<\/p>\n","protected":false},"excerpt":{"rendered":"<p><img loading=\"lazy\" decoding=\"async\" width=\"300\" height=\"199\" src=\"https:\/\/www.infomoney.com.br\/wp-content\/uploads\/2019\/06\/congresso-.jpg?fit=300%2C199&amp;quality=70&amp;strip=all\" class=\"attachment-medium size-medium wp-post-image\" alt=\"\" data-attachment-id=\"55150\" data-permalink=\"https:\/\/www.infomoney.com.br\/congresso-2\/\" data-orig-file=\"https:\/\/www.infomoney.com.br\/wp-content\/uploads\/2019\/06\/congresso-.jpg?fit=754%2C500&amp;quality=70&amp;strip=all\" data-orig-size=\"754,500\" data-comments-opened=\"1\" data-image-meta='{\"aperture\":\"0\",\"credit\":\"\",\"camera\":\"\",\"caption\":\"\",\"created_timestamp\":\"0\",\"copyright\":\"\",\"focal_length\":\"0\",\"iso\":\"0\",\"shutter_speed\":\"0\",\"title\":\"\",\"orientation\":\"0\"}' data-image-title=\"congresso-\" data-image-description=\"\" data-image-caption=\"\" data-medium-file=\"https:\/\/www.infomoney.com.br\/wp-content\/uploads\/2019\/06\/congresso-.jpg?fit=300%2C199&amp;quality=70&amp;strip=all\" data-large-file=\"https:\/\/www.infomoney.com.br\/wp-content\/uploads\/2019\/06\/congresso-.jpg?fit=754%2C500&amp;quality=70&amp;strip=all\">Sobre o Fundo de Desenvolvimento Regional, os secret\u00e1rios pedem uma defini\u00e7\u00e3o sobre a distribui\u00e7\u00e3o dos recursos<\/p>\n<p>The post <a rel=\"nofollow\" href=\"https:\/\/www.infomoney.com.br\/politica\/secretarios-de-fazenda-dos-estados-reivindicam-alteracoes-na-reforma-tributaria\/\">Secret\u00e1rios de Fazenda dos estados reivindicam altera\u00e7\u00f5es na reforma tribut\u00e1ria<\/a> appeared first on <a rel=\"nofollow\" href=\"https:\/\/www.infomoney.com.br\/\">InfoMoney<\/a>.<\/p>\n","protected":false},"author":47,"featured_media":0,"comment_status":"closed","ping_status":"closed","sticky":false,"template":"","format":"standard","meta":{"advgb_blocks_editor_width":"","advgb_blocks_columns_visual_guide":"","footnotes":""},"categories":[276,4293,34,128,47,191],"tags":[35],"class_list":["post-23775","post","type-post","status-publish","format-standard","hentry","category-camara-dos-deputados","category-estados","category-g1","category-icms","category-politica","category-reforma-tributaria","tag-g1"],"author_meta":{"display_name":"luispereira","author_link":"https:\/\/sindaopcpb.org.br\/author\/luispereira\/"},"featured_img":null,"coauthors":[],"tax_additional":{"categories":{"linked":["<a href=\"https:\/\/sindaopcpb.org.br\/camara-dos-deputados\/\" class=\"advgb-post-tax-term\">C\u00e2mara dos Deputados<\/a>","<a href=\"https:\/\/sindaopcpb.org.br\/estados\/\" class=\"advgb-post-tax-term\">Estados<\/a>","<a href=\"https:\/\/sindaopcpb.org.br\/g1\/\" class=\"advgb-post-tax-term\">G1<\/a>","<a href=\"https:\/\/sindaopcpb.org.br\/icms\/\" class=\"advgb-post-tax-term\">ICMS<\/a>","<a href=\"https:\/\/sindaopcpb.org.br\/politica\/\" class=\"advgb-post-tax-term\">POLITICA<\/a>","<a href=\"https:\/\/sindaopcpb.org.br\/reforma-tributaria\/\" class=\"advgb-post-tax-term\">reforma tribut\u00e1ria<\/a>"],"unlinked":["<span class=\"advgb-post-tax-term\">C\u00e2mara dos Deputados<\/span>","<span class=\"advgb-post-tax-term\">Estados<\/span>","<span class=\"advgb-post-tax-term\">G1<\/span>","<span class=\"advgb-post-tax-term\">ICMS<\/span>","<span class=\"advgb-post-tax-term\">POLITICA<\/span>","<span class=\"advgb-post-tax-term\">reforma tribut\u00e1ria<\/span>"]},"tags":{"linked":["<a href=\"https:\/\/sindaopcpb.org.br\/reforma-tributaria\/\" class=\"advgb-post-tax-term\">g1<\/a>"],"unlinked":["<span class=\"advgb-post-tax-term\">g1<\/span>"]}},"comment_count":"0","relative_dates":{"created":"Publicado 3 anos atr\u00e1s","modified":"Atualizado 3 anos atr\u00e1s"},"absolute_dates":{"created":"Publicado em 3 de julho de 2023","modified":"Atualizado em 3 de julho de 2023"},"absolute_dates_time":{"created":"Publicado em 3 de julho de 2023 10:57","modified":"Atualizado em 3 de julho de 2023 10:57"},"featured_img_caption":"","series_order":"","_links":{"self":[{"href":"https:\/\/sindaopcpb.org.br\/index.php\/wp-json\/wp\/v2\/posts\/23775","targetHints":{"allow":["GET"]}}],"collection":[{"href":"https:\/\/sindaopcpb.org.br\/index.php\/wp-json\/wp\/v2\/posts"}],"about":[{"href":"https:\/\/sindaopcpb.org.br\/index.php\/wp-json\/wp\/v2\/types\/post"}],"author":[{"embeddable":true,"href":"https:\/\/sindaopcpb.org.br\/index.php\/wp-json\/wp\/v2\/users\/47"}],"replies":[{"embeddable":true,"href":"https:\/\/sindaopcpb.org.br\/index.php\/wp-json\/wp\/v2\/comments?post=23775"}],"version-history":[{"count":1,"href":"https:\/\/sindaopcpb.org.br\/index.php\/wp-json\/wp\/v2\/posts\/23775\/revisions"}],"predecessor-version":[{"id":23776,"href":"https:\/\/sindaopcpb.org.br\/index.php\/wp-json\/wp\/v2\/posts\/23775\/revisions\/23776"}],"wp:attachment":[{"href":"https:\/\/sindaopcpb.org.br\/index.php\/wp-json\/wp\/v2\/media?parent=23775"}],"wp:term":[{"taxonomy":"category","embeddable":true,"href":"https:\/\/sindaopcpb.org.br\/index.php\/wp-json\/wp\/v2\/categories?post=23775"},{"taxonomy":"post_tag","embeddable":true,"href":"https:\/\/sindaopcpb.org.br\/index.php\/wp-json\/wp\/v2\/tags?post=23775"}],"curies":[{"name":"wp","href":"https:\/\/api.w.org\/{rel}","templated":true}]}}