{"id":23741,"date":"2023-07-03T10:07:00","date_gmt":"2023-07-03T13:07:00","guid":{"rendered":"https:\/\/www.infomoney.com.br\/?p=2176623"},"modified":"2023-07-03T10:07:00","modified_gmt":"2023-07-03T13:07:00","slug":"vamos-ser-honestos-nao-precisa-de-mais-tempo-diz-baleia-rossi-sobre-reforma-tributaria","status":"publish","type":"post","link":"https:\/\/sindaopcpb.org.br\/index.php\/2023\/07\/03\/vamos-ser-honestos-nao-precisa-de-mais-tempo-diz-baleia-rossi-sobre-reforma-tributaria\/","title":{"rendered":"\u2018Vamos ser honestos, n\u00e3o precisa de mais tempo\u2019, diz Baleia Rossi sobre reforma tribut\u00e1ria"},"content":{"rendered":"<p><img loading=\"lazy\" width=\"300\" height=\"200\" src=\"https:\/\/www.infomoney.com.br\/wp-content\/uploads\/2019\/06\/baleia-rossi.jpg?fit=300%2C200&amp;quality=70&amp;strip=all\" class=\"attachment-medium size-medium wp-post-image\" alt=\"\" decoding=\"async\" style=\"float:right; margin:0 0 10px 10px;\" srcset=\"https:\/\/www.infomoney.com.br\/wp-content\/uploads\/2019\/06\/baleia-rossi.jpg?w=900&amp;quality=70&amp;strip=all 900w, https:\/\/www.infomoney.com.br\/wp-content\/uploads\/2019\/06\/baleia-rossi.jpg?w=300&amp;quality=70&amp;strip=all 300w, https:\/\/www.infomoney.com.br\/wp-content\/uploads\/2019\/06\/baleia-rossi.jpg?w=768&amp;quality=70&amp;strip=all 768w, https:\/\/www.infomoney.com.br\/wp-content\/uploads\/2019\/06\/baleia-rossi.jpg?w=150&amp;quality=70&amp;strip=all 150w\" sizes=\"auto, (max-width: 300px) 100vw, 300px\" data-attachment-id=\"51672\" data-permalink=\"https:\/\/www.infomoney.com.br\/baleia-rossi\/\" data-orig-file=\"https:\/\/www.infomoney.com.br\/wp-content\/uploads\/2019\/06\/baleia-rossi.jpg?fit=900%2C600&amp;quality=70&amp;strip=all\" data-orig-size=\"900,600\" data-comments-opened=\"1\" data-image-meta=\"{&quot;aperture&quot;:&quot;0&quot;,&quot;credit&quot;:&quot;&quot;,&quot;camera&quot;:&quot;&quot;,&quot;caption&quot;:&quot;&quot;,&quot;created_timestamp&quot;:&quot;0&quot;,&quot;copyright&quot;:&quot;&quot;,&quot;focal_length&quot;:&quot;0&quot;,&quot;iso&quot;:&quot;0&quot;,&quot;shutter_speed&quot;:&quot;0&quot;,&quot;title&quot;:&quot;&quot;,&quot;orientation&quot;:&quot;0&quot;}\" data-image-title=\"baleia-rossi\" data-image-description=\"\" data-image-caption=\"\" data-medium-file=\"https:\/\/www.infomoney.com.br\/wp-content\/uploads\/2019\/06\/baleia-rossi.jpg?fit=300%2C200&amp;quality=70&amp;strip=all\" data-large-file=\"https:\/\/www.infomoney.com.br\/wp-content\/uploads\/2019\/06\/baleia-rossi.jpg?fit=900%2C600&amp;quality=70&amp;strip=all\" title=\"\"><\/p>\n<p>Presidente do MDB, partido que tem 43 deputados na C\u00e2mara, Baleia Rossi (MDB-SP) avalia que o cen\u00e1rio pol\u00edtico \u00e9 prop\u00edcio para a vota\u00e7\u00e3o da reforma tribut\u00e1ria nos pr\u00f3ximos dias, apesar da resist\u00eancia de alguns governadores e de setores econ\u00f4micos que desejam adi\u00e1-la para agosto.<\/p>\n<p>&#8220;Vamos ser honestos, n\u00e3o precisa de mais de tempo. N\u00e3o s\u00e3o mais 15 dias que v\u00e3o resolver a quest\u00e3o&#8221;, afirmou, ressaltando como principal argumento o empenho do presidente da C\u00e2mara, Arthur Lira (PP-AL), em levar o tema a plen\u00e1rio. A seguir, trechos da entrevista ao <b>Estad\u00e3o<\/b>.<\/p>\n<p><strong>Arthur Lira avalia que esta ser\u00e1 uma semana decisiva para a reforma tribut\u00e1ria. Como o sr avalia o cen\u00e1rio pol\u00edtico?<\/strong><\/p>\n<p>Acho que n\u00f3s temos condi\u00e7\u00f5es de votar nesta semana. Esse empenho do Arthur (Lira) \u00e9 fundamental para que a gente tenha condi\u00e7\u00f5es inclusive de conseguir os 308 votos (qu\u00f3rum necess\u00e1rio para a aprova\u00e7\u00e3o de uma emenda constitucional). Ele compreendeu que essa reforma tribut\u00e1ria vai dar condi\u00e7\u00f5es de o Brasil recuperar a economia.<\/p>\n<p><b>O senhor n\u00e3o v\u00ea possibilidade de a vota\u00e7\u00e3o ficar para agosto?<\/b><\/p>\n<p>Confesso que eu achava que poderia colocar, vai, para a primeira quinzena de agosto. Mas eu tenho visto o Arthur (Lira) muito firme. E vamos ser honestos, n\u00e3o precisa de mais tempo. Ou a gente vota a reforma ou n\u00e3o vai votar a reforma. N\u00e3o s\u00e3o mais 15 dias que v\u00e3o resolver a quest\u00e3o.<\/p>\n<p><b>Governadores como Ronaldo Caiado (Uni\u00e3o-GO) e Tarc\u00edsio de Freitas (PL-SP), t\u00eam feito cr\u00edticas \u00e0 reforma. O senhor acredita que isso pode parar a vota\u00e7\u00e3o?<\/b><\/p>\n<p>Eu acho que n\u00f3s temos que dialogar com os governadores, poderemos atender a algumas sugest\u00f5es. Eu mesmo estou conversando com o Tarc\u00edsio.<\/p>\n<p><b>O senhor v\u00ea resist\u00eancia na bancada do agroneg\u00f3cio?<\/b><\/p>\n<p>Ao contr\u00e1rio, n\u00f3s fizemos um entendimento. Eu sou de uma regi\u00e3o agro (Ribeir\u00e3o Preto-SP) e por isso tamb\u00e9m tenho envolvimento com essa causa. Os avan\u00e7os que foram feitos pelo Aguinaldo (Ribeiro, relator da reforma tribut\u00e1ria) foram atendimentos \u00e0 bancada.<\/p>\n<p>The post <a rel=\"nofollow noopener\" href=\"https:\/\/www.infomoney.com.br\/politica\/vamos-ser-honestos-nao-precisa-de-mais-tempo-diz-baleia-rossi-sobre-reforma-tributaria\/\" target=\"_blank\">&#8216;Vamos ser honestos, n\u00e3o precisa de mais tempo&#8217;, diz Baleia Rossi sobre reforma tribut\u00e1ria<\/a> appeared first on <a rel=\"nofollow noopener\" href=\"https:\/\/www.infomoney.com.br\/\" target=\"_blank\">InfoMoney<\/a>.<\/p>\n","protected":false},"excerpt":{"rendered":"<p><img loading=\"lazy\" decoding=\"async\" width=\"300\" height=\"200\" src=\"https:\/\/www.infomoney.com.br\/wp-content\/uploads\/2019\/06\/baleia-rossi.jpg?fit=300%2C200&amp;quality=70&amp;strip=all\" class=\"attachment-medium size-medium wp-post-image\" alt=\"\" data-attachment-id=\"51672\" data-permalink=\"https:\/\/www.infomoney.com.br\/baleia-rossi\/\" data-orig-file=\"https:\/\/www.infomoney.com.br\/wp-content\/uploads\/2019\/06\/baleia-rossi.jpg?fit=900%2C600&amp;quality=70&amp;strip=all\" data-orig-size=\"900,600\" data-comments-opened=\"1\" data-image-meta='{\"aperture\":\"0\",\"credit\":\"\",\"camera\":\"\",\"caption\":\"\",\"created_timestamp\":\"0\",\"copyright\":\"\",\"focal_length\":\"0\",\"iso\":\"0\",\"shutter_speed\":\"0\",\"title\":\"\",\"orientation\":\"0\"}' data-image-title=\"baleia-rossi\" data-image-description=\"\" data-image-caption=\"\" data-medium-file=\"https:\/\/www.infomoney.com.br\/wp-content\/uploads\/2019\/06\/baleia-rossi.jpg?fit=300%2C200&amp;quality=70&amp;strip=all\" data-large-file=\"https:\/\/www.infomoney.com.br\/wp-content\/uploads\/2019\/06\/baleia-rossi.jpg?fit=900%2C600&amp;quality=70&amp;strip=all\">Presidente do MDB defende di\u00e1logo com governadores e diz que houve avan\u00e7os na interlocu\u00e7\u00e3o com o agroneg\u00f3cio<\/p>\n<p>The post <a rel=\"nofollow\" href=\"https:\/\/www.infomoney.com.br\/politica\/vamos-ser-honestos-nao-precisa-de-mais-tempo-diz-baleia-rossi-sobre-reforma-tributaria\/\">\u2018Vamos ser honestos, n\u00e3o precisa de mais tempo\u2019, diz Baleia Rossi sobre reforma tribut\u00e1ria<\/a> appeared first on <a rel=\"nofollow\" href=\"https:\/\/www.infomoney.com.br\/\">InfoMoney<\/a>.<\/p>\n","protected":false},"author":43,"featured_media":0,"comment_status":"closed","ping_status":"closed","sticky":false,"template":"","format":"standard","meta":{"advgb_blocks_editor_width":"","advgb_blocks_columns_visual_guide":"","footnotes":""},"categories":[5708,276,34,556,47,191],"tags":[35],"class_list":["post-23741","post","type-post","status-publish","format-standard","hentry","category-baleia-rossi","category-camara-dos-deputados","category-g1","category-impostos","category-politica","category-reforma-tributaria","tag-g1"],"author_meta":{"display_name":"Estad\u00e3o Conte\u00fado","author_link":"https:\/\/sindaopcpb.org.br\/author\/estadao-conteudo\/"},"featured_img":null,"coauthors":[],"tax_additional":{"categories":{"linked":["<a href=\"https:\/\/sindaopcpb.org.br\/baleia-rossi\/\" class=\"advgb-post-tax-term\">Baleia Rossi<\/a>","<a href=\"https:\/\/sindaopcpb.org.br\/camara-dos-deputados\/\" class=\"advgb-post-tax-term\">C\u00e2mara dos Deputados<\/a>","<a href=\"https:\/\/sindaopcpb.org.br\/g1\/\" class=\"advgb-post-tax-term\">G1<\/a>","<a href=\"https:\/\/sindaopcpb.org.br\/impostos\/\" class=\"advgb-post-tax-term\">Impostos<\/a>","<a href=\"https:\/\/sindaopcpb.org.br\/politica\/\" class=\"advgb-post-tax-term\">POLITICA<\/a>","<a href=\"https:\/\/sindaopcpb.org.br\/reforma-tributaria\/\" class=\"advgb-post-tax-term\">reforma tribut\u00e1ria<\/a>"],"unlinked":["<span class=\"advgb-post-tax-term\">Baleia Rossi<\/span>","<span class=\"advgb-post-tax-term\">C\u00e2mara dos Deputados<\/span>","<span class=\"advgb-post-tax-term\">G1<\/span>","<span class=\"advgb-post-tax-term\">Impostos<\/span>","<span class=\"advgb-post-tax-term\">POLITICA<\/span>","<span class=\"advgb-post-tax-term\">reforma tribut\u00e1ria<\/span>"]},"tags":{"linked":["<a href=\"https:\/\/sindaopcpb.org.br\/reforma-tributaria\/\" class=\"advgb-post-tax-term\">g1<\/a>"],"unlinked":["<span class=\"advgb-post-tax-term\">g1<\/span>"]}},"comment_count":"0","relative_dates":{"created":"Publicado 3 anos atr\u00e1s","modified":"Atualizado 3 anos atr\u00e1s"},"absolute_dates":{"created":"Publicado em 3 de julho de 2023","modified":"Atualizado em 3 de julho de 2023"},"absolute_dates_time":{"created":"Publicado em 3 de julho de 2023 10:07","modified":"Atualizado em 3 de julho de 2023 10:07"},"featured_img_caption":"","series_order":"","_links":{"self":[{"href":"https:\/\/sindaopcpb.org.br\/index.php\/wp-json\/wp\/v2\/posts\/23741","targetHints":{"allow":["GET"]}}],"collection":[{"href":"https:\/\/sindaopcpb.org.br\/index.php\/wp-json\/wp\/v2\/posts"}],"about":[{"href":"https:\/\/sindaopcpb.org.br\/index.php\/wp-json\/wp\/v2\/types\/post"}],"author":[{"embeddable":true,"href":"https:\/\/sindaopcpb.org.br\/index.php\/wp-json\/wp\/v2\/users\/43"}],"replies":[{"embeddable":true,"href":"https:\/\/sindaopcpb.org.br\/index.php\/wp-json\/wp\/v2\/comments?post=23741"}],"version-history":[{"count":1,"href":"https:\/\/sindaopcpb.org.br\/index.php\/wp-json\/wp\/v2\/posts\/23741\/revisions"}],"predecessor-version":[{"id":23742,"href":"https:\/\/sindaopcpb.org.br\/index.php\/wp-json\/wp\/v2\/posts\/23741\/revisions\/23742"}],"wp:attachment":[{"href":"https:\/\/sindaopcpb.org.br\/index.php\/wp-json\/wp\/v2\/media?parent=23741"}],"wp:term":[{"taxonomy":"category","embeddable":true,"href":"https:\/\/sindaopcpb.org.br\/index.php\/wp-json\/wp\/v2\/categories?post=23741"},{"taxonomy":"post_tag","embeddable":true,"href":"https:\/\/sindaopcpb.org.br\/index.php\/wp-json\/wp\/v2\/tags?post=23741"}],"curies":[{"name":"wp","href":"https:\/\/api.w.org\/{rel}","templated":true}]}}