{"id":23721,"date":"2023-07-03T09:07:50","date_gmt":"2023-07-03T12:07:50","guid":{"rendered":"https:\/\/wpa.wscom.com.br\/?p=909583"},"modified":"2023-07-03T09:07:50","modified_gmt":"2023-07-03T12:07:50","slug":"jovem-e-morto-a-tiros-apos-criminosos-anunciarem-assalto-no-sertao-da-paraiba","status":"publish","type":"post","link":"https:\/\/sindaopcpb.org.br\/index.php\/2023\/07\/03\/jovem-e-morto-a-tiros-apos-criminosos-anunciarem-assalto-no-sertao-da-paraiba\/","title":{"rendered":"Jovem \u00e9 morto a tiros ap\u00f3s criminosos anunciarem assalto, no Sert\u00e3o da Para\u00edba"},"content":{"rendered":"<p>Um jovem foi morto a tiros na noite desse domingo (2) no munic\u00edpio de Catol\u00e9 do Rocha, no Sert\u00e3o da Para\u00edba. A v\u00edtima foi um jovem conhecido como Jo\u00e3o Paulo e tinha 16 anos. O crime ocorreu na cal\u00e7ada de um estabelecimento comercial.<\/p>\n<p>Testemunhas afirmam que dois indiv\u00edduos chegaram ao local em uma motocicleta e anunciaram um assalto. Em seguida, dispararam contra o jovem.<\/p>\n<p>A pol\u00edcia e o Instituto M\u00e9dico Legal (IML) foram acionados e compareceram \u00e0 cena do crime. A Pol\u00edcia Civil investigar\u00e1 o caso.<\/p>\n<p>O post <a rel=\"nofollow noopener\" href=\"https:\/\/wscom.com.br\/jovem-e-morto-a-tiros-apos-criminosos-anunciarem-assalto-no-sertao-da-paraiba\/\" target=\"_blank\">Jovem \u00e9 morto a tiros ap\u00f3s criminosos anunciarem assalto, no Sert\u00e3o da Para\u00edba<\/a> apareceu primeiro em <a rel=\"nofollow noopener\" href=\"https:\/\/wscom.com.br\/\" target=\"_blank\">WSCOM<\/a>.<\/p>\n","protected":false},"excerpt":{"rendered":"<p>Um jovem foi morto a tiros na noite desse domingo (2) no munic\u00edpio de Catol\u00e9 do Rocha, no Sert\u00e3o da Para\u00edba. A v\u00edtima foi um jovem conhecido como Jo\u00e3o Paulo e tinha 16 anos. O crime ocorreu na cal\u00e7ada de um estabelecimento comercial. Testemunhas afirmam que dois indiv\u00edduos chegaram ao local em uma motocicleta e [\u2026]<\/p>\n<p>O post <a rel=\"nofollow\" href=\"https:\/\/wscom.com.br\/jovem-e-morto-a-tiros-apos-criminosos-anunciarem-assalto-no-sertao-da-paraiba\/\">Jovem \u00e9 morto a tiros ap\u00f3s criminosos anunciarem assalto, no Sert\u00e3o da Para\u00edba<\/a> apareceu primeiro em <a rel=\"nofollow\" href=\"https:\/\/wscom.com.br\/\">WSCOM<\/a>.<\/p>\n","protected":false},"author":50,"featured_media":0,"comment_status":"closed","ping_status":"closed","sticky":false,"template":"","format":"standard","meta":{"advgb_blocks_editor_width":"","advgb_blocks_columns_visual_guide":"","footnotes":""},"categories":[5406,34,512,250,66],"tags":[35],"class_list":["post-23721","post","type-post","status-publish","format-standard","hentry","category-catole-do-rocha","category-g1","category-jovem","category-morto","category-policial","tag-g1"],"author_meta":{"display_name":"Wallyson","author_link":"https:\/\/sindaopcpb.org.br\/author\/wallyson\/"},"featured_img":null,"coauthors":[],"tax_additional":{"categories":{"linked":["<a href=\"https:\/\/sindaopcpb.org.br\/catole-do-rocha\/\" class=\"advgb-post-tax-term\">catol\u00e9 do rocha<\/a>","<a href=\"https:\/\/sindaopcpb.org.br\/g1\/\" class=\"advgb-post-tax-term\">G1<\/a>","<a href=\"https:\/\/sindaopcpb.org.br\/jovem\/\" class=\"advgb-post-tax-term\">Jovem<\/a>","<a href=\"https:\/\/sindaopcpb.org.br\/morto\/\" class=\"advgb-post-tax-term\">Morto<\/a>","<a href=\"https:\/\/sindaopcpb.org.br\/policial\/\" class=\"advgb-post-tax-term\">Policial<\/a>"],"unlinked":["<span class=\"advgb-post-tax-term\">catol\u00e9 do rocha<\/span>","<span class=\"advgb-post-tax-term\">G1<\/span>","<span class=\"advgb-post-tax-term\">Jovem<\/span>","<span class=\"advgb-post-tax-term\">Morto<\/span>","<span class=\"advgb-post-tax-term\">Policial<\/span>"]},"tags":{"linked":["<a href=\"https:\/\/sindaopcpb.org.br\/policial\/\" class=\"advgb-post-tax-term\">g1<\/a>"],"unlinked":["<span class=\"advgb-post-tax-term\">g1<\/span>"]}},"comment_count":"0","relative_dates":{"created":"Publicado 3 anos atr\u00e1s","modified":"Atualizado 3 anos atr\u00e1s"},"absolute_dates":{"created":"Publicado em 3 de julho de 2023","modified":"Atualizado em 3 de julho de 2023"},"absolute_dates_time":{"created":"Publicado em 3 de julho de 2023 09:07","modified":"Atualizado em 3 de julho de 2023 09:07"},"featured_img_caption":"","series_order":"","_links":{"self":[{"href":"https:\/\/sindaopcpb.org.br\/index.php\/wp-json\/wp\/v2\/posts\/23721","targetHints":{"allow":["GET"]}}],"collection":[{"href":"https:\/\/sindaopcpb.org.br\/index.php\/wp-json\/wp\/v2\/posts"}],"about":[{"href":"https:\/\/sindaopcpb.org.br\/index.php\/wp-json\/wp\/v2\/types\/post"}],"author":[{"embeddable":true,"href":"https:\/\/sindaopcpb.org.br\/index.php\/wp-json\/wp\/v2\/users\/50"}],"replies":[{"embeddable":true,"href":"https:\/\/sindaopcpb.org.br\/index.php\/wp-json\/wp\/v2\/comments?post=23721"}],"version-history":[{"count":1,"href":"https:\/\/sindaopcpb.org.br\/index.php\/wp-json\/wp\/v2\/posts\/23721\/revisions"}],"predecessor-version":[{"id":23722,"href":"https:\/\/sindaopcpb.org.br\/index.php\/wp-json\/wp\/v2\/posts\/23721\/revisions\/23722"}],"wp:attachment":[{"href":"https:\/\/sindaopcpb.org.br\/index.php\/wp-json\/wp\/v2\/media?parent=23721"}],"wp:term":[{"taxonomy":"category","embeddable":true,"href":"https:\/\/sindaopcpb.org.br\/index.php\/wp-json\/wp\/v2\/categories?post=23721"},{"taxonomy":"post_tag","embeddable":true,"href":"https:\/\/sindaopcpb.org.br\/index.php\/wp-json\/wp\/v2\/tags?post=23721"}],"curies":[{"name":"wp","href":"https:\/\/api.w.org\/{rel}","templated":true}]}}