{"id":23703,"date":"2023-07-03T07:48:05","date_gmt":"2023-07-03T10:48:05","guid":{"rendered":"https:\/\/g1.globo.com\/pb\/paraiba\/noticia\/2023\/07\/03\/veiculos-de-transporte-escolar-recebem-vistoria-da-semob-jp-nesta-segunda-feira-3-veja-calendario.ghtml"},"modified":"2023-07-03T07:48:05","modified_gmt":"2023-07-03T10:48:05","slug":"veiculos-de-transporte-escolar-recebem-vistoria-da-semob-jp-nesta-segunda-feira-3-veja-calendario","status":"publish","type":"post","link":"https:\/\/sindaopcpb.org.br\/index.php\/2023\/07\/03\/veiculos-de-transporte-escolar-recebem-vistoria-da-semob-jp-nesta-segunda-feira-3-veja-calendario\/","title":{"rendered":"Ve\u00edculos de transporte escolar recebem vistoria da Semob-JP nesta segunda-feira (3); veja calend\u00e1rio"},"content":{"rendered":"   <img src=\"https:\/\/s2.glbimg.com\/fo56iop-yzA27K7e-DisOix49wU=\/i.s3.glbimg.com\/v1\/AUTH_59edd422c0c84a879bd37670ae4f538a\/internal_photos\/bs\/2023\/N\/m\/4kTwTETveep4iKOiflVw\/0153ba9c-ac8d-0733-96c8-3481efbdccb5-1024x768-1.jpg\" \/><br \/>     A inspe\u00e7\u00e3o vai at\u00e9 o dia 28 de junho e o atendimento ocorrer\u00e1 das 8h at\u00e9 \u00e0s 17h. Ve\u00edculo de transporte escolar de Jo\u00e3o Pessoa\nFoto: divulga\u00e7\u00e3o\/Semob-JP.\nOs ve\u00edculos que fazem o transporte escolar em Jo\u00e3o Pessoa come\u00e7am a ser vistoriados pela Superintend\u00eancia Executiva de Mobilidade Urbana da capital (Semob-JP), nesta segunda-feira (3). A a\u00e7\u00e3o tem como objetivo manter o padr\u00e3o de seguran\u00e7a e conforto do transporte p\u00fablico e a vistoria \u00e9 referente ao segundo semestre de 2023.\nA inspe\u00e7\u00e3o vai at\u00e9 o dia 28 de junho e \u00e9 estimado que 20 ve\u00edculos recebam a vistoria por dia. O atendimento acontece das 8h \u00e0s 17h, na sede da Semob-JP, no km 25 da BR-230, Cristo. A taxa para a realiza\u00e7\u00e3o do servi\u00e7o \u00e9 de R$ 90, podendo variar de acordo com a Unidade Fiscal de Refer\u00eancia (UFIR).\nO que ser\u00e1 observado\nDurante a vistoria, ser\u00e3o observados os itens de seguran\u00e7a e equipamentos obrigat\u00f3rios como:\nFaroletes;\nSinaleiras;\nBancos;\nForros;\nFunilaria\nPintura;\nTac\u00f3grafo;\nExtintor de inc\u00eandio;\nPneus;\nCintos de seguran\u00e7a;\nTrava das portas;\nBuzina; \nPara-brisa; e\nOutros relativos \u00e0 higiene e o conforto.\nEm torno de 40 itens do ve\u00edculo v\u00e3o ser checados, e tamb\u00e9m v\u00e3o ser vistoriadas se as faixas laterais e traseiras est\u00e3o de acordo com as normas que regulamentam o servi\u00e7o de transporte escolar, garantindo a seguran\u00e7a de crian\u00e7as e adolescentes. \nDocumentos necess\u00e1rios\nOs agentes da Semob-JP tamb\u00e9m verificaram os documentos do ve\u00edculo e de seu condutor, como:\nCarteira Nacional de Habilita\u00e7\u00e3o (CNH);\nAvar\u00e1 de licen\u00e7a da permiss\u00e3o;\nCertificado de registro e licenciamento com seguro obrigat\u00f3rio;\nCertificado de verifica\u00e7\u00e3o do tac\u00f3grafo; e\nCrach\u00e1s do permission\u00e1rio e seus auxiliares.\nCaso perca a data programada no calend\u00e1rio, o condutor receber\u00e1 uma multa de aproximadamente R$35, com a varia\u00e7\u00e3o da UFIR. O transporte escolar n\u00e3o aprovado na inspe\u00e7\u00e3o pode ter um prazo de acordo com o tipo de irregularidade encontrada para sanar o problema.\nOs itens do ve\u00edculo referentes \u00e0 seguran\u00e7a e os equipamentos obrigat\u00f3rios devem ser regularizados imediatamente, devendo o ve\u00edculo retornar \u00e0 Semob-JP para uma nova inspe\u00e7\u00e3o que constate a regulariza\u00e7\u00e3o do motivo da reprova\u00e7\u00e3o.\nCaso isso n\u00e3o aconte\u00e7a, o condutor ficar\u00e1 impedido de prestar servi\u00e7o at\u00e9 que a regularidade seja regularizada.\nSelo de verifica\u00e7\u00e3o\nAp\u00f3s o ve\u00edculo ser aprovado, ele receber\u00e1 um selo adesivo na cor rosa, correspondente \u00e0 vistoria do segundo semestre de 2023, que ser\u00e1 afixado no para-brisa dianteiro, substituindo o adesivo do semestre passado.\nCalend\u00e1rio de vistoria por semana\n1\u00aa semana: de 03\/07 a 07\/07\/2023\nDia 3 \u2013 Registros 0001 a 0022\nDia 4 \u2013 Registros 0023 a 0044\nDia 5- Registros 0045 a 0066\nDia 6 \u2013 Registros 0067 a 0088\nDia 7 -Registros 0089 a 0110\n2\u00aa semana: de 10\/07 a 14\/07\/2023\n10 \u2013 Registros 0111 a 0132\n11 \u2013 Registros 0133 a 0154\n12 \u2013 Registros 0155 a 0176\n13 \u2013 Registros 0177 a 0198\n14 \u2013 Registros 0199 a 0220\n3\u00aa semana: de 17\/07 a 21\/07\/2022\n17 \u2013 Registros 0221 a 0242\n18 \u2013 Registros 0243 a 0264\n19 \u2013 Registros 0265 a 0286\n20 \u2013 Registros 0287 a 0308\nFiscaliza\u00e7\u00e3o\nA Se\u00e7\u00e3o de Fiscaliza\u00e7\u00e3o de Transporte P\u00fablico (SEFTP) informa que a fiscaliza\u00e7\u00e3o dos transportes escolares \u00e9 cont\u00ednua, mas quando encerrar o prazo do cronograma das vistorias, a opera\u00e7\u00e3o vai ser intensificada com o objetivo de coibir o servi\u00e7o de transporte irregular no entorno dos estabelecimentos de ensino.\nLeonardo Campos, chefe da Divis\u00e3o de Transporte de Transportes Especiais (DTRA), recomenda aos pais de alunos que antes de contratar o servi\u00e7o, verifiquem se o ve\u00edculo est\u00e1 devidamente cadastrado e regularizado na Semob-JP.  ","protected":false},"excerpt":{"rendered":"<p>        A inspe\u00e7\u00e3o vai at\u00e9 o dia 28 de junho e o atendimento ocorrer\u00e1 das 8h at\u00e9 \u00e0s 17h. Ve\u00edculo de transporte escolar de Jo\u00e3o Pessoa<br \/>\nFoto: divulga\u00e7\u00e3o\/Semob-JP.<br \/>\nOs ve\u00edculos que fazem o transporte escolar em Jo\u00e3o Pessoa come\u00e7am a ser vistoriados pela Su&#8230;<\/p>\n","protected":false},"author":2,"featured_media":0,"comment_status":"closed","ping_status":"closed","sticky":false,"template":"","format":"standard","meta":{"advgb_blocks_editor_width":"","advgb_blocks_columns_visual_guide":"","footnotes":""},"categories":[34],"tags":[35],"class_list":["post-23703","post","type-post","status-publish","format-standard","hentry","category-g1","tag-g1"],"author_meta":{"display_name":"g1 &gt; Para\u00edba","author_link":"https:\/\/sindaopcpb.org.br\/author\/g1-paraiba\/"},"featured_img":null,"coauthors":[],"tax_additional":{"categories":{"linked":["<a href=\"https:\/\/sindaopcpb.org.br\/g1\/\" class=\"advgb-post-tax-term\">G1<\/a>"],"unlinked":["<span class=\"advgb-post-tax-term\">G1<\/span>"]},"tags":{"linked":["<a href=\"https:\/\/sindaopcpb.org.br\/g1\/\" class=\"advgb-post-tax-term\">g1<\/a>"],"unlinked":["<span class=\"advgb-post-tax-term\">g1<\/span>"]}},"comment_count":"0","relative_dates":{"created":"Publicado 3 anos atr\u00e1s","modified":"Atualizado 3 anos atr\u00e1s"},"absolute_dates":{"created":"Publicado em 3 de julho de 2023","modified":"Atualizado em 3 de julho de 2023"},"absolute_dates_time":{"created":"Publicado em 3 de julho de 2023 07:48","modified":"Atualizado em 3 de julho de 2023 07:48"},"featured_img_caption":"","series_order":"","_links":{"self":[{"href":"https:\/\/sindaopcpb.org.br\/index.php\/wp-json\/wp\/v2\/posts\/23703","targetHints":{"allow":["GET"]}}],"collection":[{"href":"https:\/\/sindaopcpb.org.br\/index.php\/wp-json\/wp\/v2\/posts"}],"about":[{"href":"https:\/\/sindaopcpb.org.br\/index.php\/wp-json\/wp\/v2\/types\/post"}],"author":[{"embeddable":true,"href":"https:\/\/sindaopcpb.org.br\/index.php\/wp-json\/wp\/v2\/users\/2"}],"replies":[{"embeddable":true,"href":"https:\/\/sindaopcpb.org.br\/index.php\/wp-json\/wp\/v2\/comments?post=23703"}],"version-history":[{"count":1,"href":"https:\/\/sindaopcpb.org.br\/index.php\/wp-json\/wp\/v2\/posts\/23703\/revisions"}],"predecessor-version":[{"id":23704,"href":"https:\/\/sindaopcpb.org.br\/index.php\/wp-json\/wp\/v2\/posts\/23703\/revisions\/23704"}],"wp:attachment":[{"href":"https:\/\/sindaopcpb.org.br\/index.php\/wp-json\/wp\/v2\/media?parent=23703"}],"wp:term":[{"taxonomy":"category","embeddable":true,"href":"https:\/\/sindaopcpb.org.br\/index.php\/wp-json\/wp\/v2\/categories?post=23703"},{"taxonomy":"post_tag","embeddable":true,"href":"https:\/\/sindaopcpb.org.br\/index.php\/wp-json\/wp\/v2\/tags?post=23703"}],"curies":[{"name":"wp","href":"https:\/\/api.w.org\/{rel}","templated":true}]}}