{"id":23689,"date":"2023-07-02T18:00:29","date_gmt":"2023-07-02T21:00:29","guid":{"rendered":"https:\/\/wpa.wscom.com.br\/?p=909505"},"modified":"2023-07-02T18:00:29","modified_gmt":"2023-07-02T21:00:29","slug":"vistoria-de-transportes-escolares-para-o-segundo-semestre-letivo-inicia-nesta-segunda-feira","status":"publish","type":"post","link":"https:\/\/sindaopcpb.org.br\/index.php\/2023\/07\/02\/vistoria-de-transportes-escolares-para-o-segundo-semestre-letivo-inicia-nesta-segunda-feira\/","title":{"rendered":"Vistoria de transportes escolares para o segundo semestre letivo inicia nesta segunda-feira"},"content":{"rendered":"<p>Com o objetivo de manter os padr\u00f5es de seguran\u00e7a e conforto do transporte escolar na Capital, a Superintend\u00eancia Executiva de Mobilidade Urbana de Jo\u00e3o Pessoa (Semob-JP) inicia, nesta segunda-feira (3), a vistoria nos ve\u00edculos que realizam o servi\u00e7o, referente ao segundo semestre de 2023.<\/p>\n<p>A inspe\u00e7\u00e3o, que seguir\u00e1 at\u00e9 o dia 28, dever\u00e1 abranger cerca de 20 ve\u00edculos por dia. O atendimento acontecer\u00e1 das 8h \u00e0s 17h, na sede da Semob-JP, no km 25 da BR-230, Cristo. A taxa \u00e9 em torno de R$ 90, variando de acordo com a UFIR.<\/p>\n<p><strong>Servi\u00e7o<\/strong>\u00a0\u2013 Durante a vistoria, s\u00e3o observados itens de seguran\u00e7a e equipamentos obrigat\u00f3rios, tais como: faroletes, sinaleiras, bancos, forros, funilaria, pintura, tac\u00f3grafo, extintor de inc\u00eandio, pneus, cintos de seguran\u00e7a, trava das portas, buzina e para-brisa, al\u00e9m de outros relativos \u00e0 higiene e o conforto. S\u00e3o checados em torno de 40 itens do ve\u00edculo, bem como se as faixas laterais e traseiras est\u00e3o de acordo com as normas que regulamentam o servi\u00e7o de transporte escolar, garantindo a seguran\u00e7a de crian\u00e7as e adolescentes.<\/p>\n<figure class=\"wp-block-gallery has-nested-images columns-default is-cropped wp-block-gallery-3 is-layout-flex\">\n<figure class=\"wp-block-image size-full\"><img decoding=\"async\" loading=\"lazy\" class=\"wp-image-316786\" src=\"https:\/\/www.joaopessoa.pb.gov.br\/wp-content\/uploads\/2023\/07\/WhatsApp-Image-2023-01-02-at-09.04.35-1024x768-2.jpeg\" sizes=\"auto, (max-width: 1024px) 100vw, 1024px\" srcset=\"https:\/\/www.joaopessoa.pb.gov.br\/wp-content\/uploads\/2023\/07\/WhatsApp-Image-2023-01-02-at-09.04.35-1024x768-2.jpeg 1024w, https:\/\/www.joaopessoa.pb.gov.br\/wp-content\/uploads\/2023\/07\/WhatsApp-Image-2023-01-02-at-09.04.35-1024x768-2-640x480.jpeg 640w, https:\/\/www.joaopessoa.pb.gov.br\/wp-content\/uploads\/2023\/07\/WhatsApp-Image-2023-01-02-at-09.04.35-1024x768-2-768x576.jpeg 768w\" alt=\"\" width=\"1024\" height=\"768\" data-id=\"316786\" title=\"\"><\/figure>\n<figure class=\"wp-block-image size-full\"><img decoding=\"async\" loading=\"lazy\" class=\"wp-image-316788\" src=\"https:\/\/www.joaopessoa.pb.gov.br\/wp-content\/uploads\/2023\/07\/WhatsApp-Image-2023-01-10-at-16.10.14-1-1024x461-1.jpeg\" sizes=\"auto, (max-width: 1024px) 100vw, 1024px\" srcset=\"https:\/\/www.joaopessoa.pb.gov.br\/wp-content\/uploads\/2023\/07\/WhatsApp-Image-2023-01-10-at-16.10.14-1-1024x461-1.jpeg 1024w, https:\/\/www.joaopessoa.pb.gov.br\/wp-content\/uploads\/2023\/07\/WhatsApp-Image-2023-01-10-at-16.10.14-1-1024x461-1-768x346.jpeg 768w\" alt=\"\" width=\"1024\" height=\"461\" data-id=\"316788\" title=\"\"><\/figure>\n<figure class=\"wp-block-image size-large\"><img decoding=\"async\" loading=\"lazy\" class=\"wp-image-316784\" src=\"https:\/\/www.joaopessoa.pb.gov.br\/wp-content\/uploads\/2023\/07\/WhatsApp-Image-2023-07-02-at-13.13.49-1024x756.jpeg\" sizes=\"auto, (max-width: 1024px) 100vw, 1024px\" srcset=\"https:\/\/www.joaopessoa.pb.gov.br\/wp-content\/uploads\/2023\/07\/WhatsApp-Image-2023-07-02-at-13.13.49-1024x756.jpeg 1024w, https:\/\/www.joaopessoa.pb.gov.br\/wp-content\/uploads\/2023\/07\/WhatsApp-Image-2023-07-02-at-13.13.49-768x567.jpeg 768w, https:\/\/www.joaopessoa.pb.gov.br\/wp-content\/uploads\/2023\/07\/WhatsApp-Image-2023-07-02-at-13.13.49.jpeg 1284w\" alt=\"\" width=\"1024\" height=\"756\" data-id=\"316784\" title=\"\"><\/figure>\n<figure class=\"wp-block-image size-full\"><img decoding=\"async\" loading=\"lazy\" class=\"wp-image-316783\" src=\"https:\/\/www.joaopessoa.pb.gov.br\/wp-content\/uploads\/2023\/07\/0153ba9c-ac8d-0733-96c8-3481efbdccb5-1024x768-1.jpg\" sizes=\"auto, (max-width: 1024px) 100vw, 1024px\" srcset=\"https:\/\/www.joaopessoa.pb.gov.br\/wp-content\/uploads\/2023\/07\/0153ba9c-ac8d-0733-96c8-3481efbdccb5-1024x768-1.jpg 1024w, https:\/\/www.joaopessoa.pb.gov.br\/wp-content\/uploads\/2023\/07\/0153ba9c-ac8d-0733-96c8-3481efbdccb5-1024x768-1-640x480.jpg 640w, https:\/\/www.joaopessoa.pb.gov.br\/wp-content\/uploads\/2023\/07\/0153ba9c-ac8d-0733-96c8-3481efbdccb5-1024x768-1-768x576.jpg 768w\" alt=\"\" width=\"1024\" height=\"768\" data-id=\"316783\" title=\"\"><\/figure>\n<\/figure>\n<p><strong>Documentos<\/strong>\u00a0\u2013 Tamb\u00e9m faz parte do processo de renova\u00e7\u00e3o da vistoria, a verifica\u00e7\u00e3o dos documentos do ve\u00edculo e do condutor, a exemplo da Carteira Nacional de Habilita\u00e7\u00e3o (CNH), alvar\u00e1 de licen\u00e7a da permiss\u00e3o, certificado de registro e licenciamento com seguro obrigat\u00f3rio, certificado de verifica\u00e7\u00e3o do tac\u00f3grafo, crach\u00e1s do permission\u00e1rio e seus auxiliares. O permission\u00e1rio deve seguir o per\u00edodo de vistoria conforme o seu registro. Caso perca a data programada no calend\u00e1rio, ser\u00e1 cobrada uma multa de aproximadamente R$ 35, com varia\u00e7\u00e3o da UFIR.<\/p>\n<p>O ve\u00edculo de transporte escolar n\u00e3o aprovado na inspe\u00e7\u00e3o pode ter um prazo de acordo com o tipo de irregularidade encontrada para sanar o problema. Entretanto, os itens do ve\u00edculo referentes \u00e0 seguran\u00e7a e os equipamentos obrigat\u00f3rios devem ser regularizados imediatamente, devendo o ve\u00edculo retornar \u00e0 Semob-JP para nova inspe\u00e7\u00e3o que constate a regulariza\u00e7\u00e3o do motivo da reprova\u00e7\u00e3o. Caso isso n\u00e3o ocorra, o permission\u00e1rio fica impedido de prestar o servi\u00e7o at\u00e9 que a irregularidade seja sanada.<\/p>\n<p><strong>Selo<\/strong>\u00a0\u2013 Ao ser aprovado, o ve\u00edculo receber\u00e1 um selo adesivo na cor rosa, correspondente \u00e0 vistoria do segundo semestre deste ano, que \u00e9 afixado no para-brisa dianteiro, substituindo o adesivo do semestre passado, que era na cor azul.<\/p>\n<p><strong>Fiscaliza\u00e7\u00e3o<\/strong>\u00a0\u2013 A Se\u00e7\u00e3o de Fiscaliza\u00e7\u00e3o de Transporte P\u00fablico (SEFTP) informa que a fiscaliza\u00e7\u00e3o \u00e9 cont\u00ednua, no entanto, quando encerrar o prazo do cronograma das vistorias, a opera\u00e7\u00e3o vai ser intensificada com o objetivo de coibir o servi\u00e7o de transporte irregular no entorno dos estabelecimentos de ensino de Jo\u00e3o Pessoa. O chefe da Divis\u00e3o de Transporte de Transportes Especiais (DTRA), Leonardo Campos, recomenda aos pais de alunos que antes de contratar o servi\u00e7o verifiquem se o ve\u00edculo est\u00e1 devidamente cadastrado e regularizado na Semob-JP.<\/p>\n<p><strong>Disk-Semob<\/strong>\u00a0\u2013 Para informa\u00e7\u00f5es e reclama\u00e7\u00f5es, a Semob-JP disponibiliza o n\u00famero 98760-2134 que tamb\u00e9m funciona como WhatsApp. Informa\u00e7\u00f5es e reclama\u00e7\u00f5es podem se feitas por meio do Fale Conosco, no endere\u00e7o servicos.semobjp.pb.gov.br.<\/p>\n<p><strong>Confira o calend\u00e1rio de vistoria por semana:<\/strong><\/p>\n<p><strong>1\u00aa semana: de 03\/07 a 07\/07\/2023<\/strong><\/p>\n<p>Dia 3 \u2013 Registros 0001 a 0022<\/p>\n<p>Dia 4 \u2013 Registros0023 a 0044<\/p>\n<p>Dia 5- Registros 0045 a 0066<\/p>\n<p>Dia 6 \u2013 Registros 0067 a 0088<\/p>\n<p>Dia 7 -Registros 0089 a 0110<\/p>\n<p><strong>2\u00aa semana: de 10\/07 a 14\/07\/2023<\/strong><\/p>\n<p>10 \u2013 Registros 0111 a 0132<\/p>\n<p>11 \u2013 Registros 0133 a 0154<\/p>\n<p>12 \u2013 Registros 0155 a 0176<\/p>\n<p>13 \u2013 Registros 0177 a 0198<\/p>\n<p>14 \u2013 Registros 0199 a 0220<\/p>\n<p><strong>3\u00aa semana: de 17\/07 a 21\/07\/2022<\/strong><\/p>\n<p>17 \u2013 Registros 0221 a 0242<\/p>\n<p>18 \u2013 Registros 0243 a 0264<\/p>\n<p>19 \u2013 Registros 0265 a 0286<\/p>\n<p>20 \u2013 Registros 0287 a 0308<\/p>\n<p>21 \u2013 Registros 0309 a 0330<\/p>\n<p><strong>4\u00aa semana: de 24\/07 a 28\/07\/2022<\/strong><\/p>\n<p>24 \u2013 Registros 0331 a 0352<\/p>\n<p>25 \u2013 Registros 0353 a 0374<\/p>\n<p>26 \u2013 Registros 0375 a 0396<\/p>\n<p>27 \u2013 Registros 0397 a 0418<\/p>\n<p>28 \u2013 Registros 0419 a 0435<\/p>\n<p>O post <a rel=\"nofollow noopener\" href=\"https:\/\/wscom.com.br\/vistoria-de-transportes-escolares-para-o-segundo-semestre-letivo-inicia-nesta-segunda-feira\/\" target=\"_blank\">Vistoria de transportes escolares para o segundo semestre letivo inicia nesta segunda-feira<\/a> apareceu primeiro em <a rel=\"nofollow noopener\" href=\"https:\/\/wscom.com.br\/\" target=\"_blank\">WSCOM<\/a>.<\/p>\n","protected":false},"excerpt":{"rendered":"<p>Com o objetivo de manter os padr\u00f5es de seguran\u00e7a e conforto do transporte escolar na Capital, a Superintend\u00eancia Executiva de Mobilidade Urbana de Jo\u00e3o Pessoa (Semob-JP) inicia, nesta segunda-feira (3), a vistoria nos ve\u00edculos que realizam o servi\u00e7o, referente ao segundo semestre de 2023. A inspe\u00e7\u00e3o, que seguir\u00e1 at\u00e9 o dia 28, dever\u00e1 abranger cerca [\u2026]<\/p>\n<p>O post <a rel=\"nofollow\" href=\"https:\/\/wscom.com.br\/vistoria-de-transportes-escolares-para-o-segundo-semestre-letivo-inicia-nesta-segunda-feira\/\">Vistoria de transportes escolares para o segundo semestre letivo inicia nesta segunda-feira<\/a> apareceu primeiro em <a rel=\"nofollow\" href=\"https:\/\/wscom.com.br\/\">WSCOM<\/a>.<\/p>\n","protected":false},"author":49,"featured_media":0,"comment_status":"closed","ping_status":"closed","sticky":false,"template":"","format":"standard","meta":{"advgb_blocks_editor_width":"","advgb_blocks_columns_visual_guide":"","footnotes":""},"categories":[34,54,176],"tags":[35],"class_list":["post-23689","post","type-post","status-publish","format-standard","hentry","category-g1","category-paraiba","category-semob-jp","tag-g1"],"author_meta":{"display_name":"Cristiane Cavalcante","author_link":"https:\/\/sindaopcpb.org.br\/author\/cristiane-cavalcante\/"},"featured_img":null,"coauthors":[],"tax_additional":{"categories":{"linked":["<a href=\"https:\/\/sindaopcpb.org.br\/g1\/\" class=\"advgb-post-tax-term\">G1<\/a>","<a href=\"https:\/\/sindaopcpb.org.br\/paraiba\/\" class=\"advgb-post-tax-term\">Para\u00edba<\/a>","<a href=\"https:\/\/sindaopcpb.org.br\/semob-jp\/\" class=\"advgb-post-tax-term\">semob-jp<\/a>"],"unlinked":["<span class=\"advgb-post-tax-term\">G1<\/span>","<span class=\"advgb-post-tax-term\">Para\u00edba<\/span>","<span class=\"advgb-post-tax-term\">semob-jp<\/span>"]},"tags":{"linked":["<a href=\"https:\/\/sindaopcpb.org.br\/semob-jp\/\" class=\"advgb-post-tax-term\">g1<\/a>"],"unlinked":["<span class=\"advgb-post-tax-term\">g1<\/span>"]}},"comment_count":"0","relative_dates":{"created":"Publicado 3 anos atr\u00e1s","modified":"Atualizado 3 anos atr\u00e1s"},"absolute_dates":{"created":"Publicado em 2 de julho de 2023","modified":"Atualizado em 2 de julho de 2023"},"absolute_dates_time":{"created":"Publicado em 2 de julho de 2023 18:00","modified":"Atualizado em 2 de julho de 2023 18:00"},"featured_img_caption":"","series_order":"","_links":{"self":[{"href":"https:\/\/sindaopcpb.org.br\/index.php\/wp-json\/wp\/v2\/posts\/23689","targetHints":{"allow":["GET"]}}],"collection":[{"href":"https:\/\/sindaopcpb.org.br\/index.php\/wp-json\/wp\/v2\/posts"}],"about":[{"href":"https:\/\/sindaopcpb.org.br\/index.php\/wp-json\/wp\/v2\/types\/post"}],"author":[{"embeddable":true,"href":"https:\/\/sindaopcpb.org.br\/index.php\/wp-json\/wp\/v2\/users\/49"}],"replies":[{"embeddable":true,"href":"https:\/\/sindaopcpb.org.br\/index.php\/wp-json\/wp\/v2\/comments?post=23689"}],"version-history":[{"count":1,"href":"https:\/\/sindaopcpb.org.br\/index.php\/wp-json\/wp\/v2\/posts\/23689\/revisions"}],"predecessor-version":[{"id":23690,"href":"https:\/\/sindaopcpb.org.br\/index.php\/wp-json\/wp\/v2\/posts\/23689\/revisions\/23690"}],"wp:attachment":[{"href":"https:\/\/sindaopcpb.org.br\/index.php\/wp-json\/wp\/v2\/media?parent=23689"}],"wp:term":[{"taxonomy":"category","embeddable":true,"href":"https:\/\/sindaopcpb.org.br\/index.php\/wp-json\/wp\/v2\/categories?post=23689"},{"taxonomy":"post_tag","embeddable":true,"href":"https:\/\/sindaopcpb.org.br\/index.php\/wp-json\/wp\/v2\/tags?post=23689"}],"curies":[{"name":"wp","href":"https:\/\/api.w.org\/{rel}","templated":true}]}}