{"id":23685,"date":"2023-07-02T18:15:43","date_gmt":"2023-07-02T21:15:43","guid":{"rendered":"https:\/\/wpa.wscom.com.br\/?p=909503"},"modified":"2023-07-02T18:15:43","modified_gmt":"2023-07-02T21:15:43","slug":"joao-azevedo-faz-abertura-oficial-da-caravana-da-rede-cuidar-2023-e-destaca-interiorizacao-dos-servicos-de-saude","status":"publish","type":"post","link":"https:\/\/sindaopcpb.org.br\/index.php\/2023\/07\/02\/joao-azevedo-faz-abertura-oficial-da-caravana-da-rede-cuidar-2023-e-destaca-interiorizacao-dos-servicos-de-saude\/","title":{"rendered":"Jo\u00e3o Azev\u00eado faz abertura oficial da Caravana da Rede Cuidar 2023 e destaca interioriza\u00e7\u00e3o dos servi\u00e7os de sa\u00fade"},"content":{"rendered":"<p>O governador Jo\u00e3o Azev\u00eado abriu oficialmente, neste domingo (2), no Espa\u00e7o Cultural Jos\u00e9 Lins do Rego, em Jo\u00e3o Pessoa, a Caravana da Rede Cuidar 2023. A a\u00e7\u00e3o, promovida pela Secretaria de Estado da Sa\u00fade (SES), ser\u00e1 iniciada nesta segunda-feira (3), em Monteiro, no Cariri paraibano, e segue at\u00e9 o dia 15 de julho, levando para 13 munic\u00edpios de diversas regi\u00f5es do estado atendimentos m\u00e9dicos especializados em cardiopediatria, pediatria e ortopedia.<\/p>\n<p>Logo ap\u00f3s a abertura oficial, as equipes seguiram viagem para Monteiro, onde ocorrer\u00e1 nesta segunda o primeiro atendimento. A Caravana estar\u00e1 no dia 4 em Princesa Isabel; dia 5 em ltaporanga; dia 6 em Cajazeiras; dia 7 em Sousa; dia 8 em Catol\u00e9 do Rocha; dia 9 em Pombal; dia 10 em Patos; dia 11 em Picu\u00ed; dia 12 em Esperan\u00e7a; dia 13 em Guarabira; dia 14 em Itabaiana e dia 15 em Mamanguape.<\/p>\n<p>A iniciativa conta com o trabalho de 100 profissionais, a maioria volunt\u00e1rios (m\u00e9dicos, enfermeiros, t\u00e9cnicos em enfermagem, assistentes sociais, nutricionistas, fisioterapeutas e odont\u00f3logos), sendo 80 da Caravana e 20 locais.<\/p>\n<p>Na ocasi\u00e3o, o chefe do Executivo estadual ressaltou o avan\u00e7o do sistema de sa\u00fade p\u00fablica da Para\u00edba, com a disponibilidade de uma rede hospitalar eficiente aliada ao trabalho de busca ativa nos munic\u00edpios, fortalecendo a descentraliza\u00e7\u00e3o dos servi\u00e7os. \u201cA evolu\u00e7\u00e3o da qualidade na assist\u00eancia em sa\u00fade da Para\u00edba permite que fa\u00e7amos a busca ativa de muitas pessoas que precisam do atendimento. A maioria dos profissionais envolvidos \u00e9 de volunt\u00e1rios e s\u00e3o pessoas extremamente qualificadas e eu desejo a todos boa sorte e bom trabalho para que eles proporcionem aos paraibanos o cuidado que eles precisam, frisou.<\/p>\n<p>&nbsp;<\/p>\n<p><img decoding=\"async\" src=\"https:\/\/paraiba.pb.gov.br\/noticias\/joao-azevedo-faz-abertura-oficial-da-caravana-da-rede-cuidar-2023-e-destaca-interiorizacao-dos-servicos-de-saude\/dsc_5589-2.jpg\/@@images\/ecffd795-0cf9-445b-aceb-fefb9ec1514c.jpeg\" alt=\"DSC_5589~2.JPG\" title=\"\"><\/p>\n<p>&nbsp;<\/p>\n<p>O secret\u00e1rio executivo de Gest\u00e3o da Rede de Unidades de Sa\u00fade, Arymatheus Reis, destacou a reestrutura\u00e7\u00e3o das unidades de sa\u00fade do estado e a qualifica\u00e7\u00e3o dos profissionais envolvidos na Rede Cuidar para garantir um atendimento eficiente \u00e0 popula\u00e7\u00e3o. \u201cN\u00f3s vivenciamos um processo de interioriza\u00e7\u00e3o e regionaliza\u00e7\u00e3o dos servi\u00e7os especializados de sa\u00fade e cada vez mais a nossa rede hospitalar est\u00e1 pronta para executar uma demanda que passou por uma triagem da Rede Cuidar, com cirurgias ortop\u00e9dicas, card\u00edacas e todos os procedimentos eletivos e temos certeza de que todos os procedimentos que forem necess\u00e1rios ser\u00e3o executados\u201d, pontuou.<\/p>\n<p>A coordenadora da Rede Cuidar, Juliana Soares, afirmou que a estimativa \u00e9 de que mais de sete mil procedimentos sejam realizados nos munic\u00edpios visitados pela Caravana. \u201cN\u00f3s estamos levando especialidades para os pequenos munic\u00edpios. Disponibilizamos durante todo o ano o atendimento por telemedicina e nesse per\u00edodo n\u00f3s vamos at\u00e9 as pessoas, levando aparelhos de ecocardiograma, especialistas, realizando a assist\u00eancia e trazendo para perto dos servi\u00e7os de complexidade\u201d, explicou.<\/p>\n<p>O m\u00e9dico ortopedista Pedro Henrique Freitas destacou a satisfa\u00e7\u00e3o pessoal e profissional de fazer parte do projeto. \u201c\u00c9 muito importante levar essa linha de cuidado da ortopedia para o interior, pois, desta forma, estamos identificando os pacientes que precisam de cuidados que a gente pode oferecer e atrav\u00e9s dessas a\u00e7\u00f5es conseguimos levar para eles e seus familiares uma melhora na qualidade de vida, promovendo n\u00e3o s\u00f3 impacto na sa\u00fade, mas social e psicol\u00f3gico\u201d, comentou.<\/p>\n<p>O mesmo sentimento foi compartilhado pela enfermeira Cidcleia Honorato. \u201c\u00c9 uma recompensa enquanto profissional poder ver a reciprocidade dessa assist\u00eancia, pois chegamos pr\u00f3ximos de quem tem dificuldade de acesso aos servi\u00e7os de sa\u00fade. Essa tamb\u00e9m \u00e9 uma maneira de retribuir o privil\u00e9gio de termos uma forma\u00e7\u00e3o, proporcionando uma melhoria de vida para o nosso pr\u00f3ximo e cada caravana \u00e9 uma experi\u00eancia diferente, sempre temos novas descobertas e novas pessoas que precisam de um atendimento mais de perto\u201d, afirmou.<\/p>\n<p>O prefeito de Jo\u00e3o Pessoa, C\u00edcero Lucena; o vice-prefeito L\u00e9o Bezerra; os deputados estaduais Chico Mendes e Jo\u00e3o Gon\u00e7alves; al\u00e9m de auxiliares da gest\u00e3o estadual, a exemplo do secret\u00e1rio chefe de Governo, Roberto Paulino, acompanharam a abertura oficial da Caravana da Rede Cuidar 2023.<\/p>\n<p>&nbsp;<\/p>\n<p><img decoding=\"async\" src=\"https:\/\/paraiba.pb.gov.br\/noticias\/joao-azevedo-faz-abertura-oficial-da-caravana-da-rede-cuidar-2023-e-destaca-interiorizacao-dos-servicos-de-saude\/dsc_5622-2.jpg\/@@images\/b7c71c93-d1d1-4ca5-b4bc-0d1f2e3a19d0.jpeg\" alt=\"DSC_5622~2.JPG\" title=\"\"><\/p>\n<p>&nbsp;<\/p>\n<p><b>Estimativa de atendimento<\/b>\u00a0&#8211; Durante os 13 dias da Caravana, est\u00e3o previstos servi\u00e7os de assist\u00eancia especializada para crian\u00e7as cardiopatas; coloca\u00e7\u00e3o de 260 DIU, nos polos de capacita\u00e7\u00e3o nas cidades visitadas; avalia\u00e7\u00e3o da sa\u00fade bucal para cerca de 1.650 crian\u00e7as para direcionamento da assist\u00eancia bucal local, regional e\/ou servi\u00e7o de refer\u00eancia; atendimento odontol\u00f3gico para aproximadamente 40 crian\u00e7as com necessidades especiais; assist\u00eancia de enfermagem para cerca de 1.650 crian\u00e7as e eletrocardiograma para todas que apresentem perfil cl\u00ednico para o referido exame e avalia\u00e7\u00e3o e assist\u00eancia multiprofissional (fonoaudi\u00f3Iogo, fisioterapeuta, assistente social, Psic\u00f3logo, Nutricionista e Farmac\u00eautico), das 1.650 crian\u00e7as com perfil cl\u00ednico para determinada especialidade. O atendimento ocorrer\u00e1 no hor\u00e1rio das 7h30 \u00e0s 17h30, em parceria com o Complexo Pedi\u00e1trico Arlinda Marques e a Universidade Federal da Para\u00edba (UFPB).<\/p>\n<p><b>Cursos<\/b>\u00a0&#8211; Al\u00e9m dos atendimentos, ser\u00e3o realizados cursos para os profissionais das localidades por onde a Caravana passa: \u201cManejo da S\u00edndrome Respirat\u00f3ria Aguda Grave &#8211; SRAG em pediatria\u201d; \u201cldentifica\u00e7\u00e3o e capta\u00e7\u00e3o precoce da endometriose na Aten\u00e7\u00e3o B\u00e1sica\u201d; \u201cAtendimento odontol\u00f3gico em crian\u00e7as com situa\u00e7\u00f5es especiais\u201d e \u201cRealiza\u00e7\u00e3o do DIU na Aten\u00e7\u00e3o B\u00e1sica.<\/p>\n<p>O post <a rel=\"nofollow noopener\" href=\"https:\/\/wscom.com.br\/joao-azevedo-faz-abertura-oficial-da-caravana-da-rede-cuidar-2023-e-destaca-interiorizacao-dos-servicos-de-saude\/\" target=\"_blank\">Jo\u00e3o Azev\u00eado faz abertura oficial da Caravana da Rede Cuidar 2023 e destaca interioriza\u00e7\u00e3o dos servi\u00e7os de sa\u00fade<\/a> apareceu primeiro em <a rel=\"nofollow noopener\" href=\"https:\/\/wscom.com.br\/\" target=\"_blank\">WSCOM<\/a>.<\/p>\n","protected":false},"excerpt":{"rendered":"<p>O governador Jo\u00e3o Azev\u00eado abriu oficialmente, neste domingo (2), no Espa\u00e7o Cultural Jos\u00e9 Lins do Rego, em Jo\u00e3o Pessoa, a Caravana da Rede Cuidar 2023. A a\u00e7\u00e3o, promovida pela Secretaria de Estado da Sa\u00fade (SES), ser\u00e1 iniciada nesta segunda-feira (3), em Monteiro, no Cariri paraibano, e segue at\u00e9 o dia 15 de julho, levando para [\u2026]<\/p>\n<p>O post <a rel=\"nofollow\" href=\"https:\/\/wscom.com.br\/joao-azevedo-faz-abertura-oficial-da-caravana-da-rede-cuidar-2023-e-destaca-interiorizacao-dos-servicos-de-saude\/\">Jo\u00e3o Azev\u00eado faz abertura oficial da Caravana da Rede Cuidar 2023 e destaca interioriza\u00e7\u00e3o dos servi\u00e7os de sa\u00fade<\/a> apareceu primeiro em <a rel=\"nofollow\" href=\"https:\/\/wscom.com.br\/\">WSCOM<\/a>.<\/p>\n","protected":false},"author":49,"featured_media":0,"comment_status":"closed","ping_status":"closed","sticky":false,"template":"","format":"standard","meta":{"advgb_blocks_editor_width":"","advgb_blocks_columns_visual_guide":"","footnotes":""},"categories":[5683,5684,34,440,54,47,90],"tags":[35],"class_list":["post-23685","post","type-post","status-publish","format-standard","hentry","category-caravana-do-cuidar-2023","category-descentralizacao-dos-servicos","category-g1","category-joao-azevedo","category-paraiba","category-politica","category-saude","tag-g1"],"author_meta":{"display_name":"Cristiane Cavalcante","author_link":"https:\/\/sindaopcpb.org.br\/author\/cristiane-cavalcante\/"},"featured_img":null,"coauthors":[],"tax_additional":{"categories":{"linked":["<a href=\"https:\/\/sindaopcpb.org.br\/caravana-do-cuidar-2023\/\" class=\"advgb-post-tax-term\">caravana do cuidar 2023<\/a>","<a href=\"https:\/\/sindaopcpb.org.br\/descentralizacao-dos-servicos\/\" class=\"advgb-post-tax-term\">descentraliza\u00e7\u00e3o dos servi\u00e7os<\/a>","<a href=\"https:\/\/sindaopcpb.org.br\/g1\/\" class=\"advgb-post-tax-term\">G1<\/a>","<a href=\"https:\/\/sindaopcpb.org.br\/joao-azevedo\/\" class=\"advgb-post-tax-term\">jo\u00e3o azevedo<\/a>","<a href=\"https:\/\/sindaopcpb.org.br\/paraiba\/\" class=\"advgb-post-tax-term\">Para\u00edba<\/a>","<a href=\"https:\/\/sindaopcpb.org.br\/politica\/\" class=\"advgb-post-tax-term\">POLITICA<\/a>","<a href=\"https:\/\/sindaopcpb.org.br\/saude\/\" class=\"advgb-post-tax-term\">Sa\u00fade<\/a>"],"unlinked":["<span class=\"advgb-post-tax-term\">caravana do cuidar 2023<\/span>","<span class=\"advgb-post-tax-term\">descentraliza\u00e7\u00e3o dos servi\u00e7os<\/span>","<span class=\"advgb-post-tax-term\">G1<\/span>","<span class=\"advgb-post-tax-term\">jo\u00e3o azevedo<\/span>","<span class=\"advgb-post-tax-term\">Para\u00edba<\/span>","<span class=\"advgb-post-tax-term\">POLITICA<\/span>","<span class=\"advgb-post-tax-term\">Sa\u00fade<\/span>"]},"tags":{"linked":["<a href=\"https:\/\/sindaopcpb.org.br\/saude\/\" class=\"advgb-post-tax-term\">g1<\/a>"],"unlinked":["<span class=\"advgb-post-tax-term\">g1<\/span>"]}},"comment_count":"0","relative_dates":{"created":"Publicado 3 anos atr\u00e1s","modified":"Atualizado 3 anos atr\u00e1s"},"absolute_dates":{"created":"Publicado em 2 de julho de 2023","modified":"Atualizado em 2 de julho de 2023"},"absolute_dates_time":{"created":"Publicado em 2 de julho de 2023 18:15","modified":"Atualizado em 2 de julho de 2023 18:15"},"featured_img_caption":"","series_order":"","_links":{"self":[{"href":"https:\/\/sindaopcpb.org.br\/index.php\/wp-json\/wp\/v2\/posts\/23685","targetHints":{"allow":["GET"]}}],"collection":[{"href":"https:\/\/sindaopcpb.org.br\/index.php\/wp-json\/wp\/v2\/posts"}],"about":[{"href":"https:\/\/sindaopcpb.org.br\/index.php\/wp-json\/wp\/v2\/types\/post"}],"author":[{"embeddable":true,"href":"https:\/\/sindaopcpb.org.br\/index.php\/wp-json\/wp\/v2\/users\/49"}],"replies":[{"embeddable":true,"href":"https:\/\/sindaopcpb.org.br\/index.php\/wp-json\/wp\/v2\/comments?post=23685"}],"version-history":[{"count":1,"href":"https:\/\/sindaopcpb.org.br\/index.php\/wp-json\/wp\/v2\/posts\/23685\/revisions"}],"predecessor-version":[{"id":23686,"href":"https:\/\/sindaopcpb.org.br\/index.php\/wp-json\/wp\/v2\/posts\/23685\/revisions\/23686"}],"wp:attachment":[{"href":"https:\/\/sindaopcpb.org.br\/index.php\/wp-json\/wp\/v2\/media?parent=23685"}],"wp:term":[{"taxonomy":"category","embeddable":true,"href":"https:\/\/sindaopcpb.org.br\/index.php\/wp-json\/wp\/v2\/categories?post=23685"},{"taxonomy":"post_tag","embeddable":true,"href":"https:\/\/sindaopcpb.org.br\/index.php\/wp-json\/wp\/v2\/tags?post=23685"}],"curies":[{"name":"wp","href":"https:\/\/api.w.org\/{rel}","templated":true}]}}