{"id":23683,"date":"2023-07-02T18:34:15","date_gmt":"2023-07-02T21:34:15","guid":{"rendered":"https:\/\/wpa.wscom.com.br\/?p=909515"},"modified":"2023-07-02T18:34:15","modified_gmt":"2023-07-02T21:34:15","slug":"cine-bangue-tem-mostra-italiana-e-exibe-filme-sobre-maria-valeria-rezende-e-longa-inedito-de-ze-do-caixao","status":"publish","type":"post","link":"https:\/\/sindaopcpb.org.br\/index.php\/2023\/07\/02\/cine-bangue-tem-mostra-italiana-e-exibe-filme-sobre-maria-valeria-rezende-e-longa-inedito-de-ze-do-caixao\/","title":{"rendered":"Cine Bangu\u00ea tem mostra italiana e exibe filme sobre Maria Val\u00e9ria Rezende e longa in\u00e9dito de Z\u00e9 do Caix\u00e3o"},"content":{"rendered":"<p>A programa\u00e7\u00e3o de julho no Cine Bang\u00fc\u00ea da Funda\u00e7\u00e3o Espa\u00e7o Cultural da Para\u00edba (Funesc), em Jo\u00e3o Pessoa, come\u00e7ou neste s\u00e1bado (1), com \u2018Derrapada\u2019, \u2018Rodeo\u2019 e \u2018Sem ursos\u2019. A lista de longas-metragens inclui \u2018Mesmo que tudo d\u00ea errado, j\u00e1 deu certo\u2019, document\u00e1rio sobre a escritora Maria Val\u00e9ria Rezende, e um filme in\u00e9dito de Jos\u00e9 Mojica Marins, o Z\u00e9 do Caix\u00e3o: \u2018A praga\u2019. Dentro da programa\u00e7\u00e3o deste m\u00eas tamb\u00e9m vai acontecer o festival 8\u00bd Festa do Cinema Italiano.<\/p>\n<p>At\u00e9 o dia 23 deste m\u00eas, ser\u00e3o exibidos no Cine Bangu\u00ea os seguintes filmes nacionais: o document\u00e1rio \u2018Bem-vindos de novo\u2019, de Marcos Yoshi; a com\u00e9dia \u2018O mestre da fuma\u00e7a\u2019, de Andr\u00e9 Sigwalt; o drama\/romance \u2018O rio do desejo\u2019, de S\u00e9rgio Machado; e o drama \u2018Derrapada\u2019, de Pedro Amorim.<\/p>\n<p>Ainda o document\u00e1rio \u2018Mesmo que d\u00ea tudo errado, j\u00e1 deu tudo certo\u2019, de La\u00eds Chaffe (sobre a escritora Maria Val\u00e9ria Rezende); e o terror \u2018A praga\u2019, de Pedro Junqueira, Matheus Sundfeld, Luis Claudio Bonacura, C\u00e9dric Fanti e Jos\u00e9 Mojica Marins. Tamb\u00e9m os filmes estrangeiros \u2018Sem ursos\u2019 (drama iraniano de Jafar Panahi); e \u2018Rodeo\u2019 (drama franc\u00eas de Lola Quiveron).<\/p>\n<p>O Cine Bangu\u00ea fica no Espa\u00e7o Cultural Jos\u00e9 Lins do R\u00eago, no bairro de Tambauzinho, em Jo\u00e3o Pessoa. Os ingressos custam R$ 10 (inteira) e R$ 5 (meia). \u00c9 poss\u00edvel efetuar o pagamento via PIX. Datas e hor\u00e1rios das sess\u00f5es podem ser verificados por meio do Instagram oficial @cinebangue.<\/p>\n<p><b>8\u00bd Festa do Cinema Italiano<\/b>\u00a0&#8211; Dentro da programa\u00e7\u00e3o deste m\u00eas tamb\u00e9m vai acontecer o festival 8\u00bd Festa do Cinema Italiano, que est\u00e1 celebrando seu 10\u00ba anivers\u00e1rio. De 23 a 31 de julho, ser\u00e3o exibidos os dramas \u2018A estranha com\u00e9dia da vida\u2019, de Roberto And\u00f2; \u2018Nostalgia\u2019, de Mario Martone; \u2018Mundo c\u00e3o\u2019, de Alessandro Celli; e \u2018Onde a vida come\u00e7a\u2019, de St\u00e9phane Freiss.<\/p>\n<p>O festival 8\u00bd Festa do Cinema Italiano tamb\u00e9m vai exibir a com\u00e9dia rom\u00e2ntica \u2018Jogada de amor\u2019, de Riccardo Milani, e a anima\u00e7\u00e3o \u2018Interdito para c\u00e3es e italianos\u2019, de Alain Ughetto; al\u00e9m dos document\u00e1rios \u2018A viagem de Papa Francisco\u2019, de Gianfranco Rosi; e \u2018S\u00e9rgio Leone \u2013 O homem que inventou a Am\u00e9rica\u2019, de Francesco Zippel.<\/p>\n<p>Sendo um dos festivais de cinema mais apreciados no pa\u00eds, o conceito desta nova edi\u00e7\u00e3o leva um imagin\u00e1rio de f\u00e9rias e de viagem pela It\u00e1lia dos anos 80, porque os filmes marcam, tal como as viagens.<\/p>\n<p>O festival apresentar\u00e1 no Brasil uma sele\u00e7\u00e3o de 8 filmes, entre os mais importantes produzidos na It\u00e1lia no \u00faltimo ano, uma escolha que abranger\u00e1 desde obras de prestigiados diretores at\u00e9 realiza\u00e7\u00f5es de novos autores, filmes premiados em grandes festivais internacionais e sucessos de bilheteria.<\/p>\n<p>O Festival \u00e9 realizado pela Associa\u00e7\u00e3o Il Sorpasso \/ Risi Film Brasil com o apoio dos Institutos Italianos de Cultura de S\u00e3o Paulo e Rio de Janeiro e da Embaixada da It\u00e1lia, do Consulado Geral da It\u00e1lia no Rio de Janeiro, do MIBACT e da Cinecitt\u00e0, com organiza\u00e7\u00e3o log\u00edstica &#8211; Bonfilm.<\/p>\n<p><b>SINOPSES DOS FILMES<\/b><\/p>\n<p><b>DERRAPADA<\/b><\/p>\n<p>Dirigido por Pedro Amorim, a com\u00e9dia \u2018Derrapada\u2019 \u00e9 estrelada por Nanda Costa e Matheus Costa. \u00c9 uma adapta\u00e7\u00e3o de \u2018SLAM\u2019, romance do autor brit\u00e2nico Nick Hornby publicado em 2007. Sinopse: Samuca (Matheus Costa), um skatista de 17 anos, descobre que a namorada Alicia (Heslaine Vieira) est\u00e1 gr\u00e1vida. Ele repete a \u201cderrapada\u201d de Melina (Nanda Costa), sua m\u00e3e, que engravidou com a mesma idade. O filme aborda a tem\u00e1tica da gravidez na adolesc\u00eancia e tem como pano de fundo o universo do skate, com a participa\u00e7\u00e3o especial do campe\u00e3o mundial, o skatista Bob Burnquist.<\/p>\n<p><b>BEM-VINDOS DE NOVO<\/b><\/p>\n<p>Na virada do mil\u00eanio, os descendentes de japoneses Yayoko e Roberto Yoshisaki foram tentar uma vida melhor no Jap\u00e3o, enquanto seus tr\u00eas filhos ficaram no Brasil com os av\u00f3s. O casal retorna 13 anos depois, e a fam\u00edlia passa por uma complexa reconstru\u00e7\u00e3o afetiva. Essa \u00e9 a sinopse de \u2018Bem-vindos de novo\u2019, document\u00e1rio de Marcos Yoshi. \u00c9 a hist\u00f3ria de uma fam\u00edlia dividida entre a necessidade de garantir o sustento e o desejo de permanecer junta.<\/p>\n<p><b>O MESTRE DA FUMA\u00c7A<\/b><\/p>\n<p>\u2018O mestre da fuma\u00e7a\u2019 conta uma divertida hist\u00f3ria de Kung-Fu com muita a\u00e7\u00e3o, lutas coreografadas ao estilo KILL BILL e muitas refer\u00eancias aos grandes filmes do g\u00eanero de artes marciais. Essa com\u00e9dia brasileira dirigida por Andr\u00e9 Sigwalt e Augusto Soares \u00e9 inspirada no cinema de Hong Kong dos anos 60. \u00c9 uma com\u00e9dia baseada nos filmes da contracultura americana dos anos 1970 a 1990. A classifica\u00e7\u00e3o indicativa \u00e9 18 anos. Na 46\u00ba Mostra Internacional de Cinema em S\u00e3o Paulo esse longa ganhou o pr\u00eamio de melhor filme de fic\u00e7\u00e3o brasileiro (vota\u00e7\u00e3o do p\u00fablico).<\/p>\n<p><b>O RIO DO DESEJO\u00a0<\/b><\/p>\n<p>Com dire\u00e7\u00e3o de S\u00e9rgio Machado, \u2018O rio do desejo\u2019\u00a0\u00a0\u00e9 um \u2018romance dram\u00e1tico\u2019 com classifica\u00e7\u00e3o indicativa 16 anos. Sinopse: ao se apaixonar pela bela e misteriosa Ana\u00edra, Dalberto abandona seu trabalho na pol\u00edcia e se torna comandante de um barco. O casal passa a viver na casa que Dalberto divide com os dois irm\u00e3os, \u00e0s margens do Rio Negro, mas quando Dalberto \u00e9 obrigado a se arriscar em uma longa viagem rio acima, desejos proibidos v\u00eam \u00e0 tona.\u00a0\u00a0Enquanto Dalmo, o irm\u00e3o mais velho, luta para controlar a atra\u00e7\u00e3o que sente pela cunhada, Ana\u00edra e Armando, o ca\u00e7ula, se aproximam. A volta de Dalberto re\u00fane, sob o mesmo teto, os tr\u00eas irm\u00e3os apaixonados pela mesma mulher.<\/p>\n<p><b>A PRAGA\u00a0<\/b><\/p>\n<p>\u00daltimo filme in\u00e9dito dirigido pelo mestre do horror Jos\u00e9 Mojica Marins (Z\u00e9 do Caix\u00e3o), \u2018A praga\u2019 \u00e9 um filme de terror. Ap\u00f3s uma briga de casal, uma joga uma maldi\u00e7\u00e3o no marido, provocando uma ferida que se abre em seu corpo de forma descontrolada. O ferimento leva a uma fome insaci\u00e1vel por carne crua e precisa ser alimentado constantemente para ser saciado. Como abertura do filme, o curta-metragem &#8220;A \u00daltima Praga de Mojica&#8221; relata o processo de resgate e finaliza\u00e7\u00e3o de \u2018A praga\u2019. Produzido originalmente em 1980, o filme n\u00e3o chegou a ser conclu\u00eddo e era dado como perdido.<\/p>\n<p><b>SEM URSOS<\/b><\/p>\n<p>Esse filme retrata duas hist\u00f3rias de amor paralelas. Em ambas, os amantes s\u00e3o atormentados por obst\u00e1culos ocultos e inevit\u00e1veis, a for\u00e7a da supersti\u00e7\u00e3o e a mec\u00e2nica do poder. O aclamado diretor iraniano Jafar Panahi foi preso antes do lan\u00e7amento de seu mais recente filme, &#8216;Sem Ursos&#8217;, no Festival de Veneza em 2022. Ele passou sete meses na pris\u00e3o e foi colocado em pris\u00e3o domiciliar ap\u00f3s fazer greve de fome. \u2018Sem ursos\u2019 foi premiado no Festival de Veneza.<b><\/b><\/p>\n<p><b>RODEO\u00a0<\/b><\/p>\n<p>Lola Quiveron \u00e9 a diretora desse drama franc\u00eas com classifica\u00e7\u00e3o indicativa 14 anos. Vencedor do pr\u00eamio Coup de Coeur no Un Certain Regard do Festival de Cannes 2022, o longa acompanha Julia (Julie Ledru), uma mulher independente que \u00e9 apaixonada por motos. Para provar o seu valor em um universo liderado por homens, ela ter\u00e1 de enfrentar uma s\u00e9rie de desafios arriscados a mando de um grupo clandestino.<\/p>\n<p><b>MESMO QUE TUDO D\u00ca ERRADO, J\u00c1 DEU TUDO CERTO<\/b><\/p>\n<p>&nbsp;<\/p>\n<p><img decoding=\"async\" src=\"https:\/\/paraiba.pb.gov.br\/noticias\/bangue-tem-mostra-italiana-e-exibe-filme-sobre-maria-valeria-rezende-e-longa-inedito-de-ze-do-caixao\/maria-valeria-rezende2.jpg\/@@images\/013f88a7-1144-4e53-a1fb-190b5058ab46.jpeg\" alt=\"MARIA VALERIA REZENDE2.jpg\" title=\"\"><\/p>\n<p>&nbsp;<\/p>\n<p>\u2018Mesmo que tudo d\u00ea errado, j\u00e1 deu tudo certo\u2019 \u00e9 um document\u00e1rio de La\u00eds Chaffe sobre a escritora Maria Val\u00e9ria Rezende, um dos maiores nomes da literatura contempor\u00e2nea brasileira. No filme, ela conversa sobre suas andan\u00e7as pelo mundo, a resist\u00eancia \u00e0 ditadura, a op\u00e7\u00e3o pelas pessoas invisibilizadas, as influ\u00eancias, o movimento Mulherio das Letras. Com humor, questiona r\u00f3tulos como o de &#8220;freira feminista\u201d e \u201cfreira comunista\u201d. Maria Val\u00e9ria \u00e9 de Santos (SP), mas est\u00e1 radicada na Para\u00edba h\u00e1 muitas d\u00e9cadas. Ela \u00e9 vencedora de v\u00e1rias estatuetas do Pr\u00eamio Jabuti.<\/p>\n<p><b>SINOPSES DA 8\u00bd FESTA DO CINEMA ITALIANO<\/b><\/p>\n<p><b>A ESTRANHA COM\u00c9DIA DA VIDA<\/b><\/p>\n<p>Roberto And\u00f2 \u00e9 o diretor dessa com\u00e9dia com classifica\u00e7\u00e3o indicativa 14 anos. Leveza e solenidade colidem docemente num filme que nos apresenta um imponente Toni Servillo interpretando Luigi Pirandello, um dos mais not\u00e1veis dramaturgos do s\u00e9culo XX, em uma crise criativa e em viagem \u00e0 Sic\u00edlia. Os eventos transformadores que tomam lugar durante a sua estadia ir\u00e3o lev\u00e1-lo a criar \u201cSeis Personagens \u00e0 Procura de Um Autor\u201d, uma obra que viria a revolucionar a hist\u00f3ria do teatro contempor\u00e2neo.<\/p>\n<p><b>NOSTALGIA<\/b><\/p>\n<p>Depois de v\u00e1rios anos vivendo no Egito, Felice Lasco retorna a N\u00e1poles para reencontrar a m\u00e3e idosa que havia abandonado sem aviso quando ainda era adolescente. Nesse drama dirigido por Mario Martone, a volta \u00e0 cidade natal mostra o protagonisra perdido entre as pedras das casas e as igrejas do bairro de Sanit\u00e0, imerso nas palavras de uma l\u00edngua que agora percebe como estrangeira, mas que na verdade \u00e9 a sua. Quando se torna evidente que N\u00e1poles representa uma vida perdida para ele e que deve voltar o mais rapidamente poss\u00edvel para o lugar de onde veio, Felice v\u00ea-se tomado pela for\u00e7a invenc\u00edvel da nostalgia.<\/p>\n<p><b>A VIAGEM DE PAPA FRANCISCO<\/b><\/p>\n<p>Esse document\u00e1rio de Gianfranco Rosi tem ess\u00eancia existencialista, criando um valioso di\u00e1logo entre as viagens do Papa Francisco e o estado do nosso mundo. Instigado pelo fato de duas das viagens do Papa &#8211; a primeira aos refugiados que desembarcam em Lampedusa; a segunda, em 2021, ao M\u00e9dio Oriente &#8211; espelharem de t\u00e3o perto os itiner\u00e1rios dos seus filmes &#8220;Fogo no Mar&#8221; e &#8220;Noturno&#8221;, Gianfranco Rosi prop\u00f5e-se a ir no encal\u00e7o do atual l\u00edder mundial da Igreja Cat\u00f3lica.<\/p>\n<p><b>ONDE A VIDA COME\u00c7A<\/b><\/p>\n<p>&nbsp;<\/p>\n<p><img decoding=\"async\" src=\"https:\/\/paraiba.pb.gov.br\/noticias\/bangue-tem-mostra-italiana-e-exibe-filme-sobre-maria-valeria-rezende-e-longa-inedito-de-ze-do-caixao\/onde-a-vida-comeca.jpg\/@@images\/4481d1fe-01fe-497d-8cd3-be33f96db66a.jpeg\" alt=\"ONDE A VIDA COMECA.jpg\" title=\"\"><\/p>\n<p>&nbsp;<\/p>\n<p>Com classifica\u00e7\u00e3o indicativa 16 anos, \u2018Onde a vida come\u00e7a\u2019 \u00e9 um drama com dire\u00e7\u00e3o de St\u00e9phane Freiss. Sinopse: uma fam\u00edlia judaica ultra-ortodoxa de Aix-les-Bains viaja todos os anos a uma quinta na Cal\u00e1bria para levar a cabo uma miss\u00e3o sagrada: a colheita de citrus medica, uma esp\u00e9cie de citrino utilizado na festa de Sucot. Esta peregrina\u00e7\u00e3o ir\u00e1 unir os caminhos de Esther, filha do rabino, e Elio, o propriet\u00e1rio da quinta. No seu filme de estreia, St\u00e9phane Freiss assina um sens\u00edvel e ponderado drama existencial sobre a tradi\u00e7\u00e3o e o surpreendente caminho para a liberdade.<\/p>\n<p><b>SERGIO LEONE &#8211; O HOMEM QUE INVENTOU A AM\u00c9RICA<\/b><\/p>\n<p>\u00cdcones de Hollywood, colaboradores e amigos de longa data juntam-se nesse document\u00e1rio para falar sobre o incompar\u00e1vel legado de Sergio Leone. A dire\u00e7\u00e3o \u00e9 de Francesco Zippel. Filme assinala o recente trig\u00e9simo anivers\u00e1rio da morte de Sergio Leone. Nomes como Clint Eastwood, Martin Scorsese, Dario Argento, Steven Spielberg e Quentin Tarantino se juntam para prestar homenagem ao cineasta vision\u00e1rio mais conhecido como uma das figuras criadoras do \u2018faroeste espaguete\u2019 e autor do maravilhoso filme \u2018Era uma vez no oeste\u2019.<\/p>\n<p><b>JOGADA DE AMOR<\/b><\/p>\n<p>Essa com\u00e9dia rom\u00e2ntica dirigida por Riccardo Milani tem classifica\u00e7\u00e3o indicativa 14 anos. O cineasta revisita o sucesso do cinema franc\u00eas \u2018De carona para o amor\u2019, que usa a ironia para abordar temas t\u00e3o pertinentes como a defici\u00eancia e o machismo. Uma com\u00e9dia subversiva e verdadeiramente singular protagonizada pelo talentoso Pierfrancesco Favino, vencedor da Coppa Volpi, o principal pr\u00eamio entregue anualmente aos melhores atores e atrizes no Festival de Veneza.<\/p>\n<p><b>MUNDO C\u00c3O<\/b><\/p>\n<p>Alessandro Celli apresenta ao espectador uma mistura de drama e suspense em um cen\u00e1rio p\u00f3s-apocal\u00edptico de viol\u00eancia, crueldade e inoc\u00eancia perdida. Sinopse: no futuro, a cidade de Taranto foi isolada do resto do pa\u00eds e evacuada devido aos danos causados pela siderurgia. Dentro das cercas, gangues criminosas lutam pelo controle do territ\u00f3rio. \u2018Mundo c\u00e3o\u2019 \u00e9 um s\u00f3lido exerc\u00edcio que mistura o tom p\u00f3s-apocal\u00edptico com o cyberpunk, pessimista como o g\u00eanero exige, num cen\u00e1rio dist\u00f3pico onde Roma j\u00e1 n\u00e3o \u00e9 a capital.<\/p>\n<p><b>INTERDITO PARA C\u00c3ES E ITALIANOS<\/b><\/p>\n<p>Anima\u00e7\u00e3o com pouco mais de uma hora de dura\u00e7\u00e3o, \u2018Interdito para c\u00e3es e italianos\u2019 tem dire\u00e7\u00e3o de Alain Ughetto e classifica\u00e7\u00e3o indicativa 14 anos. Um filme magistral pela delicadeza e precis\u00e3o com que reconta atrav\u00e9s da anima\u00e7\u00e3o a It\u00e1lia daqueles que foram definidos como \u201cos \u00faltimos\u201d. Vencedor do Pr\u00e9mio do J\u00fari no prestigiado Festival de Annecy, uma obra onde o imagin\u00e1rio terno e singelo do autor se cruza com uma forte componente hist\u00f3rica, resultando num filme de uma vibrante complexidade.<\/p>\n<p><b>HOR\u00c1RIOS DOS FILMES<\/b><\/p>\n<p><b>\u00a0<\/b><\/p>\n<p><b>DERRAPADA (1h44)<\/b><\/p>\n<p>01\/07 &#8211; S\u00e1bado \u00e0s 15h00<\/p>\n<p>03\/07 &#8211; Segunda-feira \u00e0s 18h30<\/p>\n<p>05\/07 &#8211; Quarta-feira \u00e0s 20h30<\/p>\n<p>08\/07 &#8211; S\u00e1bado \u00e0s 19h00<\/p>\n<p>11\/07 &#8211; Ter\u00e7a-feira \u00e0s 20h30<\/p>\n<p>15\/07 &#8211; S\u00e1bado \u00e0s 15h00<\/p>\n<p><b>\u00a0<\/b><\/p>\n<p><b>BEM-VINDOS DE NOVO (1h45)<\/b><\/p>\n<p>04\/07 &#8211; Ter\u00e7a-feira \u00e0s 18h30<\/p>\n<p>08\/07 &#8211; S\u00e1bado \u00e0s 15h00<\/p>\n<p>10\/07 &#8211; Segunda-feira \u00e0s 18h30<\/p>\n<p>12\/07 &#8211; Quarta-feira \u00e0s 18h30<\/p>\n<p>15\/07 &#8211; S\u00e1bado \u00e0s 17h00<\/p>\n<p>23\/07 &#8211; Domingo \u00e0s 16h00<\/p>\n<p><b>\u00a0<\/b><\/p>\n<p><b>O MESTRE DA FUMA\u00c7A (1h45)<\/b><\/p>\n<p>02\/07 &#8211; Domingo \u00e0s 16h00<\/p>\n<p>06\/07 &#8211; Quinta-feira \u00e0s 18h30<\/p>\n<p>08\/07 &#8211; S\u00e1bado \u00e0s 17h00<\/p>\n<p>10\/07 &#8211; Segunda-feira \u00e0s 20h30<\/p>\n<p>12\/07 &#8211; Quarta-feira \u00e0s 20h30<\/p>\n<p>18\/07 &#8211; Ter\u00e7a-feira \u00e0s 20h30<\/p>\n<p><b>\u00a0<\/b><\/p>\n<p><b>O RIO DO DESEJO (1h47)<\/b><\/p>\n<p>02\/07 &#8211; Domingo \u00e0s 18h00<\/p>\n<p>05\/07 &#8211; Quarta-feira \u00e0s 18h30<\/p>\n<p>09\/07 &#8211; Domingo \u00e0s 16h00<\/p>\n<p>17\/07 -Segunda-feira \u00e0s 18h30<\/p>\n<p>20\/07 &#8211; Quinta-feira \u00e0s 20h30<\/p>\n<p>22\/07 &#8211; S\u00e1bado \u00e0s 15h00<\/p>\n<p><b>\u00a0<\/b><\/p>\n<p><b>A PRAGA (1h50)<\/b><\/p>\n<p>06\/07 &#8211; Quinta-feira \u00e0s 20h30<\/p>\n<p>09\/07 &#8211; Domingo \u00e0s 18h00<\/p>\n<p>11\/07 &#8211; Ter\u00e7a-feira \u00e0s 18h30<\/p>\n<p>15\/07 &#8211; S\u00e1bado \u00e0s 19h00<\/p>\n<p>17\/07 &#8211; Segunda-feira \u00e0s 20h00<\/p>\n<p>22\/07 &#8211; S\u00e1bado \u00e0s 17h00<\/p>\n<p><b>\u00a0<\/b><\/p>\n<p><b>SEM URSOS (1h46)<\/b><\/p>\n<p>01\/07 &#8211; S\u00e1bado \u00e0s 19h00<\/p>\n<p>04\/07 &#8211; Ter\u00e7a-feira \u00e0s 20h30<\/p>\n<p>13\/07 &#8211; Quinta-feira \u00e0s 20h30<\/p>\n<p>16\/07 &#8211; Domingo \u00e0s 18h00<\/p>\n<p>19\/07 &#8211; Quarta-feira \u00e0s 18h30<\/p>\n<p>&nbsp;<\/p>\n<p><b>RODEO (1h45)<\/b><\/p>\n<p>01\/07 &#8211; S\u00e1bado \u00e0s 17h00<\/p>\n<p>03\/07 &#8211; Segunda-feira \u00e0s 20h30<\/p>\n<p>13\/07 &#8211; Quinta-feira \u00e0s 18h30<\/p>\n<p>16\/07 &#8211; Domingo \u00e0s 16h00<\/p>\n<p>19\/07 &#8211; Quarta-feira \u00e0s 20h30<\/p>\n<p>&nbsp;<\/p>\n<p><b>MESMO QUE TUDO D\u00ca ERRADO, J\u00c1 DEU TUDO CERTO (2h)<\/b><\/p>\n<p>18\/07 &#8211; Ter\u00e7a-feira \u00e0s 18h15<\/p>\n<p>20\/07 &#8211; Quinta-feira \u00e0s 20h30<\/p>\n<p>22\/07 &#8211; S\u00e1bado \u00e0s 19h00<\/p>\n<p>&nbsp;<\/p>\n<p><b>HOR\u00c1RIOS DA 8\u00bd FESTA DO CINEMA ITALIANO<\/b><\/p>\n<p><b>A VIAGEM DE PAPA FRANCISCO &#8211; IN VIAGGIO (1h20)<\/b><\/p>\n<p>25\/07 &#8211; Ter\u00e7a-feira \u00e0s 18h30<\/p>\n<p>30\/07 &#8211; Domingo \u00e0s 18h00<\/p>\n<p>&nbsp;<\/p>\n<p><b>A ESTRANHA COM\u00c9DIA DA VIDA (1h43)<\/b><\/p>\n<p>23\/07 &#8211; Domingo \u00e0s 18h00<\/p>\n<p>27\/07 &#8211; Quinta-feira \u00e0s 20h30<\/p>\n<p>&nbsp;<\/p>\n<p><b>SERGIO LEONE &#8211; O HOMEM QUE INVENTOU A AM\u00c9RICA (1h47)<\/b><\/p>\n<p>24\/07 &#8211; Segunda-feira \u00e0s 18h30<\/p>\n<p>29\/07 &#8211; S\u00e1bado \u00e0s 19h00<\/p>\n<p>&nbsp;<\/p>\n<p><b>NOSTALGIA (1h58)<\/b><\/p>\n<p>25\/07 Ter\u00e7a-feira \u00e0s 20h30<\/p>\n<p>31\/07 &#8211; Segunda-feira \u00e0s 18h30<\/p>\n<p>&nbsp;<\/p>\n<p><b>JOGADA DE AMOR (1h53)<\/b><\/p>\n<p>26\/07 &#8211; Quarta-feira \u00e0s 20h30<\/p>\n<p>30\/07 &#8211; Domingo \u00e0s 16h00<\/p>\n<p>&nbsp;<\/p>\n<p><b>INTERDITO PARA C\u00c3ES E ITALIANOS\u00a0<\/b><\/p>\n<p>29\/07 &#8211; S\u00e1bado \u00e0s 15h00<\/p>\n<p>26\/07 &#8211; Quarta-feira \u00e0s 18h30<\/p>\n<p>&nbsp;<\/p>\n<p><b>MUNDO C\u00c3O (1h50)<\/b><\/p>\n<p>27\/07 &#8211; Quinta-feira \u00e0s 18h30<\/p>\n<p>31\/07 &#8211; Segunda &#8211; feira \u00e0s 20h30<\/p>\n<p>&nbsp;<\/p>\n<p><b>ONDE A VIDA COME\u00c7A (1h39)<\/b><\/p>\n<p>24\/07 &#8211; Segunda-feira \u00e0s 20h30<\/p>\n<p>29\/07 &#8211; S\u00e1bado \u00e0s 17h00<\/p>\n<p>O post <a rel=\"nofollow noopener\" href=\"https:\/\/wscom.com.br\/cine-bangue-tem-mostra-italiana-e-exibe-filme-sobre-maria-valeria-rezende-e-longa-inedito-de-ze-do-caixao\/\" target=\"_blank\">Cine Bangu\u00ea tem mostra italiana e exibe filme sobre Maria Val\u00e9ria Rezende e longa in\u00e9dito de Z\u00e9 do Caix\u00e3o<\/a> apareceu primeiro em <a rel=\"nofollow noopener\" href=\"https:\/\/wscom.com.br\/\" target=\"_blank\">WSCOM<\/a>.<\/p>\n","protected":false},"excerpt":{"rendered":"<p>A programa\u00e7\u00e3o de julho no Cine Bang\u00fc\u00ea da Funda\u00e7\u00e3o Espa\u00e7o Cultural da Para\u00edba (Funesc), em Jo\u00e3o Pessoa, come\u00e7ou neste s\u00e1bado (1), com \u2018Derrapada\u2019, \u2018Rodeo\u2019 e \u2018Sem ursos\u2019. A lista de longas-metragens inclui \u2018Mesmo que tudo d\u00ea errado, j\u00e1 deu certo\u2019, document\u00e1rio sobre a escritora Maria Val\u00e9ria Rezende, e um filme in\u00e9dito de Jos\u00e9 Mojica Marins, [\u2026]<\/p>\n<p>O post <a rel=\"nofollow\" href=\"https:\/\/wscom.com.br\/cine-bangue-tem-mostra-italiana-e-exibe-filme-sobre-maria-valeria-rezende-e-longa-inedito-de-ze-do-caixao\/\">Cine Bangu\u00ea tem mostra italiana e exibe filme sobre Maria Val\u00e9ria Rezende e longa in\u00e9dito de Z\u00e9 do Caix\u00e3o<\/a> apareceu primeiro em <a rel=\"nofollow\" href=\"https:\/\/wscom.com.br\/\">WSCOM<\/a>.<\/p>\n","protected":false},"author":49,"featured_media":0,"comment_status":"closed","ping_status":"closed","sticky":false,"template":"","format":"standard","meta":{"advgb_blocks_editor_width":"","advgb_blocks_columns_visual_guide":"","footnotes":""},"categories":[1234,940,1569,34,5681,5682],"tags":[35],"class_list":["post-23683","post","type-post","status-publish","format-standard","hentry","category-cine-bangue","category-cinema","category-espaco-cultural","category-g1","category-mostra-italiana","category-ze-do-caixao","tag-g1"],"author_meta":{"display_name":"Cristiane Cavalcante","author_link":"https:\/\/sindaopcpb.org.br\/author\/cristiane-cavalcante\/"},"featured_img":null,"coauthors":[],"tax_additional":{"categories":{"linked":["<a href=\"https:\/\/sindaopcpb.org.br\/cine-bangue\/\" class=\"advgb-post-tax-term\">cine bangu\u00ea<\/a>","<a href=\"https:\/\/sindaopcpb.org.br\/cinema\/\" class=\"advgb-post-tax-term\">Cinema<\/a>","<a href=\"https:\/\/sindaopcpb.org.br\/espaco-cultural\/\" class=\"advgb-post-tax-term\">Espa\u00e7o Cultural<\/a>","<a href=\"https:\/\/sindaopcpb.org.br\/g1\/\" class=\"advgb-post-tax-term\">G1<\/a>","<a href=\"https:\/\/sindaopcpb.org.br\/mostra-italiana\/\" class=\"advgb-post-tax-term\">mostra italiana<\/a>","<a href=\"https:\/\/sindaopcpb.org.br\/ze-do-caixao\/\" class=\"advgb-post-tax-term\">Z\u00e9 do Caix\u00e3o<\/a>"],"unlinked":["<span class=\"advgb-post-tax-term\">cine bangu\u00ea<\/span>","<span class=\"advgb-post-tax-term\">Cinema<\/span>","<span class=\"advgb-post-tax-term\">Espa\u00e7o Cultural<\/span>","<span class=\"advgb-post-tax-term\">G1<\/span>","<span class=\"advgb-post-tax-term\">mostra italiana<\/span>","<span class=\"advgb-post-tax-term\">Z\u00e9 do Caix\u00e3o<\/span>"]},"tags":{"linked":["<a href=\"https:\/\/sindaopcpb.org.br\/ze-do-caixao\/\" class=\"advgb-post-tax-term\">g1<\/a>"],"unlinked":["<span class=\"advgb-post-tax-term\">g1<\/span>"]}},"comment_count":"0","relative_dates":{"created":"Publicado 3 anos atr\u00e1s","modified":"Atualizado 3 anos atr\u00e1s"},"absolute_dates":{"created":"Publicado em 2 de julho de 2023","modified":"Atualizado em 2 de julho de 2023"},"absolute_dates_time":{"created":"Publicado em 2 de julho de 2023 18:34","modified":"Atualizado em 2 de julho de 2023 18:34"},"featured_img_caption":"","series_order":"","_links":{"self":[{"href":"https:\/\/sindaopcpb.org.br\/index.php\/wp-json\/wp\/v2\/posts\/23683","targetHints":{"allow":["GET"]}}],"collection":[{"href":"https:\/\/sindaopcpb.org.br\/index.php\/wp-json\/wp\/v2\/posts"}],"about":[{"href":"https:\/\/sindaopcpb.org.br\/index.php\/wp-json\/wp\/v2\/types\/post"}],"author":[{"embeddable":true,"href":"https:\/\/sindaopcpb.org.br\/index.php\/wp-json\/wp\/v2\/users\/49"}],"replies":[{"embeddable":true,"href":"https:\/\/sindaopcpb.org.br\/index.php\/wp-json\/wp\/v2\/comments?post=23683"}],"version-history":[{"count":1,"href":"https:\/\/sindaopcpb.org.br\/index.php\/wp-json\/wp\/v2\/posts\/23683\/revisions"}],"predecessor-version":[{"id":23684,"href":"https:\/\/sindaopcpb.org.br\/index.php\/wp-json\/wp\/v2\/posts\/23683\/revisions\/23684"}],"wp:attachment":[{"href":"https:\/\/sindaopcpb.org.br\/index.php\/wp-json\/wp\/v2\/media?parent=23683"}],"wp:term":[{"taxonomy":"category","embeddable":true,"href":"https:\/\/sindaopcpb.org.br\/index.php\/wp-json\/wp\/v2\/categories?post=23683"},{"taxonomy":"post_tag","embeddable":true,"href":"https:\/\/sindaopcpb.org.br\/index.php\/wp-json\/wp\/v2\/tags?post=23683"}],"curies":[{"name":"wp","href":"https:\/\/api.w.org\/{rel}","templated":true}]}}