{"id":23667,"date":"2023-07-02T15:35:00","date_gmt":"2023-07-02T18:35:00","guid":{"rendered":"https:\/\/www.infomoney.com.br\/?p=2176393"},"modified":"2023-07-02T15:35:00","modified_gmt":"2023-07-02T18:35:00","slug":"pt-questiona-constitucionalidade-da-privatizacao-da-copel-no-stf","status":"publish","type":"post","link":"https:\/\/sindaopcpb.org.br\/index.php\/2023\/07\/02\/pt-questiona-constitucionalidade-da-privatizacao-da-copel-no-stf\/","title":{"rendered":"PT questiona constitucionalidade da privatiza\u00e7\u00e3o da Copel no STF"},"content":{"rendered":"<p><img loading=\"lazy\" width=\"300\" height=\"201\" src=\"https:\/\/www.infomoney.com.br\/wp-content\/uploads\/2019\/06\/copel-10-fabrica.jpg?fit=300%2C201&amp;quality=70&amp;strip=all\" class=\"attachment-medium size-medium wp-post-image\" alt=\"\" decoding=\"async\" style=\"float:right; margin:0 0 10px 10px;\" srcset=\"https:\/\/www.infomoney.com.br\/wp-content\/uploads\/2019\/06\/copel-10-fabrica.jpg?w=620&amp;quality=70&amp;strip=all 620w, https:\/\/www.infomoney.com.br\/wp-content\/uploads\/2019\/06\/copel-10-fabrica.jpg?w=300&amp;quality=70&amp;strip=all 300w, https:\/\/www.infomoney.com.br\/wp-content\/uploads\/2019\/06\/copel-10-fabrica.jpg?w=150&amp;quality=70&amp;strip=all 150w\" sizes=\"auto, (max-width: 300px) 100vw, 300px\" data-attachment-id=\"27146\" data-permalink=\"https:\/\/www.infomoney.com.br\/copel-10-fabrica\/\" data-orig-file=\"https:\/\/www.infomoney.com.br\/wp-content\/uploads\/2019\/06\/copel-10-fabrica.jpg?fit=620%2C415&amp;quality=70&amp;strip=all\" data-orig-size=\"620,415\" data-comments-opened=\"1\" data-image-meta=\"{&quot;aperture&quot;:&quot;0&quot;,&quot;credit&quot;:&quot;&quot;,&quot;camera&quot;:&quot;&quot;,&quot;caption&quot;:&quot;&quot;,&quot;created_timestamp&quot;:&quot;0&quot;,&quot;copyright&quot;:&quot;&quot;,&quot;focal_length&quot;:&quot;0&quot;,&quot;iso&quot;:&quot;0&quot;,&quot;shutter_speed&quot;:&quot;0&quot;,&quot;title&quot;:&quot;&quot;,&quot;orientation&quot;:&quot;0&quot;}\" data-image-title=\"copel-10-fabrica\" data-image-description=\"\" data-image-caption=\"\" data-medium-file=\"https:\/\/www.infomoney.com.br\/wp-content\/uploads\/2019\/06\/copel-10-fabrica.jpg?fit=300%2C201&amp;quality=70&amp;strip=all\" data-large-file=\"https:\/\/www.infomoney.com.br\/wp-content\/uploads\/2019\/06\/copel-10-fabrica.jpg?fit=620%2C415&amp;quality=70&amp;strip=all\" title=\"\"><\/p>\n<p>O Partido dos Trabalhadores (PT) entrou na sexta-feira, 30, com uma A\u00e7\u00e3o Direta de Inconstitucionalidade (ADI) no Supremo Tribunal Federal (STF) questionando a opera\u00e7\u00e3o de capitaliza\u00e7\u00e3o da Copel (<a href=\"https:\/\/www.infomoney.com.br\/cotacoes\/b3\/acao\/copel-cple6\/\" rel=\"noopener nofollow\" target=\"_blank\">CPLE6<\/a>), que permitir\u00e1 sua privatiza\u00e7\u00e3o nos moldes do que foi feito na Eletrobras (<a href=\"https:\/\/www.infomoney.com.br\/cotacoes\/b3\/acao\/eletrobras-elet3\/\" rel=\"noopener nofollow\" target=\"_blank\">ELET3<\/a>).<\/p>\n<p>A sigla pede que uma medida cautelar suspenda o processo de capitaliza\u00e7\u00e3o. Al\u00e9m disso, o partido pede que seja considerada inconstitucional, ap\u00f3s a an\u00e1lise do m\u00e9rito, uma s\u00e9rie de artigos da Lei Estadual n\u00ba 21.272, de 24 de novembro de 2022, que autorizou a opera\u00e7\u00e3o.<\/p>\n<p>De acordo com o PT, a medida viola o pacto federativo &#8220;devido a interfer\u00eancia do Estado do Paran\u00e1 em direito de Propriedade da Uni\u00e3o Federal&#8221;. O partido argumenta que h\u00e1 o impedimento de que qualquer acionista ou grupo de acionistas exer\u00e7a votos em n\u00famero superior a dez por cento da quantidade de a\u00e7\u00f5es. O BNDESPar, diz o partido, conta com aproximadamente 24% do capital social da Copel.<\/p>\n<p>A legenda afirma ainda que o texto fere com os princ\u00edpios constitucionais da &#8220;razoabilidade, da proporcionalidade, da impessoalidade, da moralidade e da efici\u00eancia da Administra\u00e7\u00e3o P\u00fablica&#8221; frente ao que seria uma &#8220;grave les\u00e3o causada ao patrim\u00f4nio e ao interesse p\u00fablico no processo de desestatiza\u00e7\u00e3o&#8221; da empresa de energia paranaense.<\/p>\n<p>A ADI questiona tamb\u00e9m o processo de aprova\u00e7\u00e3o da Lei, afirmando que houve a &#8220;viola\u00e7\u00e3o ao devido processo legislativo e supress\u00e3o do debate parlamentar&#8221; durante sua aprova\u00e7\u00e3o.<\/p>\n<p>The post <a rel=\"nofollow noopener\" href=\"https:\/\/www.infomoney.com.br\/mercados\/pt-questiona-constitucionalidade-da-privatizacao-da-copel-no-stf\/\" target=\"_blank\">PT questiona constitucionalidade da privatiza\u00e7\u00e3o da Copel no STF<\/a> appeared first on <a rel=\"nofollow noopener\" href=\"https:\/\/www.infomoney.com.br\/\" target=\"_blank\">InfoMoney<\/a>.<\/p>\n","protected":false},"excerpt":{"rendered":"<p><img loading=\"lazy\" decoding=\"async\" width=\"300\" height=\"201\" src=\"https:\/\/www.infomoney.com.br\/wp-content\/uploads\/2019\/06\/copel-10-fabrica.jpg?fit=300%2C201&amp;quality=70&amp;strip=all\" class=\"attachment-medium size-medium wp-post-image\" alt=\"\" data-attachment-id=\"27146\" data-permalink=\"https:\/\/www.infomoney.com.br\/copel-10-fabrica\/\" data-orig-file=\"https:\/\/www.infomoney.com.br\/wp-content\/uploads\/2019\/06\/copel-10-fabrica.jpg?fit=620%2C415&amp;quality=70&amp;strip=all\" data-orig-size=\"620,415\" data-comments-opened=\"1\" data-image-meta='{\"aperture\":\"0\",\"credit\":\"\",\"camera\":\"\",\"caption\":\"\",\"created_timestamp\":\"0\",\"copyright\":\"\",\"focal_length\":\"0\",\"iso\":\"0\",\"shutter_speed\":\"0\",\"title\":\"\",\"orientation\":\"0\"}' data-image-title=\"copel-10-fabrica\" data-image-description=\"\" data-image-caption=\"\" data-medium-file=\"https:\/\/www.infomoney.com.br\/wp-content\/uploads\/2019\/06\/copel-10-fabrica.jpg?fit=300%2C201&amp;quality=70&amp;strip=all\" data-large-file=\"https:\/\/www.infomoney.com.br\/wp-content\/uploads\/2019\/06\/copel-10-fabrica.jpg?fit=620%2C415&amp;quality=70&amp;strip=all\">Sigla pede que uma medida cautelar suspenda o processo de capitaliza\u00e7\u00e3o<\/p>\n<p>The post <a rel=\"nofollow\" href=\"https:\/\/www.infomoney.com.br\/mercados\/pt-questiona-constitucionalidade-da-privatizacao-da-copel-no-stf\/\">PT questiona constitucionalidade da privatiza\u00e7\u00e3o da Copel no STF<\/a> appeared first on <a rel=\"nofollow\" href=\"https:\/\/www.infomoney.com.br\/\">InfoMoney<\/a>.<\/p>\n","protected":false},"author":43,"featured_media":0,"comment_status":"closed","ping_status":"closed","sticky":false,"template":"","format":"standard","meta":{"advgb_blocks_editor_width":"","advgb_blocks_columns_visual_guide":"","footnotes":""},"categories":[1859,121,34,127,120,47,365,2243,449],"tags":[35],"class_list":["post-23667","post","type-post","status-publish","format-standard","hentry","category-copel","category-energia","category-g1","category-mercados","category-negocios","category-politica","category-privatizacao","category-privatizacoes","category-stf","tag-g1"],"author_meta":{"display_name":"Estad\u00e3o Conte\u00fado","author_link":"https:\/\/sindaopcpb.org.br\/author\/estadao-conteudo\/"},"featured_img":null,"coauthors":[],"tax_additional":{"categories":{"linked":["<a href=\"https:\/\/sindaopcpb.org.br\/copel\/\" class=\"advgb-post-tax-term\">Copel<\/a>","<a href=\"https:\/\/sindaopcpb.org.br\/energia\/\" class=\"advgb-post-tax-term\">Energia<\/a>","<a href=\"https:\/\/sindaopcpb.org.br\/g1\/\" class=\"advgb-post-tax-term\">G1<\/a>","<a href=\"https:\/\/sindaopcpb.org.br\/mercados\/\" class=\"advgb-post-tax-term\">Mercados<\/a>","<a href=\"https:\/\/sindaopcpb.org.br\/negocios\/\" class=\"advgb-post-tax-term\">Neg\u00f3cios<\/a>","<a href=\"https:\/\/sindaopcpb.org.br\/politica\/\" class=\"advgb-post-tax-term\">POLITICA<\/a>","<a href=\"https:\/\/sindaopcpb.org.br\/privatizacao\/\" class=\"advgb-post-tax-term\">Privatiza\u00e7\u00e3o<\/a>","<a href=\"https:\/\/sindaopcpb.org.br\/privatizacoes\/\" class=\"advgb-post-tax-term\">Privatiza\u00e7\u00f5es<\/a>","<a href=\"https:\/\/sindaopcpb.org.br\/stf\/\" class=\"advgb-post-tax-term\">STF<\/a>"],"unlinked":["<span class=\"advgb-post-tax-term\">Copel<\/span>","<span class=\"advgb-post-tax-term\">Energia<\/span>","<span class=\"advgb-post-tax-term\">G1<\/span>","<span class=\"advgb-post-tax-term\">Mercados<\/span>","<span class=\"advgb-post-tax-term\">Neg\u00f3cios<\/span>","<span class=\"advgb-post-tax-term\">POLITICA<\/span>","<span class=\"advgb-post-tax-term\">Privatiza\u00e7\u00e3o<\/span>","<span class=\"advgb-post-tax-term\">Privatiza\u00e7\u00f5es<\/span>","<span class=\"advgb-post-tax-term\">STF<\/span>"]},"tags":{"linked":["<a href=\"https:\/\/sindaopcpb.org.br\/stf\/\" class=\"advgb-post-tax-term\">g1<\/a>"],"unlinked":["<span class=\"advgb-post-tax-term\">g1<\/span>"]}},"comment_count":"0","relative_dates":{"created":"Publicado 3 anos atr\u00e1s","modified":"Atualizado 3 anos atr\u00e1s"},"absolute_dates":{"created":"Publicado em 2 de julho de 2023","modified":"Atualizado em 2 de julho de 2023"},"absolute_dates_time":{"created":"Publicado em 2 de julho de 2023 15:35","modified":"Atualizado em 2 de julho de 2023 15:35"},"featured_img_caption":"","series_order":"","_links":{"self":[{"href":"https:\/\/sindaopcpb.org.br\/index.php\/wp-json\/wp\/v2\/posts\/23667","targetHints":{"allow":["GET"]}}],"collection":[{"href":"https:\/\/sindaopcpb.org.br\/index.php\/wp-json\/wp\/v2\/posts"}],"about":[{"href":"https:\/\/sindaopcpb.org.br\/index.php\/wp-json\/wp\/v2\/types\/post"}],"author":[{"embeddable":true,"href":"https:\/\/sindaopcpb.org.br\/index.php\/wp-json\/wp\/v2\/users\/43"}],"replies":[{"embeddable":true,"href":"https:\/\/sindaopcpb.org.br\/index.php\/wp-json\/wp\/v2\/comments?post=23667"}],"version-history":[{"count":1,"href":"https:\/\/sindaopcpb.org.br\/index.php\/wp-json\/wp\/v2\/posts\/23667\/revisions"}],"predecessor-version":[{"id":23668,"href":"https:\/\/sindaopcpb.org.br\/index.php\/wp-json\/wp\/v2\/posts\/23667\/revisions\/23668"}],"wp:attachment":[{"href":"https:\/\/sindaopcpb.org.br\/index.php\/wp-json\/wp\/v2\/media?parent=23667"}],"wp:term":[{"taxonomy":"category","embeddable":true,"href":"https:\/\/sindaopcpb.org.br\/index.php\/wp-json\/wp\/v2\/categories?post=23667"},{"taxonomy":"post_tag","embeddable":true,"href":"https:\/\/sindaopcpb.org.br\/index.php\/wp-json\/wp\/v2\/tags?post=23667"}],"curies":[{"name":"wp","href":"https:\/\/api.w.org\/{rel}","templated":true}]}}