{"id":23661,"date":"2023-07-02T13:38:26","date_gmt":"2023-07-02T16:38:26","guid":{"rendered":"https:\/\/wpa.wscom.com.br\/?p=909485"},"modified":"2023-07-02T13:38:26","modified_gmt":"2023-07-02T16:38:26","slug":"murilo-galdino-comemora-nova-idade-com-balanco-dos-primeiros-meses-de-mandato-na-camara-federal","status":"publish","type":"post","link":"https:\/\/sindaopcpb.org.br\/index.php\/2023\/07\/02\/murilo-galdino-comemora-nova-idade-com-balanco-dos-primeiros-meses-de-mandato-na-camara-federal\/","title":{"rendered":"Murilo Galdino comemora nova idade com balan\u00e7o dos primeiros meses de mandato na C\u00e2mara Federal"},"content":{"rendered":"<p>H\u00e1 um ano o deputado federal Murilo Galdino (Republicanos-PB), lan\u00e7a sua pr\u00e9-candidatura no dia em que comemora anivers\u00e1rio, 2 de julho. Decorridos menos de quatro meses de mandato, o estreante j\u00e1 se destaca pela atua\u00e7\u00e3o produtiva na C\u00e2mara Federal. Eleito com 112.891 votos em 222 dos 223 munic\u00edpios paraibanos, Murilo tem 91 propostas legislativas satisfat\u00f3rias e 60 votos nominais, al\u00e9m de v\u00e1rios discursos em plen\u00e1rios, relatorias e de integrar mais de 30 frentes parlamentares.<\/p>\n<p>S\u00e3o a\u00e7\u00f5es voltadas \u00e0 causa municipalista que defendem com firmeza no Congresso, al\u00e9m da defesa da valoriza\u00e7\u00e3o de categorias profissionais e dos direitos das pessoas mais respeitadas socialmente.<\/p>\n<p>Durante a Marcha dos Prefeitos deste ano, ele manteve permanentemente o gabinete aberto para receber os prefeitos paraibanos e fez pronunciamento contundente em defesa de um Pacto Federativo mais justo.<\/p>\n<p>Ainda na esteira municipalista, luta pela resolu\u00e7\u00e3o de pleitos hist\u00f3ricos dos munic\u00edpios, um deles referente \u00e0 Adutora do Paje\u00fa, para o qual conseguiu audi\u00eancia com o ministro das Rela\u00e7\u00f5es Institucionais da Presid\u00eancia da Rep\u00fablica, Alexandre Padilha desistiu para sua conclus\u00e3o.<\/p>\n<p>Presente nas reuni\u00f5es e prudente com os gastos, Murilo utiliza de forma respons\u00e1vel a cota parlamentar e verba de gabinete, ciente da import\u00e2ncia de honrar com a confian\u00e7a que recebeu dos convidados.<\/p>\n<p>Quando iniciou uma jornada rumo \u00e0 C\u00e2mara Federal h\u00e1 um ano, Murilo promoveu um grande evento festivo que contou com a presen\u00e7a de representantes de mais de 100 cidades paraibanas e disse que saberia retribuir a confian\u00e7a, \u201ctrabalhando por sa\u00fade, educa\u00e7\u00e3o e gera\u00e7\u00e3o de emprego e renda\u201d. E atualmente, estes v\u00eam sendo exatamente os principais focos de suas propostas e aten\u00e7\u00e3o na C\u00e2mara Federal.<\/p>\n<p>Entre os projetos apresentados est\u00e3o o que prop\u00f5e a inclus\u00e3o de gastos com atividades f\u00edsicas na dedu\u00e7\u00e3o do Imposto de Renda e PL que exige assinatura f\u00edsica em opera\u00e7\u00e3o de cr\u00e9dito realizada atrav\u00e9s da internet ou por telefone com o objetivo de proteger idosos de golpes, este bastante elogiado e repercutido pela m\u00eddia.<\/p>\n<p>Murilo tamb\u00e9m protocolou PL que torna o uniforme escolar uma despesa de manuten\u00e7\u00e3o e desenvolvimento do ensino, entre outros e apresentou emenda \u00e0 MP do programa Minha Casa, Minha Vida, inserindo pessoas e fam\u00edlias que t\u00eam pessoas com Transtorno do Espectro Autista (TEA), aprovado recentemente. Ele tamb\u00e9m foi atendido no pleito do aditivo do Programa de Aquisi\u00e7\u00e3o de Alimentos &#8211; Leite, que havia solicitado em pronunciamento na C\u00e2mara, para o qual solicitou agilidade.<\/p>\n<p>Na tribuna e nas vota\u00e7\u00f5es, seus posicionamentos t\u00eam sido voltados \u00e0s principais reivindica\u00e7\u00f5es sociais, na defesa do pagamento do Piso da Enfermagem, atrav\u00e9s da viabiliza\u00e7\u00e3o de condi\u00e7\u00f5es para o seu cumprimento, junto aos munic\u00edpios e no apoio aos agentes comunit\u00e1rios de sa\u00fade e de combate \u00e0s endemias, sendo o \u00fanico parlamentar paraibano a ter participado do lan\u00e7amento da Frente Parlamentar em Defesa dos ACS e de ACE.<\/p>\n<p>Murilo Galdino \u00e9 membro titular da Comiss\u00e3o de Constitui\u00e7\u00e3o e Justi\u00e7a e de Cidadania e da Comiss\u00e3o Especial para Estudo das Iniciativas para a Transi\u00e7\u00e3o Energ\u00e9tica, da Comiss\u00e3o Especial das Obras Inacabadas, e suplente da Comiss\u00e3o de Agricultura, Pecu\u00e1ria, Abastecimento e Desenvolvimento Rural e da Comiss\u00e3o de Finan\u00e7as e Tributa\u00e7\u00e3o e da Comiss\u00e3o de Turismo.<\/p>\n<p>Casado com Rossana Freire e pai de Ant\u00f4nio, Pedro e Marina, Murilo nasceu em Pocinhos e estudou em Campina Grande, onde foi eleito vereador em 2012. Conhecido pela habilidade de coordena\u00e7\u00e3o, sempre se destacou na coordena\u00e7\u00e3o da campanha do irm\u00e3o, o presidente da Assembleia Legislativa da Para\u00edba, Adriano Galdino.<\/p>\n<p>Como secret\u00e1rio de Estado da Articula\u00e7\u00e3o Pol\u00edtica no primeiro mandato do governador Jo\u00e3o Azev\u00eado, Murilo percorreu a Para\u00edba, conhecendo os pontos fortes e sofrendo de cada regi\u00e3o, fazendo amigos e construindo apoios.<\/p>\n<p>O post <a rel=\"nofollow noopener\" href=\"https:\/\/wscom.com.br\/murilo-galdino-comemora-nova-idade-com-balanco-dos-primeiros-meses-de-mandato-na-camara-federal\/\" target=\"_blank\">Murilo Galdino comemora nova idade com balan\u00e7o dos primeiros meses de mandato na C\u00e2mara Federal<\/a> apareceu primeiro em <a rel=\"nofollow noopener\" href=\"https:\/\/wscom.com.br\/\" target=\"_blank\">WSCOM<\/a>.<\/p>\n","protected":false},"excerpt":{"rendered":"<p>H\u00e1 um ano o deputado federal Murilo Galdino (Republicanos-PB), lan\u00e7a sua pr\u00e9-candidatura no dia em que comemora anivers\u00e1rio, 2 de julho. Decorridos menos de quatro meses de mandato, o estreante j\u00e1 se destaca pela atua\u00e7\u00e3o produtiva na C\u00e2mara Federal. Eleito com 112.891 votos em 222 dos 223 munic\u00edpios paraibanos, Murilo tem 91 propostas legislativas satisfat\u00f3rias [\u2026]<\/p>\n<p>O post <a rel=\"nofollow\" href=\"https:\/\/wscom.com.br\/murilo-galdino-comemora-nova-idade-com-balanco-dos-primeiros-meses-de-mandato-na-camara-federal\/\">Murilo Galdino comemora nova idade com balan\u00e7o dos primeiros meses de mandato na C\u00e2mara Federal<\/a> apareceu primeiro em <a rel=\"nofollow\" href=\"https:\/\/wscom.com.br\/\">WSCOM<\/a>.<\/p>\n","protected":false},"author":49,"featured_media":0,"comment_status":"closed","ping_status":"closed","sticky":false,"template":"","format":"standard","meta":{"advgb_blocks_editor_width":"","advgb_blocks_columns_visual_guide":"","footnotes":""},"categories":[5673,3299,359,34,4417,47],"tags":[35],"class_list":["post-23661","post","type-post","status-publish","format-standard","hentry","category-balanco-do-mandato","category-camara-federal","category-congresso-nacional","category-g1","category-murilo-galdino","category-politica","tag-g1"],"author_meta":{"display_name":"Cristiane Cavalcante","author_link":"https:\/\/sindaopcpb.org.br\/author\/cristiane-cavalcante\/"},"featured_img":null,"coauthors":[],"tax_additional":{"categories":{"linked":["<a href=\"https:\/\/sindaopcpb.org.br\/balanco-do-mandato\/\" class=\"advgb-post-tax-term\">balan\u00e7o do mandato<\/a>","<a href=\"https:\/\/sindaopcpb.org.br\/camara-federal\/\" class=\"advgb-post-tax-term\">C\u00e2mara Federal<\/a>","<a href=\"https:\/\/sindaopcpb.org.br\/congresso-nacional\/\" class=\"advgb-post-tax-term\">Congresso Nacional<\/a>","<a href=\"https:\/\/sindaopcpb.org.br\/g1\/\" class=\"advgb-post-tax-term\">G1<\/a>","<a href=\"https:\/\/sindaopcpb.org.br\/murilo-galdino\/\" class=\"advgb-post-tax-term\">Murilo Galdino<\/a>","<a href=\"https:\/\/sindaopcpb.org.br\/politica\/\" class=\"advgb-post-tax-term\">POLITICA<\/a>"],"unlinked":["<span class=\"advgb-post-tax-term\">balan\u00e7o do mandato<\/span>","<span class=\"advgb-post-tax-term\">C\u00e2mara Federal<\/span>","<span class=\"advgb-post-tax-term\">Congresso Nacional<\/span>","<span class=\"advgb-post-tax-term\">G1<\/span>","<span class=\"advgb-post-tax-term\">Murilo Galdino<\/span>","<span class=\"advgb-post-tax-term\">POLITICA<\/span>"]},"tags":{"linked":["<a href=\"https:\/\/sindaopcpb.org.br\/politica\/\" class=\"advgb-post-tax-term\">g1<\/a>"],"unlinked":["<span class=\"advgb-post-tax-term\">g1<\/span>"]}},"comment_count":"0","relative_dates":{"created":"Publicado 3 anos atr\u00e1s","modified":"Atualizado 3 anos atr\u00e1s"},"absolute_dates":{"created":"Publicado em 2 de julho de 2023","modified":"Atualizado em 2 de julho de 2023"},"absolute_dates_time":{"created":"Publicado em 2 de julho de 2023 13:38","modified":"Atualizado em 2 de julho de 2023 13:38"},"featured_img_caption":"","series_order":"","_links":{"self":[{"href":"https:\/\/sindaopcpb.org.br\/index.php\/wp-json\/wp\/v2\/posts\/23661","targetHints":{"allow":["GET"]}}],"collection":[{"href":"https:\/\/sindaopcpb.org.br\/index.php\/wp-json\/wp\/v2\/posts"}],"about":[{"href":"https:\/\/sindaopcpb.org.br\/index.php\/wp-json\/wp\/v2\/types\/post"}],"author":[{"embeddable":true,"href":"https:\/\/sindaopcpb.org.br\/index.php\/wp-json\/wp\/v2\/users\/49"}],"replies":[{"embeddable":true,"href":"https:\/\/sindaopcpb.org.br\/index.php\/wp-json\/wp\/v2\/comments?post=23661"}],"version-history":[{"count":1,"href":"https:\/\/sindaopcpb.org.br\/index.php\/wp-json\/wp\/v2\/posts\/23661\/revisions"}],"predecessor-version":[{"id":23662,"href":"https:\/\/sindaopcpb.org.br\/index.php\/wp-json\/wp\/v2\/posts\/23661\/revisions\/23662"}],"wp:attachment":[{"href":"https:\/\/sindaopcpb.org.br\/index.php\/wp-json\/wp\/v2\/media?parent=23661"}],"wp:term":[{"taxonomy":"category","embeddable":true,"href":"https:\/\/sindaopcpb.org.br\/index.php\/wp-json\/wp\/v2\/categories?post=23661"},{"taxonomy":"post_tag","embeddable":true,"href":"https:\/\/sindaopcpb.org.br\/index.php\/wp-json\/wp\/v2\/tags?post=23661"}],"curies":[{"name":"wp","href":"https:\/\/api.w.org\/{rel}","templated":true}]}}