{"id":23649,"date":"2023-07-02T10:05:55","date_gmt":"2023-07-02T13:05:55","guid":{"rendered":"https:\/\/wpa.wscom.com.br\/?p=909464"},"modified":"2023-07-02T10:05:55","modified_gmt":"2023-07-02T13:05:55","slug":"artista-plastico-paraibano-sergio-lucena-expoe-e-auto-define-sua-obra-no-mam-em-sao-paulo","status":"publish","type":"post","link":"https:\/\/sindaopcpb.org.br\/index.php\/2023\/07\/02\/artista-plastico-paraibano-sergio-lucena-expoe-e-auto-define-sua-obra-no-mam-em-sao-paulo\/","title":{"rendered":"Artista pl\u00e1stico paraibano S\u00e9rgio Lucena exp\u00f5e e auto define sua obra no MAM, em S\u00e3o Paulo"},"content":{"rendered":"<p>O artista pl\u00e1stico paraibano Sergio Lucena apresenta no 37\u00ba Panorama da Arte Brasileira \u2013 Sob as Cinzas, Brasa, de curadoria do Museu de Arte Moderna de S\u00e3o Paulo (MAM SP), em cartaz no Sesc Sorocaba, quatro pinturas que fazem parte de uma s\u00e9rie recente na qual imagens que reportam a universos com os quais teve bastante contato em sua inf\u00e2ncia no sert\u00e3o da Para\u00edba, como o Catimb\u00f3, a Jurema e o Candombl\u00e9.<\/p>\n<p>\u201cA minha pintura, na verdade, buscou ao longo do tempo uma s\u00edntese e uma depura\u00e7\u00e3o do que eu sempre quis falar. E eu sempre quis falar de um mundo que se conecta entre a subjetividade e a materialidade\u201d, destacou S\u00e9rgio Lucena.<\/p>\n<p>Segundo S\u00e9rgio, ao longo de sua trajet\u00f3ria, a complexa e misteriosa rela\u00e7\u00e3o entre a luz e a sombra foi algo que acompanhou, dedicando-se a uma pesquisa luminosa que tem tomado conta de sua produ\u00e7\u00e3o por quase duas d\u00e9cadas, tendo como base uma experi\u00eancia crom\u00e1tica. De acordo com o artista, a cor em sua pintura tem um significado de constru\u00e7\u00e3o, onde a experi\u00eancia com ela \u00e9 uma experi\u00eancia de conex\u00e3o com a natureza.<\/p>\n<p>Em uma publica\u00e7\u00e3o nas redes sociais do MAM SP, o paraibano fala sobre as ra\u00edzes da sua arte, e o processo constitutivo para as obras que est\u00e3o em exposi\u00e7\u00e3o no evento. Assista ao v\u00eddeo na \u00edntegra e saiba mais sobre os trabalhos de Sergio Lucena no 37\u00ba Panorama da Arte Brasileira.<\/p>\n<blockquote class=\"instagram-media\" style=\"background: #FFF; border: 0; border-radius: 3px; box-shadow: 0 0 1px 0 rgba(0,0,0,0.5),0 1px 10px 0 rgba(0,0,0,0.15); margin: 1px; max-width: 540px; min-width: 326px; padding: 0; width: calc(100% - 2px);\" data-instgrm-captioned=\"\" data-instgrm-permalink=\"https:\/\/www.instagram.com\/reel\/CuFau0MAO3y\/?utm_source=ig_embed&amp;utm_campaign=loading\" data-instgrm-version=\"14\">\n<div style=\"padding: 16px;\">\n<p>&nbsp;<\/p>\n<div style=\"display: flex; flex-direction: row; align-items: center;\">\n<div style=\"background-color: #f4f4f4; border-radius: 50%; flex-grow: 0; height: 40px; margin-right: 14px; width: 40px;\"><\/div>\n<div style=\"display: flex; flex-direction: column; flex-grow: 1; justify-content: center;\">\n<div style=\"background-color: #f4f4f4; border-radius: 4px; flex-grow: 0; height: 14px; margin-bottom: 6px; width: 100px;\"><\/div>\n<div style=\"background-color: #f4f4f4; border-radius: 4px; flex-grow: 0; height: 14px; width: 60px;\"><\/div>\n<\/div>\n<\/div>\n<div style=\"padding: 19% 0;\"><\/div>\n<div style=\"display: block; height: 50px; margin: 0 auto 12px; width: 50px;\"><\/div>\n<div style=\"padding-top: 8px;\">\n<div style=\"color: #3897f0; font-family: Arial,sans-serif; font-size: 14px; font-style: normal; font-weight: 550; line-height: 18px;\">Ver essa foto no Instagram<\/div>\n<\/div>\n<div style=\"padding: 12.5% 0;\"><\/div>\n<div style=\"display: flex; flex-direction: row; margin-bottom: 14px; align-items: center;\">\n<div>\n<div style=\"background-color: #f4f4f4; border-radius: 50%; height: 12.5px; width: 12.5px; transform: translateX(0px) translateY(7px);\"><\/div>\n<div style=\"background-color: #f4f4f4; height: 12.5px; transform: rotate(-45deg) translateX(3px) translateY(1px); width: 12.5px; flex-grow: 0; margin-right: 14px; margin-left: 2px;\"><\/div>\n<div style=\"background-color: #f4f4f4; border-radius: 50%; height: 12.5px; width: 12.5px; transform: translateX(9px) translateY(-18px);\"><\/div>\n<\/div>\n<div style=\"margin-left: 8px;\">\n<div style=\"background-color: #f4f4f4; border-radius: 50%; flex-grow: 0; height: 20px; width: 20px;\"><\/div>\n<div style=\"width: 0; height: 0; border-top: 2px solid transparent; border-left: 6px solid #f4f4f4; border-bottom: 2px solid transparent; transform: translateX(16px) translateY(-4px) rotate(30deg);\"><\/div>\n<\/div>\n<div style=\"margin-left: auto;\">\n<div style=\"width: 0px; border-top: 8px solid #F4F4F4; border-right: 8px solid transparent; transform: translateY(16px);\"><\/div>\n<div style=\"background-color: #f4f4f4; flex-grow: 0; height: 12px; width: 16px; transform: translateY(-4px);\"><\/div>\n<div style=\"width: 0; height: 0; border-top: 8px solid #F4F4F4; border-left: 8px solid transparent; transform: translateY(-4px) translateX(8px);\"><\/div>\n<\/div>\n<\/div>\n<div style=\"display: flex; flex-direction: column; flex-grow: 1; justify-content: center; margin-bottom: 24px;\">\n<div style=\"background-color: #f4f4f4; border-radius: 4px; flex-grow: 0; height: 14px; margin-bottom: 6px; width: 224px;\"><\/div>\n<div style=\"background-color: #f4f4f4; border-radius: 4px; flex-grow: 0; height: 14px; width: 144px;\"><\/div>\n<\/div>\n<p>&nbsp;<\/p>\n<p style=\"color: #c9c8cd; font-family: Arial,sans-serif; font-size: 14px; line-height: 17px; margin-bottom: 0; margin-top: 8px; overflow: hidden; padding: 8px 0 7px; text-align: center; text-overflow: ellipsis; white-space: nowrap;\"><a style=\"color: #c9c8cd; font-family: Arial,sans-serif; font-size: 14px; font-style: normal; font-weight: normal; line-height: 17px; text-decoration: none;\" href=\"https:\/\/www.instagram.com\/reel\/CuFau0MAO3y\/?utm_source=ig_embed&amp;utm_campaign=loading\" rel=\"noopener nofollow\" target=\"_blank\">Uma publica\u00e7\u00e3o compartilhada por Museu de Arte Moderna de S\u00e3o Paulo (@mamsaopaulo)<\/a><\/p>\n<\/div>\n<\/blockquote>\n<p><script async src=\"https:\/\/www.instagram.com\/embed.js\"><\/script><\/p>\n<p>O post <a rel=\"nofollow noopener\" href=\"https:\/\/wscom.com.br\/artista-plastico-paraibano-sergio-lucena-expoe-e-auto-define-sua-obra-no-mam-em-sao-paulo\/\" target=\"_blank\">Artista pl\u00e1stico paraibano S\u00e9rgio Lucena exp\u00f5e e auto define sua obra no MAM, em S\u00e3o Paulo<\/a> apareceu primeiro em <a rel=\"nofollow noopener\" href=\"https:\/\/wscom.com.br\/\" target=\"_blank\">WSCOM<\/a>.<\/p>\n","protected":false},"excerpt":{"rendered":"<p>O artista pl\u00e1stico paraibano Sergio Lucena apresenta no 37\u00ba Panorama da Arte Brasileira \u2013 Sob as Cinzas, Brasa, de curadoria do Museu de Arte Moderna de S\u00e3o Paulo (MAM SP), em cartaz no Sesc Sorocaba, quatro pinturas que fazem parte de uma s\u00e9rie recente na qual imagens que reportam a universos com os quais teve [\u2026]<\/p>\n<p>O post <a rel=\"nofollow\" href=\"https:\/\/wscom.com.br\/artista-plastico-paraibano-sergio-lucena-expoe-e-auto-define-sua-obra-no-mam-em-sao-paulo\/\">Artista pl\u00e1stico paraibano S\u00e9rgio Lucena exp\u00f5e e auto define sua obra no MAM, em S\u00e3o Paulo<\/a> apareceu primeiro em <a rel=\"nofollow\" href=\"https:\/\/wscom.com.br\/\">WSCOM<\/a>.<\/p>\n","protected":false},"author":49,"featured_media":0,"comment_status":"closed","ping_status":"closed","sticky":false,"template":"","format":"standard","meta":{"advgb_blocks_editor_width":"","advgb_blocks_columns_visual_guide":"","footnotes":""},"categories":[76,5666,34,5667,424,5668],"tags":[35],"class_list":["post-23649","post","type-post","status-publish","format-standard","hentry","category-artes","category-artista-plastico-paraibano","category-g1","category-mam","category-sao-paulo","category-sergio-lucena","tag-g1"],"author_meta":{"display_name":"Cristiane Cavalcante","author_link":"https:\/\/sindaopcpb.org.br\/author\/cristiane-cavalcante\/"},"featured_img":null,"coauthors":[],"tax_additional":{"categories":{"linked":["<a href=\"https:\/\/sindaopcpb.org.br\/artes\/\" class=\"advgb-post-tax-term\">Artes<\/a>","<a href=\"https:\/\/sindaopcpb.org.br\/artista-plastico-paraibano\/\" class=\"advgb-post-tax-term\">Artista pl\u00e1stico paraibano<\/a>","<a href=\"https:\/\/sindaopcpb.org.br\/g1\/\" class=\"advgb-post-tax-term\">G1<\/a>","<a href=\"https:\/\/sindaopcpb.org.br\/mam\/\" class=\"advgb-post-tax-term\">mam<\/a>","<a href=\"https:\/\/sindaopcpb.org.br\/sao-paulo\/\" class=\"advgb-post-tax-term\">S\u00e3o Paulo<\/a>","<a href=\"https:\/\/sindaopcpb.org.br\/sergio-lucena\/\" class=\"advgb-post-tax-term\">S\u00e9rgio Lucena<\/a>"],"unlinked":["<span class=\"advgb-post-tax-term\">Artes<\/span>","<span class=\"advgb-post-tax-term\">Artista pl\u00e1stico paraibano<\/span>","<span class=\"advgb-post-tax-term\">G1<\/span>","<span class=\"advgb-post-tax-term\">mam<\/span>","<span class=\"advgb-post-tax-term\">S\u00e3o Paulo<\/span>","<span class=\"advgb-post-tax-term\">S\u00e9rgio Lucena<\/span>"]},"tags":{"linked":["<a href=\"https:\/\/sindaopcpb.org.br\/sergio-lucena\/\" class=\"advgb-post-tax-term\">g1<\/a>"],"unlinked":["<span class=\"advgb-post-tax-term\">g1<\/span>"]}},"comment_count":"0","relative_dates":{"created":"Publicado 3 anos atr\u00e1s","modified":"Atualizado 3 anos atr\u00e1s"},"absolute_dates":{"created":"Publicado em 2 de julho de 2023","modified":"Atualizado em 2 de julho de 2023"},"absolute_dates_time":{"created":"Publicado em 2 de julho de 2023 10:05","modified":"Atualizado em 2 de julho de 2023 10:05"},"featured_img_caption":"","series_order":"","_links":{"self":[{"href":"https:\/\/sindaopcpb.org.br\/index.php\/wp-json\/wp\/v2\/posts\/23649","targetHints":{"allow":["GET"]}}],"collection":[{"href":"https:\/\/sindaopcpb.org.br\/index.php\/wp-json\/wp\/v2\/posts"}],"about":[{"href":"https:\/\/sindaopcpb.org.br\/index.php\/wp-json\/wp\/v2\/types\/post"}],"author":[{"embeddable":true,"href":"https:\/\/sindaopcpb.org.br\/index.php\/wp-json\/wp\/v2\/users\/49"}],"replies":[{"embeddable":true,"href":"https:\/\/sindaopcpb.org.br\/index.php\/wp-json\/wp\/v2\/comments?post=23649"}],"version-history":[{"count":1,"href":"https:\/\/sindaopcpb.org.br\/index.php\/wp-json\/wp\/v2\/posts\/23649\/revisions"}],"predecessor-version":[{"id":23650,"href":"https:\/\/sindaopcpb.org.br\/index.php\/wp-json\/wp\/v2\/posts\/23649\/revisions\/23650"}],"wp:attachment":[{"href":"https:\/\/sindaopcpb.org.br\/index.php\/wp-json\/wp\/v2\/media?parent=23649"}],"wp:term":[{"taxonomy":"category","embeddable":true,"href":"https:\/\/sindaopcpb.org.br\/index.php\/wp-json\/wp\/v2\/categories?post=23649"},{"taxonomy":"post_tag","embeddable":true,"href":"https:\/\/sindaopcpb.org.br\/index.php\/wp-json\/wp\/v2\/tags?post=23649"}],"curies":[{"name":"wp","href":"https:\/\/api.w.org\/{rel}","templated":true}]}}