{"id":23647,"date":"2023-07-02T10:45:40","date_gmt":"2023-07-02T13:45:40","guid":{"rendered":"https:\/\/wpa.wscom.com.br\/?p=909469"},"modified":"2023-07-02T10:45:40","modified_gmt":"2023-07-02T13:45:40","slug":"lula-desfila-em-comemoracao-ao-bicentenario-da-independencia-do-brasil-na-bahia","status":"publish","type":"post","link":"https:\/\/sindaopcpb.org.br\/index.php\/2023\/07\/02\/lula-desfila-em-comemoracao-ao-bicentenario-da-independencia-do-brasil-na-bahia\/","title":{"rendered":"Lula desfila em comemora\u00e7\u00e3o ao Bicenten\u00e1rio da Independ\u00eancia do Brasil na Bahia"},"content":{"rendered":"<p>O presidente Lula (PT) desfila neste domingo (2) por Salvador (BA) em comemora\u00e7\u00e3o ao Bicenten\u00e1rio da Independ\u00eancia do Brasil na Bahia. Ele est\u00e1 acompanhado da primeira-dama, Janja, e do governador da Bahia, Jer\u00f4nimo Rodrigues (PT). O povo baiano comemora no dia 2 de julho a Independ\u00eancia do Brasil na Bahia. A data marca a expuls\u00e3o definitiva dos portugueses.<\/p>\n<p>O cortejo acontece todos os anos nesta data na capital baiana , tendo seu in\u00edcio no\u00a0Largo da Lapinha\u00a0no Pavilh\u00e3o Dois de Julho ao lado da\u00a0Par\u00f3quia da Lapinha, onde se encontra a imagem do\u00a0caboclo, s\u00edmbolo da\u00a0independ\u00eancia da Bahia.<\/p>\n<p>Mais cedo ainda neste domingo, o governador do estado Jer\u00f4nimo Rodrigues e o prefeito de Salvador, Bruno Reis, participaram da cerim\u00f4nia de hasteamento das bandeiras da Bahia e do Brasil no Largo da Lapinha, onde come\u00e7aram as comemora\u00e7\u00f5es do dia. Em seguida, os dois se dirigiram ao Largo da Soledade, no bairro da Liberdade, para esperar a chegada do presidente.<\/p>\n<p>O presidente seguir\u00e1 o cortejo com as imagens do Caboclo, saindo da Soledade \u00e0 caminho do Pelourinho, acompanhando a popula\u00e7\u00e3o que j\u00e1 apareceu em peso para participar das atividades.<\/p>\n<p>&nbsp;<\/p>\n<p><iframe loading=\"lazy\" title=\"YouTube video player\" src=\"https:\/\/www.youtube.com\/embed\/TtHidc2OomI\" width=\"560\" height=\"315\" frameborder=\"0\" allowfullscreen=\"allowfullscreen\"><\/iframe><\/p>\n<p>&nbsp;<\/p>\n<p><strong>Desfile do 2 de Julho<\/strong><\/p>\n<p>No amanhecer de 2 de julho de 1823, a cidade de Salvador despertou quase vazia: o ex\u00e9rcito Portugu\u00eas abandonou de forma definitiva a prov\u00edncia da Bahia. Este dia virou um marco de celebra\u00e7\u00e3o da vit\u00f3ria dos brasileiros na guerra travada na ent\u00e3o prov\u00edncia por mais de 17 meses (de fevereiro de 1822 a julho de 1823) contra as tropas portuguesas. Com o triunfo do Ex\u00e9rcito e da Marinha do Brasil na Bahia, consolidou-se a separa\u00e7\u00e3o pol\u00edtica do Brasil de Portugal.<\/p>\n<p>Portanto, com base nos estudos de Lu\u00eds Henrique Dias Tavares, historiador e professor em\u00e9rito da Universidade Federal da Bahia (UFBA), o dia 7 de setembro de 1822 \u00e9 uma data simb\u00f3lica, n\u00e3o representando a verdadeira data da independ\u00eancia do Brasil, j\u00e1 que uma grande parte do pa\u00eds (a regi\u00e3o Nordeste) ainda n\u00e3o era independente, explica o portal\u00a0<a href=\"https:\/\/www.salvadordabahia.com\/o-2-de-julho-independencia-do-brasil-na-bahia\/\" rel=\"noopener nofollow\" target=\"_blank\">Salvador Bahia-Brasil<\/a>.<\/p>\n<p>O 2 de Julho \u00e9 honrado com fervor patri\u00f3tico pelos baianos, que, desde ent\u00e3o, estabeleceram a tradi\u00e7\u00e3o de comemor\u00e1-lo anualmente.<\/p>\n<p>O post <a rel=\"nofollow noopener\" href=\"https:\/\/wscom.com.br\/lula-desfila-em-comemoracao-ao-bicentenario-da-independencia-do-brasil-na-bahia\/\" target=\"_blank\">Lula desfila em comemora\u00e7\u00e3o ao Bicenten\u00e1rio da Independ\u00eancia do Brasil na Bahia<\/a> apareceu primeiro em <a rel=\"nofollow noopener\" href=\"https:\/\/wscom.com.br\/\" target=\"_blank\">WSCOM<\/a>.<\/p>\n","protected":false},"excerpt":{"rendered":"<p>O presidente Lula (PT) desfila neste domingo (2) por Salvador (BA) em comemora\u00e7\u00e3o ao Bicenten\u00e1rio da Independ\u00eancia do Brasil na Bahia. Ele est\u00e1 acompanhado da primeira-dama, Janja, e do governador da Bahia, Jer\u00f4nimo Rodrigues (PT). O povo baiano comemora no dia 2 de julho a Independ\u00eancia do Brasil na Bahia. A data marca a expuls\u00e3o [\u2026]<\/p>\n<p>O post <a rel=\"nofollow\" href=\"https:\/\/wscom.com.br\/lula-desfila-em-comemoracao-ao-bicentenario-da-independencia-do-brasil-na-bahia\/\">Lula desfila em comemora\u00e7\u00e3o ao Bicenten\u00e1rio da Independ\u00eancia do Brasil na Bahia<\/a> apareceu primeiro em <a rel=\"nofollow\" href=\"https:\/\/wscom.com.br\/\">WSCOM<\/a>.<\/p>\n","protected":false},"author":49,"featured_media":0,"comment_status":"closed","ping_status":"closed","sticky":false,"template":"","format":"standard","meta":{"advgb_blocks_editor_width":"","advgb_blocks_columns_visual_guide":"","footnotes":""},"categories":[1190,5665,34,110,47],"tags":[35],"class_list":["post-23647","post","type-post","status-publish","format-standard","hentry","category-bahia","category-bicentenario-da-independencia-do-brasil","category-g1","category-lula","category-politica","tag-g1"],"author_meta":{"display_name":"Cristiane Cavalcante","author_link":"https:\/\/sindaopcpb.org.br\/author\/cristiane-cavalcante\/"},"featured_img":null,"coauthors":[],"tax_additional":{"categories":{"linked":["<a href=\"https:\/\/sindaopcpb.org.br\/bahia\/\" class=\"advgb-post-tax-term\">Bahia<\/a>","<a href=\"https:\/\/sindaopcpb.org.br\/bicentenario-da-independencia-do-brasil\/\" class=\"advgb-post-tax-term\">Bicenten\u00e1rio da Independ\u00eancia do Brasil<\/a>","<a href=\"https:\/\/sindaopcpb.org.br\/g1\/\" class=\"advgb-post-tax-term\">G1<\/a>","<a href=\"https:\/\/sindaopcpb.org.br\/lula\/\" class=\"advgb-post-tax-term\">Lula<\/a>","<a href=\"https:\/\/sindaopcpb.org.br\/politica\/\" class=\"advgb-post-tax-term\">POLITICA<\/a>"],"unlinked":["<span class=\"advgb-post-tax-term\">Bahia<\/span>","<span class=\"advgb-post-tax-term\">Bicenten\u00e1rio da Independ\u00eancia do Brasil<\/span>","<span class=\"advgb-post-tax-term\">G1<\/span>","<span class=\"advgb-post-tax-term\">Lula<\/span>","<span class=\"advgb-post-tax-term\">POLITICA<\/span>"]},"tags":{"linked":["<a href=\"https:\/\/sindaopcpb.org.br\/politica\/\" class=\"advgb-post-tax-term\">g1<\/a>"],"unlinked":["<span class=\"advgb-post-tax-term\">g1<\/span>"]}},"comment_count":"0","relative_dates":{"created":"Publicado 3 anos atr\u00e1s","modified":"Atualizado 3 anos atr\u00e1s"},"absolute_dates":{"created":"Publicado em 2 de julho de 2023","modified":"Atualizado em 2 de julho de 2023"},"absolute_dates_time":{"created":"Publicado em 2 de julho de 2023 10:45","modified":"Atualizado em 2 de julho de 2023 10:45"},"featured_img_caption":"","series_order":"","_links":{"self":[{"href":"https:\/\/sindaopcpb.org.br\/index.php\/wp-json\/wp\/v2\/posts\/23647","targetHints":{"allow":["GET"]}}],"collection":[{"href":"https:\/\/sindaopcpb.org.br\/index.php\/wp-json\/wp\/v2\/posts"}],"about":[{"href":"https:\/\/sindaopcpb.org.br\/index.php\/wp-json\/wp\/v2\/types\/post"}],"author":[{"embeddable":true,"href":"https:\/\/sindaopcpb.org.br\/index.php\/wp-json\/wp\/v2\/users\/49"}],"replies":[{"embeddable":true,"href":"https:\/\/sindaopcpb.org.br\/index.php\/wp-json\/wp\/v2\/comments?post=23647"}],"version-history":[{"count":1,"href":"https:\/\/sindaopcpb.org.br\/index.php\/wp-json\/wp\/v2\/posts\/23647\/revisions"}],"predecessor-version":[{"id":23648,"href":"https:\/\/sindaopcpb.org.br\/index.php\/wp-json\/wp\/v2\/posts\/23647\/revisions\/23648"}],"wp:attachment":[{"href":"https:\/\/sindaopcpb.org.br\/index.php\/wp-json\/wp\/v2\/media?parent=23647"}],"wp:term":[{"taxonomy":"category","embeddable":true,"href":"https:\/\/sindaopcpb.org.br\/index.php\/wp-json\/wp\/v2\/categories?post=23647"},{"taxonomy":"post_tag","embeddable":true,"href":"https:\/\/sindaopcpb.org.br\/index.php\/wp-json\/wp\/v2\/tags?post=23647"}],"curies":[{"name":"wp","href":"https:\/\/api.w.org\/{rel}","templated":true}]}}