{"id":23634,"date":"2023-07-02T06:47:00","date_gmt":"2023-07-02T09:47:00","guid":{"rendered":"https:\/\/g1.globo.com\/pb\/paraiba\/sao-joao\/2023\/noticia\/2023\/07\/02\/sao-joao-2023-de-campina-grande-chega-ao-fim-com-show-de-ze-vaqueiro-neste-domingo-2.ghtml"},"modified":"2023-07-02T06:47:00","modified_gmt":"2023-07-02T09:47:00","slug":"sao-joao-2023-de-campina-grande-chega-ao-fim-com-show-de-ze-vaqueiro-neste-domingo-2","status":"publish","type":"post","link":"https:\/\/sindaopcpb.org.br\/index.php\/2023\/07\/02\/sao-joao-2023-de-campina-grande-chega-ao-fim-com-show-de-ze-vaqueiro-neste-domingo-2\/","title":{"rendered":"S\u00e3o Jo\u00e3o 2023 de Campina Grande chega ao fim com show de Z\u00e9 Vaqueiro neste domingo (2)"},"content":{"rendered":"   <img src=\"https:\/\/s2.glbimg.com\/S3RNmVQKcE20al8hlLxs1p2bf9I=\/i.s3.glbimg.com\/v1\/AUTH_59edd422c0c84a879bd37670ae4f538a\/internal_photos\/bs\/2023\/Q\/A\/Hm1YDESuWzgUBVokmhfw\/thumbnail-img-4933.jpg\" \/><br \/>     Shows no palco principal do Parque do Povo come\u00e7am por volta das 19h.  Z\u00e9 Vaqueiro se apresenta no S\u00e3o Jo\u00e3o 2023 de Campina Grande \nEnaldo Pinto\/Ag Haack\nO S\u00e3o Jo\u00e3o 2023 de Campina Grande chega ao fim neste domingo (2). O evento come\u00e7ou no dia 1\u00ba de junho e recebeu mais de 90 artistas no palco principal do Parque do Povo. Se apresentam no encerramento da festa Mari Fernandez, Z\u00e9 Vaqueiro, Waldonys e Nonato Neto.\nCompartilhe no WhatsApp\nCompartilhe no Telegram\nA previs\u00e3o \u00e9 que os shows no palco principal do Parque do Povo comecem de 19h. \nLEIA TAMB\u00c9M:\nLista de estreantes vai de Jo\u00e3o Gomes ao pagode do Menos \u00e9 Mais\nSaiba todas as informa\u00e7\u00f5es sobre o S\u00e3o Jo\u00e3o 2023 na Para\u00edba\nEntre as principais atra\u00e7\u00f5es de renome nacional confirmadas na programa\u00e7\u00e3o do S\u00e3o Jo\u00e3o 2023 de Campina Grande tamb\u00e9m est\u00e3o L\u00e9o Santana, Mari Fernandez, Z\u00e9 Vaqueiro e Alok.\nMari Fernandez tamb\u00e9m se apresenta no S\u00e3o Jo\u00e3o 2023 de Campina Grande \nDivulga\u00e7\u00e3o\nV\u00eddeos mais assistidos do g1 Para\u00edba  ","protected":false},"excerpt":{"rendered":"<p>        Shows no palco principal do Parque do Povo come\u00e7am por volta das 19h.  Z\u00e9 Vaqueiro se apresenta no S\u00e3o Jo\u00e3o 2023 de Campina Grande<br \/>\nEnaldo Pinto\/Ag Haack<br \/>\nO S\u00e3o Jo\u00e3o 2023 de Campina Grande chega ao fim neste domingo (2). O evento come\u00e7ou no dia &#8230;<\/p>\n","protected":false},"author":2,"featured_media":0,"comment_status":"closed","ping_status":"closed","sticky":false,"template":"","format":"standard","meta":{"advgb_blocks_editor_width":"","advgb_blocks_columns_visual_guide":"","footnotes":""},"categories":[34],"tags":[35],"class_list":["post-23634","post","type-post","status-publish","format-standard","hentry","category-g1","tag-g1"],"author_meta":{"display_name":"g1 &gt; Para\u00edba","author_link":"https:\/\/sindaopcpb.org.br\/author\/g1-paraiba\/"},"featured_img":null,"coauthors":[],"tax_additional":{"categories":{"linked":["<a href=\"https:\/\/sindaopcpb.org.br\/g1\/\" class=\"advgb-post-tax-term\">G1<\/a>"],"unlinked":["<span class=\"advgb-post-tax-term\">G1<\/span>"]},"tags":{"linked":["<a href=\"https:\/\/sindaopcpb.org.br\/g1\/\" class=\"advgb-post-tax-term\">g1<\/a>"],"unlinked":["<span class=\"advgb-post-tax-term\">g1<\/span>"]}},"comment_count":"0","relative_dates":{"created":"Publicado 3 anos atr\u00e1s","modified":"Atualizado 3 anos atr\u00e1s"},"absolute_dates":{"created":"Publicado em 2 de julho de 2023","modified":"Atualizado em 2 de julho de 2023"},"absolute_dates_time":{"created":"Publicado em 2 de julho de 2023 06:47","modified":"Atualizado em 2 de julho de 2023 06:47"},"featured_img_caption":"","series_order":"","_links":{"self":[{"href":"https:\/\/sindaopcpb.org.br\/index.php\/wp-json\/wp\/v2\/posts\/23634","targetHints":{"allow":["GET"]}}],"collection":[{"href":"https:\/\/sindaopcpb.org.br\/index.php\/wp-json\/wp\/v2\/posts"}],"about":[{"href":"https:\/\/sindaopcpb.org.br\/index.php\/wp-json\/wp\/v2\/types\/post"}],"author":[{"embeddable":true,"href":"https:\/\/sindaopcpb.org.br\/index.php\/wp-json\/wp\/v2\/users\/2"}],"replies":[{"embeddable":true,"href":"https:\/\/sindaopcpb.org.br\/index.php\/wp-json\/wp\/v2\/comments?post=23634"}],"version-history":[{"count":1,"href":"https:\/\/sindaopcpb.org.br\/index.php\/wp-json\/wp\/v2\/posts\/23634\/revisions"}],"predecessor-version":[{"id":23635,"href":"https:\/\/sindaopcpb.org.br\/index.php\/wp-json\/wp\/v2\/posts\/23634\/revisions\/23635"}],"wp:attachment":[{"href":"https:\/\/sindaopcpb.org.br\/index.php\/wp-json\/wp\/v2\/media?parent=23634"}],"wp:term":[{"taxonomy":"category","embeddable":true,"href":"https:\/\/sindaopcpb.org.br\/index.php\/wp-json\/wp\/v2\/categories?post=23634"},{"taxonomy":"post_tag","embeddable":true,"href":"https:\/\/sindaopcpb.org.br\/index.php\/wp-json\/wp\/v2\/tags?post=23634"}],"curies":[{"name":"wp","href":"https:\/\/api.w.org\/{rel}","templated":true}]}}