{"id":23543,"date":"2023-07-01T11:21:37","date_gmt":"2023-07-01T14:21:37","guid":{"rendered":"https:\/\/wpa.wscom.com.br\/?p=909363"},"modified":"2023-07-01T11:21:37","modified_gmt":"2023-07-01T14:21:37","slug":"agenda-em-campina-joao-azevedo-encerra-salao-do-artesanato-assina-contratos-do-empreender-e-homenageia-personalidades-do-forro","status":"publish","type":"post","link":"https:\/\/sindaopcpb.org.br\/index.php\/2023\/07\/01\/agenda-em-campina-joao-azevedo-encerra-salao-do-artesanato-assina-contratos-do-empreender-e-homenageia-personalidades-do-forro\/","title":{"rendered":"Agenda em Campina: Jo\u00e3o Azev\u00eado encerra Sal\u00e3o do Artesanato, assina contratos do Empreender e homenageia personalidades do forr\u00f3"},"content":{"rendered":"<p>&nbsp;<\/p>\n<p>O governador Jo\u00e3o Azev\u00eado participa, neste s\u00e1bado (1\u00ba) da solenidade de encerramento oficial do 36\u00ba Sal\u00e3o do Artesanato Paraibano \u2013 Tudo Vira Arte na Feira de Campina.<\/p>\n<p>Na ocasi\u00e3o, ser\u00e3o assinados contratos do Programa Empreender e prestadas homenagens a quem fez a diferen\u00e7a nos 40 anos do Maior S\u00e3o Jo\u00e3o do Mundo, quadrilheiros e grupos folcl\u00f3ricos que se apresentaram no Sal\u00e3o do Artesanato.<\/p>\n<p>O post <a rel=\"nofollow noopener\" href=\"https:\/\/wscom.com.br\/agenda-em-campina-joao-azevedo-encerra-salao-do-artesanato\/\" target=\"_blank\">Agenda em Campina: Jo\u00e3o Azev\u00eado encerra Sal\u00e3o do Artesanato, assina contratos do Empreender e homenageia personalidades do forr\u00f3<\/a> apareceu primeiro em <a rel=\"nofollow noopener\" href=\"https:\/\/wscom.com.br\/\" target=\"_blank\">WSCOM<\/a>.<\/p>\n","protected":false},"excerpt":{"rendered":"<p>\u00a0 O governador Jo\u00e3o Azev\u00eado participa, neste s\u00e1bado (1\u00ba) da solenidade de encerramento oficial do 36\u00ba Sal\u00e3o do Artesanato Paraibano \u2013 Tudo Vira Arte na Feira de Campina. Na ocasi\u00e3o, ser\u00e3o assinados contratos do Programa Empreender e prestadas homenagens a quem fez a diferen\u00e7a nos 40 anos do Maior S\u00e3o Jo\u00e3o do Mundo, quadrilheiros e [\u2026]<\/p>\n<p>O post <a rel=\"nofollow\" href=\"https:\/\/wscom.com.br\/agenda-em-campina-joao-azevedo-encerra-salao-do-artesanato\/\">Agenda em Campina: Jo\u00e3o Azev\u00eado encerra Sal\u00e3o do Artesanato, assina contratos do Empreender e homenageia personalidades do forr\u00f3<\/a> apareceu primeiro em <a rel=\"nofollow\" href=\"https:\/\/wscom.com.br\/\">WSCOM<\/a>.<\/p>\n","protected":false},"author":50,"featured_media":0,"comment_status":"closed","ping_status":"closed","sticky":false,"template":"","format":"standard","meta":{"advgb_blocks_editor_width":"","advgb_blocks_columns_visual_guide":"","footnotes":""},"categories":[637,824,34,531,47],"tags":[35],"class_list":["post-23543","post","type-post","status-publish","format-standard","hentry","category-azevedo","category-campina","category-g1","category-joao","category-politica","tag-g1"],"author_meta":{"display_name":"Wallyson","author_link":"https:\/\/sindaopcpb.org.br\/author\/wallyson\/"},"featured_img":null,"coauthors":[],"tax_additional":{"categories":{"linked":["<a href=\"https:\/\/sindaopcpb.org.br\/azevedo\/\" class=\"advgb-post-tax-term\">Azevedo<\/a>","<a href=\"https:\/\/sindaopcpb.org.br\/campina\/\" class=\"advgb-post-tax-term\">Campina<\/a>","<a href=\"https:\/\/sindaopcpb.org.br\/g1\/\" class=\"advgb-post-tax-term\">G1<\/a>","<a href=\"https:\/\/sindaopcpb.org.br\/joao\/\" class=\"advgb-post-tax-term\">Jo\u00e3o<\/a>","<a href=\"https:\/\/sindaopcpb.org.br\/politica\/\" class=\"advgb-post-tax-term\">POLITICA<\/a>"],"unlinked":["<span class=\"advgb-post-tax-term\">Azevedo<\/span>","<span class=\"advgb-post-tax-term\">Campina<\/span>","<span class=\"advgb-post-tax-term\">G1<\/span>","<span class=\"advgb-post-tax-term\">Jo\u00e3o<\/span>","<span class=\"advgb-post-tax-term\">POLITICA<\/span>"]},"tags":{"linked":["<a href=\"https:\/\/sindaopcpb.org.br\/politica\/\" class=\"advgb-post-tax-term\">g1<\/a>"],"unlinked":["<span class=\"advgb-post-tax-term\">g1<\/span>"]}},"comment_count":"0","relative_dates":{"created":"Publicado 3 anos atr\u00e1s","modified":"Atualizado 3 anos atr\u00e1s"},"absolute_dates":{"created":"Publicado em 1 de julho de 2023","modified":"Atualizado em 1 de julho de 2023"},"absolute_dates_time":{"created":"Publicado em 1 de julho de 2023 11:21","modified":"Atualizado em 1 de julho de 2023 11:21"},"featured_img_caption":"","series_order":"","_links":{"self":[{"href":"https:\/\/sindaopcpb.org.br\/index.php\/wp-json\/wp\/v2\/posts\/23543","targetHints":{"allow":["GET"]}}],"collection":[{"href":"https:\/\/sindaopcpb.org.br\/index.php\/wp-json\/wp\/v2\/posts"}],"about":[{"href":"https:\/\/sindaopcpb.org.br\/index.php\/wp-json\/wp\/v2\/types\/post"}],"author":[{"embeddable":true,"href":"https:\/\/sindaopcpb.org.br\/index.php\/wp-json\/wp\/v2\/users\/50"}],"replies":[{"embeddable":true,"href":"https:\/\/sindaopcpb.org.br\/index.php\/wp-json\/wp\/v2\/comments?post=23543"}],"version-history":[{"count":1,"href":"https:\/\/sindaopcpb.org.br\/index.php\/wp-json\/wp\/v2\/posts\/23543\/revisions"}],"predecessor-version":[{"id":23544,"href":"https:\/\/sindaopcpb.org.br\/index.php\/wp-json\/wp\/v2\/posts\/23543\/revisions\/23544"}],"wp:attachment":[{"href":"https:\/\/sindaopcpb.org.br\/index.php\/wp-json\/wp\/v2\/media?parent=23543"}],"wp:term":[{"taxonomy":"category","embeddable":true,"href":"https:\/\/sindaopcpb.org.br\/index.php\/wp-json\/wp\/v2\/categories?post=23543"},{"taxonomy":"post_tag","embeddable":true,"href":"https:\/\/sindaopcpb.org.br\/index.php\/wp-json\/wp\/v2\/tags?post=23543"}],"curies":[{"name":"wp","href":"https:\/\/api.w.org\/{rel}","templated":true}]}}