{"id":23529,"date":"2023-07-01T07:30:28","date_gmt":"2023-07-01T10:30:28","guid":{"rendered":"https:\/\/g1.globo.com\/pb\/paraiba\/sao-joao\/2023\/noticia\/2023\/07\/01\/chorei-na-vaquejada-e-eleita-a-musica-do-sao-joao-2023-de-campina-grande-acompanhe-votacao.ghtml"},"modified":"2023-07-01T07:30:28","modified_gmt":"2023-07-01T10:30:28","slug":"chorei-na-vaquejada-e-eleita-a-musica-do-sao-joao-2023-de-campina-grande-acompanhe-votacao","status":"publish","type":"post","link":"https:\/\/sindaopcpb.org.br\/index.php\/2023\/07\/01\/chorei-na-vaquejada-e-eleita-a-musica-do-sao-joao-2023-de-campina-grande-acompanhe-votacao\/","title":{"rendered":"\u2018Chorei na vaquejada\u2019 \u00e9 eleita a m\u00fasica do S\u00e3o Jo\u00e3o 2023 de Campina Grande; acompanhe vota\u00e7\u00e3o"},"content":{"rendered":"   <img src=\"https:\/\/s2.glbimg.com\/vALyT56WnStjS7jpr7LFNfZcvYE=\/i.s3.glbimg.com\/v1\/AUTH_59edd422c0c84a879bd37670ae4f538a\/internal_photos\/bs\/2023\/f\/1\/ANNC4lSN6wS2oB8m07VA\/img-2965.jpeg\" \/><br \/>     M\u00fasica ficou famosa nas vozes de Eric Land e Tarc\u00edsio do Acordeon. Eric Land no S\u00e3o Jo\u00e3o 2023 de Campina Grande\nErickson Nogueira\/g1\nA m\u00fasica \u201cChorei na vaquejada\u201d foi eleita o hit do S\u00e3o Jo\u00e3o 2023 de Campina Grande pelos leitores do g1 Para\u00edba, por meio da vota\u00e7\u00e3o que ficou aberta durante 48 horas, entre a quinta-feira (28) e este s\u00e1bado (30). \nO sucesso \u00e9 uma composi\u00e7\u00e3o de Renatha Sales e Eric Land, que tamb\u00e9m \u00e9 uma das vozes da m\u00fasica. Foi na voz de Eric Land e Tarc\u00edsio do Acordeon que a can\u00e7\u00e3o ficou famosa. \nCompartilhe esta not\u00edcia pelo Whatsapp\nCompartilhe esta not\u00edcia pelo Telegram\nA sofr\u00eancia \u201cChorei na vaquejada\u201d n\u00e3o grudou s\u00f3 nas mentes, mas tamb\u00e9m nos cora\u00e7\u00f5es do p\u00fablico.\n\u201cChorei, na vaquejada eu chorei. Quando tocou a nossa m\u00fasica lembrei. Chorei, chorei, chorei, chorei\u201d, lamenta o refr\u00e3o.\nLEIA TAMB\u00c9M:\nS\u00c3O JO\u00c3O: piseiro \u00e9 destaque na programa\u00e7\u00e3o de Campina Grande em 2023\nA can\u00e7\u00e3o disputou o pr\u00eamio com outras quatro, que t\u00eam sido as mais tocadas durante os 32 dias de festa junina na cidade.\nParticiparam da disputa as seguintes m\u00fasicas (organizadas em ordem alfab\u00e9tica):\nAmericana na Vaquejada \u2013 4\u00aa colocada com 13,16% dos votos.\nKarolina \u2013 2\u00aa colocada com 29,08% dos votos.\nChorei na vaquejada \u2013 1\u00aa colocada com 39,49% dos votos.\nErro Gostoso \u2013 3\u00aa colocada com 15,13% dos votos.\nSinal \u2013 5\u00aa colocada com 3,14% dos votos.\nV\u00eddeos mais assistidos do g1 Para\u00edba  ","protected":false},"excerpt":{"rendered":"<p>        M\u00fasica ficou famosa nas vozes de Eric Land e Tarc\u00edsio do Acordeon. Eric Land no S\u00e3o Jo\u00e3o 2023 de Campina Grande<br \/>\nErickson Nogueira\/g1<br \/>\nA m\u00fasica \u201cChorei na vaquejada\u201d foi eleita o hit do S\u00e3o Jo\u00e3o 2023 de Campina Grande pelos leitores do g1 Para\u00edba&#8230;<\/p>\n","protected":false},"author":2,"featured_media":0,"comment_status":"closed","ping_status":"closed","sticky":false,"template":"","format":"standard","meta":{"advgb_blocks_editor_width":"","advgb_blocks_columns_visual_guide":"","footnotes":""},"categories":[34],"tags":[35],"class_list":["post-23529","post","type-post","status-publish","format-standard","hentry","category-g1","tag-g1"],"author_meta":{"display_name":"g1 &gt; Para\u00edba","author_link":"https:\/\/sindaopcpb.org.br\/author\/g1-paraiba\/"},"featured_img":null,"coauthors":[],"tax_additional":{"categories":{"linked":["<a href=\"https:\/\/sindaopcpb.org.br\/g1\/\" class=\"advgb-post-tax-term\">G1<\/a>"],"unlinked":["<span class=\"advgb-post-tax-term\">G1<\/span>"]},"tags":{"linked":["<a href=\"https:\/\/sindaopcpb.org.br\/g1\/\" class=\"advgb-post-tax-term\">g1<\/a>"],"unlinked":["<span class=\"advgb-post-tax-term\">g1<\/span>"]}},"comment_count":"0","relative_dates":{"created":"Publicado 3 anos atr\u00e1s","modified":"Atualizado 3 anos atr\u00e1s"},"absolute_dates":{"created":"Publicado em 1 de julho de 2023","modified":"Atualizado em 1 de julho de 2023"},"absolute_dates_time":{"created":"Publicado em 1 de julho de 2023 07:30","modified":"Atualizado em 1 de julho de 2023 07:30"},"featured_img_caption":"","series_order":"","_links":{"self":[{"href":"https:\/\/sindaopcpb.org.br\/index.php\/wp-json\/wp\/v2\/posts\/23529","targetHints":{"allow":["GET"]}}],"collection":[{"href":"https:\/\/sindaopcpb.org.br\/index.php\/wp-json\/wp\/v2\/posts"}],"about":[{"href":"https:\/\/sindaopcpb.org.br\/index.php\/wp-json\/wp\/v2\/types\/post"}],"author":[{"embeddable":true,"href":"https:\/\/sindaopcpb.org.br\/index.php\/wp-json\/wp\/v2\/users\/2"}],"replies":[{"embeddable":true,"href":"https:\/\/sindaopcpb.org.br\/index.php\/wp-json\/wp\/v2\/comments?post=23529"}],"version-history":[{"count":1,"href":"https:\/\/sindaopcpb.org.br\/index.php\/wp-json\/wp\/v2\/posts\/23529\/revisions"}],"predecessor-version":[{"id":23530,"href":"https:\/\/sindaopcpb.org.br\/index.php\/wp-json\/wp\/v2\/posts\/23529\/revisions\/23530"}],"wp:attachment":[{"href":"https:\/\/sindaopcpb.org.br\/index.php\/wp-json\/wp\/v2\/media?parent=23529"}],"wp:term":[{"taxonomy":"category","embeddable":true,"href":"https:\/\/sindaopcpb.org.br\/index.php\/wp-json\/wp\/v2\/categories?post=23529"},{"taxonomy":"post_tag","embeddable":true,"href":"https:\/\/sindaopcpb.org.br\/index.php\/wp-json\/wp\/v2\/tags?post=23529"}],"curies":[{"name":"wp","href":"https:\/\/api.w.org\/{rel}","templated":true}]}}